{"id":15157,"date":"2026-04-30T07:26:00","date_gmt":"2026-04-30T10:26:00","guid":{"rendered":"https:\/\/noticiasdeangostura.com.ar\/?p=15157"},"modified":"2026-04-30T07:26:00","modified_gmt":"2026-04-30T10:26:00","slug":"las-obras-de-escritores-neuquinos-cruzan-las-fronteras-del-pais","status":"publish","type":"post","link":"https:\/\/noticiasdeangostura.com.ar\/?p=15157","title":{"rendered":"Las obras de escritores neuquinos cruzan las fronteras del pa\u00eds"},"content":{"rendered":"<p> <br \/>\n<br \/><\/p>\n<p>En las Jornadas Profesionales, que se realizaron antes de que abran las puertas al p\u00fablico al tradicional evento, se comercializaron 150 ejemplares de autores de la provincia que llegar\u00e1n a Alemania y a distintos pa\u00edses iberoamericanos.<\/p>\n<div>\n<p>Los dos primeros d\u00edas de la Feria Internacional del Libro de Buenos Aires, que se realiza hasta el 11 de mayo, permitieron comercializar en el stand de Neuqu\u00e9n y a trav\u00e9s de las Jornadas Profesionales, 150 ejemplares de escritores de la provincia que trascender\u00e1n las fronteras del pa\u00eds.<\/p>\n<p>Las jornadas son el coraz\u00f3n estrat\u00e9gico de la Feria. Representan un espacio exclusivo de trabajo que ocurre justo antes de la apertura al p\u00fablico general, dise\u00f1ado para que todos los eslabones de la cadena de valor del libro interact\u00faen en un entorno puramente profesional.<\/p>\n<p>Este espacio re\u00fane a editores, libreros, distribuidores, agentes literarios, traductores, gestores, ilustradores y bibliotecarios culturales de todo el mundo.<\/p>\n<p>Desde la secretar\u00eda de Cultura se destac\u00f3 que la comercializaci\u00f3n de la obra neuquina <em>\u201ces un testimonio del valor y la calidad de la producci\u00f3n literaria regional, logrando posicionar nuestras voces en mercados y espacios de gran relevancia\u201d.<\/em><\/p>\n<p>Uno de esos mercados es el Instituto Ibero-Americano de Berl\u00edn (Alemania). Una selecci\u00f3n estrat\u00e9gica de estos libros ha sido adquirida por la prestigiosa entidad, lo que asegura que el pensamiento y la narrativa de los autores locales formen parte del acervo del centro de investigaci\u00f3n m\u00e1s importante de Europa dedicado a Am\u00e9rica Latina.<\/p>\n<p><strong>Peter Altekr\u00fcger<\/strong>, director de la biblioteca de ese Instituto, explic\u00f3 que <em>\u201cen Berl\u00edn tenemos la mayor biblioteca sobre Am\u00e9rica Latina y el Caribe de Europa y contamos con una colecci\u00f3n muy amplia de Argentina. Por eso viajamos regularmente a la feria, nos interesan mucho las publicaciones de las provincias, como las de la Patagonia\u201d.<\/em><\/p>\n<p>Indic\u00f3 que <em>\u201ctenemos una cita fija en la feria a trav\u00e9s de los a\u00f1os y de esta manera nos aseguramos que esta riqueza cultural regional est\u00e9 presente en Berl\u00edn y en Alemania. Tenemos m\u00e1s de 200 lectores que utilizan la biblioteca diariamente y que est\u00e1n muy agradecidos de esa riqueza que hay en este stand de la Patagonia\u201d.<\/em><\/p>\n<p>Tambi\u00e9n se concretaron ventas a importantes distribuidoras latinoamericanas, lo que garantiza que las obras de los escritores de la provincia crucen fronteras y lleguen a librer\u00edas de diversos pa\u00edses de la regi\u00f3n.<\/p>\n<p>Adem\u00e1s, ejemplares de autores locales han sido seleccionados por entidades como el Rinc\u00f3n del Anticuario, destacando el inter\u00e9s que genera el Fondo Editorial Neuquino en bibli\u00f3filos y especialistas.<\/p>\n<p>Editoriales<\/p>\n<p>Es importante destacar la fuerte presencia de editoriales neuquinas en la Feria del Libro. En total participan 27 editoriales, la mayor\u00eda de Neuqu\u00e9n capital y San Mart\u00edn de los Andes, lo que muestra polos culturales consolidados en estas zonas.<\/p>\n<p>Adem\u00e1s, la presencia de sellos en localidades como Chos Malal, Alumin\u00e9 y Villa La Angostura (a trav\u00e9s de bibliotecas populares), demuestra una valiosa descentralizaci\u00f3n de la producci\u00f3n literaria.<\/p>\n<p>Las editoriales que participan son AIK; ARS; Cosa Seria; Ediciones con doblezeta; El Fracaso; Hudson; Kiveve; Lalelilolu; Paquidermo; Pido la palabra; Ruedamares; SANTA; Tanta ceniza y Topos, de Neuqu\u00e9n capital.<\/p>\n<p>De San Mart\u00edn de los Andes est\u00e1n presentes Del Manzano; Ediciones de la Grieta; Ediciones Las Guachas; La Chascona; La punta del ovillo; Libros del Jorobado; Patalibro; P\u00f3lvora y Chimangos; y Salvaje Sur.<\/p>\n<p>De Villa La Angostura, Archivos del Sur (Biblioteca Popular Osvaldo Bayer); de Alumin\u00e9, Labiblio; de Chos Malal, Utop\u00eda Patagonia y de San Patricio del Cha\u00f1ar, Libella.<\/p>\n<p>En el stand de Neuqu\u00e9n participan 115 autores de 14 localidades y se exhiben 1.800 ejemplares que conforman una muestra bibliogr\u00e1fica de 195 t\u00edtulos representativos de producci\u00f3n local.<\/p>\n<\/p><\/div>\n<p><script type=\"437fc12f768627c774fcf2a8-text\/javascript\">\n    window.addEventListener('load', () => {\n        if (typeof FB !== 'undefined' && FB.init) {\n            \/\/ La SDK de Facebook est\u00e1 inicializada\n        } else {\n            \/\/ La SDK de Facebook no est\u00e1 inicializada\n            var script = document.createElement('script');\n            script.async = true;\n            script.defer = true;\n            script.crossOrigin = 'anonymous';\n            script.src=\"https:\/\/connect.facebook.net\/es_LA\/sdk.js#xfbml=1&version=v17.0&appId=868452105110858&autoLogAppEvents=1\";\n            script.nonce=\"eBgX2sTe\";\n            document.head.appendChild(script);\n        }\n        \/* FIX YOUTUBE (fix width) *\/\n        var youtubeIframes = document.querySelectorAll('iframe[src*=\"youtube.com\/embed\"]');\n        youtubeIframes.forEach(function(iframe) {\n            var containerWidth = iframe.parentElement.clientWidth || iframe.parentElement.offsetWidth;\n            if(containerWidth && iframe.width > containerWidth){\n                iframe.width = containerWidth;\n                iframe.height = (containerWidth \/ 16) * 9; \/\/ Assuming a 16:9 aspect ratio\n            }\n        });\n    });\n<\/script><\/p>\n","protected":false},"excerpt":{"rendered":"<p>En las Jornadas Profesionales, que se realizaron antes de que abran las puertas al p\u00fablico al tradicional evento, se comercializaron 150 ejemplares de autores de la provincia que llegar\u00e1n a Alemania y a distintos pa\u00edses iberoamericanos. Los dos primeros d\u00edas de la Feria Internacional del Libro de Buenos Aires, que se realiza hasta el 11 [&hellip;]<\/p>\n","protected":false},"author":1,"featured_media":15158,"comment_status":"","ping_status":"","sticky":false,"template":"","format":"standard","meta":{"_monsterinsights_skip_tracking":false,"_monsterinsights_sitenote_active":false,"_monsterinsights_sitenote_note":"","_monsterinsights_sitenote_category":0,"footnotes":"","jetpack_publicize_message":"","jetpack_publicize_feature_enabled":true,"jetpack_social_post_already_shared":true,"jetpack_social_options":{"image_generator_settings":{"template":"highway","default_image_id":0,"font":"","enabled":false},"version":2}},"categories":[4],"tags":[2636,29,2635,2637,129,386,287,809],"class_list":["post-15157","post","type-post","status-publish","format-standard","has-post-thumbnail","hentry","category-regionales","tag-cruzan","tag-del","tag-escritores","tag-fronteras","tag-las","tag-neuquinos","tag-obras","tag-pais"],"aioseo_notices":[],"jetpack_publicize_connections":[],"amp_enabled":true,"_links":{"self":[{"href":"https:\/\/noticiasdeangostura.com.ar\/index.php?rest_route=\/wp\/v2\/posts\/15157","targetHints":{"allow":["GET"]}}],"collection":[{"href":"https:\/\/noticiasdeangostura.com.ar\/index.php?rest_route=\/wp\/v2\/posts"}],"about":[{"href":"https:\/\/noticiasdeangostura.com.ar\/index.php?rest_route=\/wp\/v2\/types\/post"}],"author":[{"embeddable":true,"href":"https:\/\/noticiasdeangostura.com.ar\/index.php?rest_route=\/wp\/v2\/users\/1"}],"replies":[{"embeddable":true,"href":"https:\/\/noticiasdeangostura.com.ar\/index.php?rest_route=%2Fwp%2Fv2%2Fcomments&post=15157"}],"version-history":[{"count":0,"href":"https:\/\/noticiasdeangostura.com.ar\/index.php?rest_route=\/wp\/v2\/posts\/15157\/revisions"}],"wp:featuredmedia":[{"embeddable":true,"href":"https:\/\/noticiasdeangostura.com.ar\/index.php?rest_route=\/wp\/v2\/media\/15158"}],"wp:attachment":[{"href":"https:\/\/noticiasdeangostura.com.ar\/index.php?rest_route=%2Fwp%2Fv2%2Fmedia&parent=15157"}],"wp:term":[{"taxonomy":"category","embeddable":true,"href":"https:\/\/noticiasdeangostura.com.ar\/index.php?rest_route=%2Fwp%2Fv2%2Fcategories&post=15157"},{"taxonomy":"post_tag","embeddable":true,"href":"https:\/\/noticiasdeangostura.com.ar\/index.php?rest_route=%2Fwp%2Fv2%2Ftags&post=15157"}],"curies":[{"name":"wp","href":"https:\/\/api.w.org\/{rel}","templated":true}]}}