{"id":15159,"date":"2026-04-30T07:28:02","date_gmt":"2026-04-30T10:28:02","guid":{"rendered":"https:\/\/noticiasdeangostura.com.ar\/?p=15159"},"modified":"2026-04-30T07:28:02","modified_gmt":"2026-04-30T10:28:02","slug":"el-gobierno-presento-cambios-a-la-ley-de-salud-mental","status":"publish","type":"post","link":"https:\/\/noticiasdeangostura.com.ar\/?p=15159","title":{"rendered":"El Gobierno present\u00f3 cambios a la Ley de Salud Mental"},"content":{"rendered":"<p> <br \/>\n<br \/><\/p>\n<p>La iniciativa impulsada por el Ejecutivo propone modificar criterios de internaci\u00f3n, reforzar el rol de los equipos interdisciplinarios y ampliar la red de atenci\u00f3n para mejorar la respuesta a pacientes en todo el pa\u00eds.<\/p>\n<div>\n<p>El Gobierno nacional present\u00f3 en el Senado un proyecto para modificar la Ley de Salud Mental (N\u00b0 26.657), con el objetivo de actualizar el marco normativo y mejorar la respuesta del sistema frente a las necesidades de los pacientes.<\/p>\n<p>La iniciativa fue expuesta en una reuni\u00f3n plenaria de las comisiones de Salud y de Legislaci\u00f3n General, donde la directora nacional de Abordaje Integral de Salud Mental y Consumos Problem\u00e1ticos, <span class=\"hover:entity-accent entity-underline inline cursor-pointer align-baseline\"><span class=\"whitespace-normal\">Liliana Gonz\u00e1lez<\/span><\/span>, detall\u00f3 los principales cambios y respondi\u00f3 consultas de los legisladores.<\/p>\n<p>Seg\u00fan explic\u00f3 la funcionaria, el proyecto surge a partir del aporte de pacientes, familias, profesionales y organizaciones de todo el pa\u00eds, quienes se\u00f1alaron dificultades en la aplicaci\u00f3n actual de la ley. \u201cLa normativa, tal como est\u00e1, presenta obst\u00e1culos que impiden brindar una respuesta adecuada\u201d, sostuvo.<\/p>\n<p>Uno de los ejes centrales de la reforma es la modificaci\u00f3n de los criterios de internaci\u00f3n involuntaria. La propuesta busca reemplazar el concepto de \u201criesgo cierto e inminente\u201d por un enfoque situacional que contemple antecedentes y evoluci\u00f3n del paciente, con el fin de permitir intervenciones m\u00e1s preventivas.<\/p>\n<p>El proyecto tambi\u00e9n plantea sustituir el t\u00e9rmino \u201cpadecimiento mental\u201d por \u201ctrastorno mental\u201d, con el objetivo de precisar diagn\u00f3sticos y evitar interpretaciones err\u00f3neas en la pr\u00e1ctica cl\u00ednica. Adem\u00e1s, refuerza el rol del m\u00e9dico psiquiatra dentro del equipo interdisciplinario para definir internaciones, aunque prev\u00e9 excepciones en casos de urgencia.<\/p>\n<p class=\"noEditable noticia-relacionada\" data-id=\"332988\"><ampiframe src=\"https:\/\/www.noticiasnqn.com.ar\/api\/noticias\/332988\/relacionadas?amp=1\" layout=\"fixed-height\" sandbox=\"allow-top-navigation allow-top-navigation-by-user-activation allow-scripts \" height=\"100px\"> <b placeholder=\"\">Lee tambi\u00e9n: Figueroa anunci\u00f3 nuevos proyectos con RIGI tras reunirse con Luis Caputo<\/b> <\/ampiframe><\/p>\n<p>Entre otros cambios, se incorpora la evaluaci\u00f3n interdisciplinaria previa al alta de pacientes internados de manera voluntaria, el seguimiento judicial durante seis meses tras externaciones y una mayor responsabilidad de las familias en el acompa\u00f1amiento de los tratamientos.<\/p>\n<p>La iniciativa tambi\u00e9n propone ampliar la red de atenci\u00f3n, asignando a los hospitales generales el abordaje de casos leves y reservando las instituciones especializadas para situaciones m\u00e1s complejas.<\/p>\n<p>Con estas modificaciones, el Ejecutivo busca fortalecer la articulaci\u00f3n del sistema de salud mental y garantizar intervenciones m\u00e1s eficaces y homog\u00e9neas en todo el pa\u00eds.<\/p>\n<\/p><\/div>\n","protected":false},"excerpt":{"rendered":"<p>La iniciativa impulsada por el Ejecutivo propone modificar criterios de internaci\u00f3n, reforzar el rol de los equipos interdisciplinarios y ampliar la red de atenci\u00f3n para mejorar la respuesta a pacientes en todo el pa\u00eds. El Gobierno nacional present\u00f3 en el Senado un proyecto para modificar la Ley de Salud Mental (N\u00b0 26.657), con el objetivo [&hellip;]<\/p>\n","protected":false},"author":1,"featured_media":15160,"comment_status":"","ping_status":"","sticky":false,"template":"","format":"standard","meta":{"_monsterinsights_skip_tracking":false,"_monsterinsights_sitenote_active":false,"_monsterinsights_sitenote_note":"","_monsterinsights_sitenote_category":0,"footnotes":"","jetpack_publicize_message":"","jetpack_publicize_feature_enabled":true,"jetpack_social_post_already_shared":true,"jetpack_social_options":{"image_generator_settings":{"template":"highway","default_image_id":0,"font":"","enabled":false},"version":2}},"categories":[1],"tags":[],"class_list":["post-15159","post","type-post","status-publish","format-standard","has-post-thumbnail","hentry","category-ultimas-noticias"],"aioseo_notices":[],"jetpack_publicize_connections":[],"amp_enabled":true,"_links":{"self":[{"href":"https:\/\/noticiasdeangostura.com.ar\/index.php?rest_route=\/wp\/v2\/posts\/15159","targetHints":{"allow":["GET"]}}],"collection":[{"href":"https:\/\/noticiasdeangostura.com.ar\/index.php?rest_route=\/wp\/v2\/posts"}],"about":[{"href":"https:\/\/noticiasdeangostura.com.ar\/index.php?rest_route=\/wp\/v2\/types\/post"}],"author":[{"embeddable":true,"href":"https:\/\/noticiasdeangostura.com.ar\/index.php?rest_route=\/wp\/v2\/users\/1"}],"replies":[{"embeddable":true,"href":"https:\/\/noticiasdeangostura.com.ar\/index.php?rest_route=%2Fwp%2Fv2%2Fcomments&post=15159"}],"version-history":[{"count":0,"href":"https:\/\/noticiasdeangostura.com.ar\/index.php?rest_route=\/wp\/v2\/posts\/15159\/revisions"}],"wp:featuredmedia":[{"embeddable":true,"href":"https:\/\/noticiasdeangostura.com.ar\/index.php?rest_route=\/wp\/v2\/media\/15160"}],"wp:attachment":[{"href":"https:\/\/noticiasdeangostura.com.ar\/index.php?rest_route=%2Fwp%2Fv2%2Fmedia&parent=15159"}],"wp:term":[{"taxonomy":"category","embeddable":true,"href":"https:\/\/noticiasdeangostura.com.ar\/index.php?rest_route=%2Fwp%2Fv2%2Fcategories&post=15159"},{"taxonomy":"post_tag","embeddable":true,"href":"https:\/\/noticiasdeangostura.com.ar\/index.php?rest_route=%2Fwp%2Fv2%2Ftags&post=15159"}],"curies":[{"name":"wp","href":"https:\/\/api.w.org\/{rel}","templated":true}]}}