{"id":15161,"date":"2026-04-30T08:24:50","date_gmt":"2026-04-30T11:24:50","guid":{"rendered":"https:\/\/noticiasdeangostura.com.ar\/?p=15161"},"modified":"2026-04-30T08:24:50","modified_gmt":"2026-04-30T11:24:50","slug":"javier-milei-oficializo-a-lucila-crexell-la-exsenadora-de-neuquen-como-embajadora-en-canada","status":"publish","type":"post","link":"https:\/\/noticiasdeangostura.com.ar\/?p=15161","title":{"rendered":"Javier Milei oficializ\u00f3 a Lucila Crexell, la exsenadora de Neuqu\u00e9n, como embajadora en Canad\u00e1"},"content":{"rendered":"<p> <br \/>\n<\/p>\n<p>A principios de abril, el Senado aprob\u00f3 la designaci\u00f3n de la exsenadora de Neuqu\u00e9n, Lucila Crexell, como embajadora en Canad\u00e1, pero restaba que se oficializara mediante la publicaci\u00f3n del Bolet\u00edn Oficial. <\/p>\n<p>El Gobierno esper\u00f3 hasta que pasara todo el ajetreo que se arm\u00f3 previo a la exposici\u00f3n del jefe de Gabinete, Manuel Adorni, en Diputados y durante la madrugada de este 30 de abril public\u00f3 finalmente el decreto que oficializa el nuevo rol de la exlegisladora. <\/p>\n<p>Lucila Crexell es la nueva embajadora de Javier Milei en Canad\u00e1<\/p>\n<p>El gobernador de Neuqu\u00e9n, Rolando Figueroa, y su bloque de La Neuquinidad\u00a0fueron parte de quienes se posicionaron en contra de la postulaci\u00f3n de Lucila Crexell como nueva embajadora, a\u00fan as\u00ed el oficialismo la sostuvo como candidata.<\/p>\n<p>La designaci\u00f3n de Crexell estuvo cargada de cr\u00edticas debido a las denuncias de la oposici\u00f3n que planteaban que su postulaci\u00f3n se trat\u00f3 de una supuesta devoluci\u00f3n de favores por su voto a favor de la Ley Bases de Javier Milei. Pese a esto, a fines de marzo obtuvo dictamen favorable de la comisi\u00f3n\u00a0de Acuerdos del Senado y luego, el 9 de abril, en el Senado.<\/p>\n<p>As\u00ed fue como se lleg\u00f3 al Decreto 304\/2026 que se public\u00f3 esta madrugada en el Bolet\u00edn Oficial. En el mismo se remarca que Lucila Crexell asumir\u00e1 como \u00abembajadora extraordinaria y plenipotenciaria de la Rep\u00fablica Argentina en Canad\u00e1\u00bb, cargo que responde al Ministerio de Relaciones Exteriores, Comercio Internacional y Culto. <\/p>\n<p>El decreto fundamenta que la designaci\u00f3n cuenta con el acuerdo del Honorable Senado de la Naci\u00f3n, tambi\u00e9n indica que el Gobierno de Canad\u00e1 ya concedi\u00f3 el pl\u00e1cet de estilo correspondiente y por \u00faltimo subraya que \u00abse fundamenta en la Ley del Servicio Exterior de la Naci\u00f3n N\u00b0 20.957 y el art\u00edculo 99, inciso 7 de la Constituci\u00f3n Nacional\u00bb. <\/p>\n<p>La oficializaci\u00f3n de Crexell cont\u00f3 con las firmas del presidente Javier Milei y del canciller, Pablo Quirno. Sobre el final del decreto se informa que \u00ablos gastos derivados de este nombramiento se imputar\u00e1n a las partidas del Ministerio de Relaciones Exteriores, Comercio Internacional y Culto (Jurisdicci\u00f3n 35)\u00bb. <\/p>\n","protected":false},"excerpt":{"rendered":"<p>A principios de abril, el Senado aprob\u00f3 la designaci\u00f3n de la exsenadora de Neuqu\u00e9n, Lucila Crexell, como embajadora en Canad\u00e1, pero restaba que se oficializara mediante la publicaci\u00f3n del Bolet\u00edn Oficial. El Gobierno esper\u00f3 hasta que pasara todo el ajetreo que se arm\u00f3 previo a la exposici\u00f3n del jefe de Gabinete, Manuel Adorni, en Diputados [&hellip;]<\/p>\n","protected":false},"author":1,"featured_media":15162,"comment_status":"","ping_status":"","sticky":false,"template":"","format":"standard","meta":{"_monsterinsights_skip_tracking":false,"_monsterinsights_sitenote_active":false,"_monsterinsights_sitenote_note":"","_monsterinsights_sitenote_category":0,"footnotes":""},"categories":[5],"tags":[],"class_list":["post-15161","post","type-post","status-publish","format-standard","has-post-thumbnail","hentry","category-politica"],"aioseo_notices":[],"amp_enabled":true,"_links":{"self":[{"href":"https:\/\/noticiasdeangostura.com.ar\/index.php?rest_route=\/wp\/v2\/posts\/15161","targetHints":{"allow":["GET"]}}],"collection":[{"href":"https:\/\/noticiasdeangostura.com.ar\/index.php?rest_route=\/wp\/v2\/posts"}],"about":[{"href":"https:\/\/noticiasdeangostura.com.ar\/index.php?rest_route=\/wp\/v2\/types\/post"}],"author":[{"embeddable":true,"href":"https:\/\/noticiasdeangostura.com.ar\/index.php?rest_route=\/wp\/v2\/users\/1"}],"replies":[{"embeddable":true,"href":"https:\/\/noticiasdeangostura.com.ar\/index.php?rest_route=%2Fwp%2Fv2%2Fcomments&post=15161"}],"version-history":[{"count":0,"href":"https:\/\/noticiasdeangostura.com.ar\/index.php?rest_route=\/wp\/v2\/posts\/15161\/revisions"}],"wp:featuredmedia":[{"embeddable":true,"href":"https:\/\/noticiasdeangostura.com.ar\/index.php?rest_route=\/wp\/v2\/media\/15162"}],"wp:attachment":[{"href":"https:\/\/noticiasdeangostura.com.ar\/index.php?rest_route=%2Fwp%2Fv2%2Fmedia&parent=15161"}],"wp:term":[{"taxonomy":"category","embeddable":true,"href":"https:\/\/noticiasdeangostura.com.ar\/index.php?rest_route=%2Fwp%2Fv2%2Fcategories&post=15161"},{"taxonomy":"post_tag","embeddable":true,"href":"https:\/\/noticiasdeangostura.com.ar\/index.php?rest_route=%2Fwp%2Fv2%2Ftags&post=15161"}],"curies":[{"name":"wp","href":"https:\/\/api.w.org\/{rel}","templated":true}]}}