{"id":15163,"date":"2026-04-30T08:27:41","date_gmt":"2026-04-30T11:27:41","guid":{"rendered":"https:\/\/noticiasdeangostura.com.ar\/?p=15163"},"modified":"2026-04-30T08:27:41","modified_gmt":"2026-04-30T11:27:41","slug":"llego-mayo-cuales-son-los-aumentos-que-presionan-el-bolsillo","status":"publish","type":"post","link":"https:\/\/noticiasdeangostura.com.ar\/?p=15163","title":{"rendered":"Lleg\u00f3 mayo: cu\u00e1les son los aumentos que presionan el bolsillo"},"content":{"rendered":"<p> <br \/>\n<br \/><\/p>\n<p>Algunos servicios como prepagas, telecomunicaciones y otros ajustes regulados, vuelven a subir en un contexto de inflaci\u00f3n a\u00fan elevada.<\/p>\n<p>El mes de mayo implicar\u00e1 subas para las familias, en un contexto en donde la inflaci\u00f3n sigue golpeando. Foto: gentileza.<\/p>\n<div>\n<p>Mayo comenzar\u00e1 en el pa\u00eds con una nueva serie de <a href=\"https:\/\/www.alertadigital.ar\/noticias\/2026\/04\/27\/162945-pago-a-estatales-de-neuquen-cuando-se-abonan-y-cual-sera-el-aumento\">aumentos <\/a>en servicios esenciales, que volver\u00e1n a impactar en la econom\u00eda de los hogares y podr\u00edan ejercer presi\u00f3n sobre la inflaci\u00f3n.<\/p>\n<p>De acuerdo con estimaciones privadas, la <strong>inflaci\u00f3n de abril <\/strong>se ubicar\u00eda en torno al <strong>2,6%, por debajo del 3,4% registrado en marzo. <\/strong>Sin embargo, los ajustes que entran en vigencia desde mayo reavivan las alertas sobre la continuidad de subas en servicios regulados.<\/p>\n<h2>Las subas<\/h2>\n<p>Uno de los incrementos ya confirmados corresponde a las empresas de <strong>medicina prepaga<\/strong>, que aplicar\u00e1n aumentos de entre <strong>3% y 3,9% en el valor de sus cuotas.<\/strong> La actualizaci\u00f3n tambi\u00e9n alcanzar\u00e1 a los copagos, lo que encarece nuevamente el acceso al sistema de salud privado.<\/p>\n<p>En telecomunicaciones, <strong>Movistar inform\u00f3 una suba del 3,5% en sus planes m\u00f3viles<\/strong> a partir del 1\u00b0 de mayo. El ajuste se ver\u00e1 reflejado en las pr\u00f3ximas facturas de los usuarios.<\/p>\n<p>Estos aumentos se suman a otros incrementos habituales en <strong>transporte, energ\u00eda y servicios urbanos, <\/strong>en un contexto en el que muchas familias contin\u00faan reorganizando sus gastos y destinando una mayor parte de sus ingresos al pago de servicios, movilidad y consumos b\u00e1sicos.<\/p>\n<p>Los alimentos en el supermercado, tendr\u00e1n su impacto tambi\u00e9n: durante abril, <strong>los productos de panificaci\u00f3n, cereales y pastas encabezaron los incrementos con una suba semanal de 3,2%, seguidos por l\u00e1cteos y huevos (2,6%); y frutas (0,9%).<\/strong><\/p>\n<\/p><\/div>\n","protected":false},"excerpt":{"rendered":"<p>Algunos servicios como prepagas, telecomunicaciones y otros ajustes regulados, vuelven a subir en un contexto de inflaci\u00f3n a\u00fan elevada. El mes de mayo implicar\u00e1 subas para las familias, en un contexto en donde la inflaci\u00f3n sigue golpeando. Foto: gentileza. Mayo comenzar\u00e1 en el pa\u00eds con una nueva serie de aumentos en servicios esenciales, que volver\u00e1n [&hellip;]<\/p>\n","protected":false},"author":1,"featured_media":15164,"comment_status":"","ping_status":"","sticky":false,"template":"","format":"standard","meta":{"_monsterinsights_skip_tracking":false,"_monsterinsights_sitenote_active":false,"_monsterinsights_sitenote_note":"","_monsterinsights_sitenote_category":0,"footnotes":"","jetpack_publicize_message":"","jetpack_publicize_feature_enabled":true,"jetpack_social_post_already_shared":true,"jetpack_social_options":{"image_generator_settings":{"template":"highway","default_image_id":0,"font":"","enabled":false},"version":2}},"categories":[1],"tags":[],"class_list":["post-15163","post","type-post","status-publish","format-standard","has-post-thumbnail","hentry","category-ultimas-noticias"],"aioseo_notices":[],"jetpack_publicize_connections":[],"amp_enabled":true,"_links":{"self":[{"href":"https:\/\/noticiasdeangostura.com.ar\/index.php?rest_route=\/wp\/v2\/posts\/15163","targetHints":{"allow":["GET"]}}],"collection":[{"href":"https:\/\/noticiasdeangostura.com.ar\/index.php?rest_route=\/wp\/v2\/posts"}],"about":[{"href":"https:\/\/noticiasdeangostura.com.ar\/index.php?rest_route=\/wp\/v2\/types\/post"}],"author":[{"embeddable":true,"href":"https:\/\/noticiasdeangostura.com.ar\/index.php?rest_route=\/wp\/v2\/users\/1"}],"replies":[{"embeddable":true,"href":"https:\/\/noticiasdeangostura.com.ar\/index.php?rest_route=%2Fwp%2Fv2%2Fcomments&post=15163"}],"version-history":[{"count":0,"href":"https:\/\/noticiasdeangostura.com.ar\/index.php?rest_route=\/wp\/v2\/posts\/15163\/revisions"}],"wp:featuredmedia":[{"embeddable":true,"href":"https:\/\/noticiasdeangostura.com.ar\/index.php?rest_route=\/wp\/v2\/media\/15164"}],"wp:attachment":[{"href":"https:\/\/noticiasdeangostura.com.ar\/index.php?rest_route=%2Fwp%2Fv2%2Fmedia&parent=15163"}],"wp:term":[{"taxonomy":"category","embeddable":true,"href":"https:\/\/noticiasdeangostura.com.ar\/index.php?rest_route=%2Fwp%2Fv2%2Fcategories&post=15163"},{"taxonomy":"post_tag","embeddable":true,"href":"https:\/\/noticiasdeangostura.com.ar\/index.php?rest_route=%2Fwp%2Fv2%2Ftags&post=15163"}],"curies":[{"name":"wp","href":"https:\/\/api.w.org\/{rel}","templated":true}]}}