{"id":15169,"date":"2026-04-30T09:40:30","date_gmt":"2026-04-30T12:40:30","guid":{"rendered":"https:\/\/noticiasdeangostura.com.ar\/?p=15169"},"modified":"2026-04-30T09:40:30","modified_gmt":"2026-04-30T12:40:30","slug":"el-gobierno-oficializo-a-lucila-crexell-como-embajadora-en-canada","status":"publish","type":"post","link":"https:\/\/noticiasdeangostura.com.ar\/?p=15169","title":{"rendered":"El Gobierno oficializ\u00f3 a Lucila Crexell como embajadora en Canad\u00e1"},"content":{"rendered":"<p> <br \/>\n<br \/><\/p>\n<p>La decisi\u00f3n del gobierno de Javier Milei reaviva la pol\u00e9mica por su voto a favor de la Ley Bases. La designaci\u00f3n hab\u00eda sido cuestionada por distintos sectores pol\u00edticos.<\/p>\n<div>\n<p>El gobierno nacional oficializ\u00f3 la designaci\u00f3n de la exsenadora neuquina <span class=\"hover:entity-accent entity-underline inline cursor-pointer align-baseline\"><span class=\"whitespace-normal\">Lucila Crexell<\/span><\/span> como embajadora argentina en <span class=\"hover:entity-accent entity-underline inline cursor-pointer align-baseline\"><span class=\"whitespace-normal\">Canad\u00e1<\/span><\/span>, mediante el decreto 304\/2026 publicado en el Bolet\u00edn Oficial.<\/p>\n<p>La medida, firmada por el presidente <span class=\"hover:entity-accent entity-underline inline cursor-pointer align-baseline\"><span class=\"whitespace-normal\">Javier Milei<\/span><\/span> y el canciller <span class=\"hover:entity-accent entity-underline inline cursor-pointer align-baseline\"><span class=\"whitespace-normal\">Pablo Quirno<\/span><\/span>, se concret\u00f3 luego de que el Senado prestara acuerdo y de que el pa\u00eds norteamericano otorgara el correspondiente pl\u00e1cet diplom\u00e1tico.<\/p>\n<p>El nombramiento reactiva una fuerte controversia pol\u00edtica que se remonta a 2024, cuando Crexell vot\u00f3 a favor de la Ley Bases impulsada por el oficialismo, pese a haber manifestado inicialmente su rechazo. En ese contexto, surgieron versiones sobre una posible negociaci\u00f3n a cambio de un cargo diplom\u00e1tico.<\/p>\n<p class=\"noEditable noticia-relacionada\" data-id=\"333015\"><ampiframe src=\"https:\/\/www.noticiasnqn.com.ar\/api\/noticias\/333015\/relacionadas?amp=1\" layout=\"fixed-height\" sandbox=\"allow-top-navigation allow-top-navigation-by-user-activation allow-scripts \" height=\"100px\"> <b placeholder=\"\">Lee tambi\u00e9n: Rolando Figueroa destac\u00f3 avances en obras y competitividad para Vaca Muerta<\/b> <\/ampiframe><\/p>\n<p>La propia exsenadora reconoci\u00f3 en su momento que hab\u00eda recibido una oferta para ocupar una embajada \u2014originalmente en la Unesco, en Par\u00eds\u2014 aunque neg\u00f3 que estuviera vinculada a su voto en el Congreso.<\/p>\n<p>A ra\u00edz de estas sospechas, el abogado <span class=\"hover:entity-accent entity-underline inline cursor-pointer align-baseline\"><span class=\"whitespace-normal\">Federico Paruolo<\/span><\/span> present\u00f3 una denuncia por presuntas d\u00e1divas, que fue desestimada por la Justicia en abril de 2025 al considerar que no existi\u00f3 delito.<\/p>\n<p>El tema volvi\u00f3 a escena este a\u00f1o, cuando el Ejecutivo retom\u00f3 la intenci\u00f3n de designarla, esta vez como embajadora en Canad\u00e1, tras la finalizaci\u00f3n de su mandato en el Senado en diciembre pasado.<\/p>\n<p>La decisi\u00f3n tambi\u00e9n gener\u00f3 cr\u00edticas en Neuqu\u00e9n. El gobernador <span class=\"hover:entity-accent entity-underline inline cursor-pointer align-baseline\"><span class=\"whitespace-normal\">Rolando Figueroa<\/span><\/span> se distanci\u00f3 p\u00fablicamente de Crexell y cuestion\u00f3 su voto en la Ley Bases, marcando un quiebre pol\u00edtico entre ambos. Adem\u00e1s, anticip\u00f3 que el espacio provincial no acompa\u00f1ar\u00eda su pliego en la C\u00e1mara alta.<\/p>\n<p>Con la oficializaci\u00f3n del decreto, Crexell asumir\u00e1 funciones como Embajadora Extraordinaria y Plenipotenciaria, en una designaci\u00f3n que vuelve a poner en debate la relaci\u00f3n entre decisiones legislativas y nombramientos diplom\u00e1ticos.<\/p>\n<\/p><\/div>\n","protected":false},"excerpt":{"rendered":"<p>La decisi\u00f3n del gobierno de Javier Milei reaviva la pol\u00e9mica por su voto a favor de la Ley Bases. La designaci\u00f3n hab\u00eda sido cuestionada por distintos sectores pol\u00edticos. El gobierno nacional oficializ\u00f3 la designaci\u00f3n de la exsenadora neuquina Lucila Crexell como embajadora argentina en Canad\u00e1, mediante el decreto 304\/2026 publicado en el Bolet\u00edn Oficial. La [&hellip;]<\/p>\n","protected":false},"author":1,"featured_media":15170,"comment_status":"","ping_status":"","sticky":false,"template":"","format":"standard","meta":{"_monsterinsights_skip_tracking":false,"_monsterinsights_sitenote_active":false,"_monsterinsights_sitenote_note":"","_monsterinsights_sitenote_category":0,"footnotes":"","jetpack_publicize_message":"","jetpack_publicize_feature_enabled":true,"jetpack_social_post_already_shared":true,"jetpack_social_options":{"image_generator_settings":{"template":"highway","default_image_id":0,"font":"","enabled":false},"version":2}},"categories":[1],"tags":[],"class_list":["post-15169","post","type-post","status-publish","format-standard","has-post-thumbnail","hentry","category-ultimas-noticias"],"aioseo_notices":[],"jetpack_publicize_connections":[],"amp_enabled":true,"_links":{"self":[{"href":"https:\/\/noticiasdeangostura.com.ar\/index.php?rest_route=\/wp\/v2\/posts\/15169","targetHints":{"allow":["GET"]}}],"collection":[{"href":"https:\/\/noticiasdeangostura.com.ar\/index.php?rest_route=\/wp\/v2\/posts"}],"about":[{"href":"https:\/\/noticiasdeangostura.com.ar\/index.php?rest_route=\/wp\/v2\/types\/post"}],"author":[{"embeddable":true,"href":"https:\/\/noticiasdeangostura.com.ar\/index.php?rest_route=\/wp\/v2\/users\/1"}],"replies":[{"embeddable":true,"href":"https:\/\/noticiasdeangostura.com.ar\/index.php?rest_route=%2Fwp%2Fv2%2Fcomments&post=15169"}],"version-history":[{"count":0,"href":"https:\/\/noticiasdeangostura.com.ar\/index.php?rest_route=\/wp\/v2\/posts\/15169\/revisions"}],"wp:featuredmedia":[{"embeddable":true,"href":"https:\/\/noticiasdeangostura.com.ar\/index.php?rest_route=\/wp\/v2\/media\/15170"}],"wp:attachment":[{"href":"https:\/\/noticiasdeangostura.com.ar\/index.php?rest_route=%2Fwp%2Fv2%2Fmedia&parent=15169"}],"wp:term":[{"taxonomy":"category","embeddable":true,"href":"https:\/\/noticiasdeangostura.com.ar\/index.php?rest_route=%2Fwp%2Fv2%2Fcategories&post=15169"},{"taxonomy":"post_tag","embeddable":true,"href":"https:\/\/noticiasdeangostura.com.ar\/index.php?rest_route=%2Fwp%2Fv2%2Ftags&post=15169"}],"curies":[{"name":"wp","href":"https:\/\/api.w.org\/{rel}","templated":true}]}}