{"id":15171,"date":"2026-04-30T10:25:56","date_gmt":"2026-04-30T13:25:56","guid":{"rendered":"https:\/\/noticiasdeangostura.com.ar\/?p=15171"},"modified":"2026-04-30T10:25:56","modified_gmt":"2026-04-30T13:25:56","slug":"aprobaron-el-cambio-de-autoridades-en-el-dpa-con-el-nombramiento-de-nestor-perez","status":"publish","type":"post","link":"https:\/\/noticiasdeangostura.com.ar\/?p=15171","title":{"rendered":"Aprobaron el cambio de autoridades en el DPA con el nombramiento de N\u00e9stor P\u00e9rez"},"content":{"rendered":"<p> <br \/>\n<br \/><br \/>Fue tratado en la sesi\u00f3n de hoy en la Legislatura, a pedido del gobernador, Alberto Weretilneck, con motivo de una restructuraci\u00f3n.Luego del pedido del gobernador, Alberto Weretilneck, N\u00e9stor P\u00e9rez fue designado por la Legislatura como titular del DPA. Foto: gentileza (Gobierno de R\u00edo Negro)<br \/>\n    Se sigue desarrollando la primera sesi\u00f3n ordinaria en la Legislatura de R\u00edo Negro, que ser\u00e1 marat\u00f3nica. Uno de los temas que se trat\u00f3 antes de los proyectos fue la designaci\u00f3n de N\u00e9stor P\u00e9rez como superintendente general del Departamento Provincial de Aguas\u00a0(DPA).Te puede interesar:\u00a0Dos puntos principales dominar\u00e1n la pr\u00f3xima sesi\u00f3n de la Legislatura de R\u00edo NegroEl tratamiento de la designaci\u00f3n fue propuesto por el gobernador rionegrino, Alberto Weretilneck, como reemplazo de Gast\u00f3n Renda, quien pasar\u00e1 a desempe\u00f1arse en la presidencia de la empresa estatal Generaci\u00f3n y Riego SAU (GyRSAU). Se gener\u00f3 un debate, pero finalmente se aprob\u00f3 por unanimidad.M\u00e1s all\u00e1 de que prest\u00f3 acuerdo, el legislador Luciano Delgado Semp\u00e9 (Vamos con Todos), acot\u00f3: \u201cYa es el tercero que tenemos en 2 a\u00f1os y 4 meses. No estamos de acuerdo con que se cambie todos los a\u00f1os al superintendente\u201d.P\u00e9rez, es el actual Secretario de Energ\u00eda El\u00e9ctrica de R\u00edo Negro, tendr\u00e1 un nuevo desaf\u00edo en la provincia. La decisi\u00f3n forma parte de una visi\u00f3n estrat\u00e9gica impulsada por el gobernador.Dentro de sus argumentos, explic\u00f3 que se trata de alinear al DPA con los nuevos desaf\u00edos del desarrollo provincial y, al mismo tiempo, potenciar a GyRSAU como empresa estatal de servicios, con mayores posibilidades de crecimiento y expansi\u00f3n.<\/p>\n","protected":false},"excerpt":{"rendered":"<p>Fue tratado en la sesi\u00f3n de hoy en la Legislatura, a pedido del gobernador, Alberto Weretilneck, con motivo de una restructuraci\u00f3n.Luego del pedido del gobernador, Alberto Weretilneck, N\u00e9stor P\u00e9rez fue designado por la Legislatura como titular del DPA. Foto: gentileza (Gobierno de R\u00edo Negro) Se sigue desarrollando la primera sesi\u00f3n ordinaria en la Legislatura de [&hellip;]<\/p>\n","protected":false},"author":1,"featured_media":15172,"comment_status":"","ping_status":"","sticky":false,"template":"","format":"standard","meta":{"_monsterinsights_skip_tracking":false,"_monsterinsights_sitenote_active":false,"_monsterinsights_sitenote_note":"","_monsterinsights_sitenote_category":0,"footnotes":"","jetpack_publicize_message":"","jetpack_publicize_feature_enabled":true,"jetpack_social_post_already_shared":true,"jetpack_social_options":{"image_generator_settings":{"template":"highway","default_image_id":0,"font":"","enabled":false},"version":2}},"categories":[5],"tags":[],"class_list":["post-15171","post","type-post","status-publish","format-standard","has-post-thumbnail","hentry","category-politica"],"aioseo_notices":[],"jetpack_publicize_connections":[],"amp_enabled":true,"_links":{"self":[{"href":"https:\/\/noticiasdeangostura.com.ar\/index.php?rest_route=\/wp\/v2\/posts\/15171","targetHints":{"allow":["GET"]}}],"collection":[{"href":"https:\/\/noticiasdeangostura.com.ar\/index.php?rest_route=\/wp\/v2\/posts"}],"about":[{"href":"https:\/\/noticiasdeangostura.com.ar\/index.php?rest_route=\/wp\/v2\/types\/post"}],"author":[{"embeddable":true,"href":"https:\/\/noticiasdeangostura.com.ar\/index.php?rest_route=\/wp\/v2\/users\/1"}],"replies":[{"embeddable":true,"href":"https:\/\/noticiasdeangostura.com.ar\/index.php?rest_route=%2Fwp%2Fv2%2Fcomments&post=15171"}],"version-history":[{"count":0,"href":"https:\/\/noticiasdeangostura.com.ar\/index.php?rest_route=\/wp\/v2\/posts\/15171\/revisions"}],"wp:featuredmedia":[{"embeddable":true,"href":"https:\/\/noticiasdeangostura.com.ar\/index.php?rest_route=\/wp\/v2\/media\/15172"}],"wp:attachment":[{"href":"https:\/\/noticiasdeangostura.com.ar\/index.php?rest_route=%2Fwp%2Fv2%2Fmedia&parent=15171"}],"wp:term":[{"taxonomy":"category","embeddable":true,"href":"https:\/\/noticiasdeangostura.com.ar\/index.php?rest_route=%2Fwp%2Fv2%2Fcategories&post=15171"},{"taxonomy":"post_tag","embeddable":true,"href":"https:\/\/noticiasdeangostura.com.ar\/index.php?rest_route=%2Fwp%2Fv2%2Ftags&post=15171"}],"curies":[{"name":"wp","href":"https:\/\/api.w.org\/{rel}","templated":true}]}}