{"id":15175,"date":"2026-04-30T10:31:17","date_gmt":"2026-04-30T13:31:17","guid":{"rendered":"https:\/\/noticiasdeangostura.com.ar\/?p=15175"},"modified":"2026-04-30T10:31:17","modified_gmt":"2026-04-30T13:31:17","slug":"la-casa-de-los-espiritus-llego-a-prime-video-como-es-la-serie-basada-en-la-famosa-novela","status":"publish","type":"post","link":"https:\/\/noticiasdeangostura.com.ar\/?p=15175","title":{"rendered":"\u00abLa casa de los esp\u00edritus\u00bb lleg\u00f3 a Prime Video: c\u00f3mo es la serie basada en la famosa novela"},"content":{"rendered":"<p> <br \/>\n<br \/><\/p>\n<p>\t\t\t\t\t\tEste mi\u00e9rcoles 29 de abril, Prime Video estren\u00f3 La casa de los esp\u00edritus, una serie basada en la novela hom\u00f3nima de Isabel Allende, disponible en m\u00e1s de 240 pa\u00edses y territorios. Se trata de la primera adaptaci\u00f3n televisiva en espa\u00f1ol del libro publicado en 1982 y de una de las apuestas m\u00e1s ambiciosas del streaming para 2026.    La producci\u00f3n tuvo su presentaci\u00f3n oficial en el Festival Internacional de Cine de Berl\u00edn y, d\u00edas atr\u00e1s, realiz\u00f3 una alfombra roja en Chile. El lanzamiento marca un hito tanto por la escala del proyecto como por el involucramiento directo de la autora, que participa como productora ejecutiva, garantizando una fuerte fidelidad narrativa y cultural.    Conformada por ocho episodios, la serie propone una reconstrucci\u00f3n de m\u00e1s de medio siglo de historia latinoamericana, atravesada por la lucha de clases, los conflictos pol\u00edticos y los v\u00ednculos familiares. El estreno inicial incluy\u00f3 los tres primeros cap\u00edtulos, mientras que el resto se incorporar\u00e1 de manera progresiva al cat\u00e1logo.<\/p>\n<p>        Esto no les gusta a los autoritarios<\/p>\n<p>                El ejercicio del periodismo profesional y cr\u00edtico es un pilar fundamental de la democracia. Por eso molesta a quienes creen ser los due\u00f1os de la verdad.<\/p>\n<p>    \u00abEnvidiosa\u00bb, \u00abEl encargado\u00bb y todos los estrenos para ver este fin de semana largo en Netflix, Prime y Disney+    Desde la plataforma remarcan que se trata de un contenido pensado para audiencias globales, pero con una identidad regional marcada. La decisi\u00f3n de filmar \u00edntegramente en Chile y de trabajar con un equipo creativo latinoamericano fue central para diferenciar esta versi\u00f3n de adaptaciones previas, como la pel\u00edcula estrenada en 1993 y protagonizada por Meryl Streep.    De qu\u00e9 trata La casa de los esp\u00edritus    La serie articula su relato a partir de tres generaciones de mujeres -Clara, Blanca y Alba- cuyas vidas se entrelazan con la historia de un pa\u00eds sudamericano fracturado por tensiones sociales y pol\u00edticas. La narraci\u00f3n se organiza desde la voz de Alba, situada en los a\u00f1os 70, quien reconstruye el pasado familiar a partir de los diarios de su abuela Clara.    Ese vaiv\u00e9n temporal permite recorrer el ascenso econ\u00f3mico y la ca\u00edda moral de la familia Trueba, al tiempo que se integran elementos de realismo m\u00e1gico como parte natural de la vida cotidiana. Lejos de funcionar como ornamento, lo sobrenatural estructura la memoria y la transmisi\u00f3n generacional.    Netflix se prepara para la segunda temporada de El Eternauta    El eje patriarcal del relato est\u00e1 encarnado por Esteban Trueba, una figura atravesada por la ambici\u00f3n, la violencia estructural y los privilegios de clase. A su alrededor, la serie despliega una red de personajes que reflejan distintos sectores sociales y posiciones ideol\u00f3gicas del siglo XX chileno.    Blanca Trueba representa el cruce entre la herencia familiar y la rebeli\u00f3n \u00edntima, mientras que su v\u00ednculo con Pedro Tercero Garc\u00eda introduce la mirada campesina y el impulso de transformaci\u00f3n social. La historia avanza as\u00ed del conflicto individual al colectivo.        La serie permite recorrer el ascenso econ\u00f3mico y la ca\u00edda moral de la familia Trueba.        En la \u00faltima etapa, el foco se desplaza hacia Alba, cuya experiencia pone en primer plano la memoria, la represi\u00f3n y los derechos humanos. La serie asume all\u00ed un registro contempor\u00e1neo, dialogando con debates actuales sobre violencia pol\u00edtica y transmisi\u00f3n del trauma.    Seg\u00fan destacaron desde la producci\u00f3n, uno de los mayores desaf\u00edos fue trasladar al lenguaje audiovisual el equilibrio entre intimidad familiar e historia pol\u00edtica sin perder la densidad simb\u00f3lica del texto original.    El elenco, la producci\u00f3n y el aval de Isabel Allende    El reparto est\u00e1 encabezado por Alfonso Herrera como Esteban Trueba, acompa\u00f1ado por Dolores Fonzi y Nicole Wallace, quienes interpretan a Clara del Valle en distintas etapas de su vida. La construcci\u00f3n del personaje se apoya en un trabajo f\u00edsico y de caracterizaci\u00f3n que acompa\u00f1a el paso del tiempo.    Completan el elenco Fernanda Castillo (F\u00e9rula Trueba), Juan Pablo Raba (T\u00edo Marcos), Aline Kuppenheim (N\u00edvea del Valle), Eduard Fern\u00e1ndez (Severo del Valle), Fernanda Urrejola (Blanca Trueba adulta), Maribel Verd\u00fa (Tr\u00e1nsito Soto), Pablo Macaya (Pedro Tercero Garc\u00eda) y Nicol\u00e1s Francella (Miguel), entre otros.    Llega a Netflix la cuarta y \u00faltima temporada de \u00abEnvidiosa\u00bb: cu\u00e1ndo se estrena y c\u00f3mo sigue la trama    La serie fue filmada \u00edntegramente en Chile entre julio y noviembre de 2024, recorriendo diversas geograf\u00edas del pa\u00eds para respetar el entorno original de la novela. El casting reuni\u00f3 int\u00e9rpretes de Am\u00e9rica Latina y Espa\u00f1a, que trabajaron de manera espec\u00edfica los acentos.    El proyecto fue aprobado ese mismo a\u00f1o y cuenta con la producci\u00f3n de FilmNation Entertainment junto a F\u00e1bula, adem\u00e1s de la participaci\u00f3n de Eva Longoria como productora ejecutiva, lo que aport\u00f3 proyecci\u00f3n internacional sin diluir la identidad local.    Durante una proyecci\u00f3n exclusiva para la prensa, Isabel Allende envi\u00f3 un mensaje grabado en el que expres\u00f3 su entusiasmo por el resultado final. En ese video afirm\u00f3: \u201cHace 45 a\u00f1os, en este nuevo formato, que es la miniserie, realmente ese libro, esa historia de la cr\u00f3nica familiar, ha sobrevivido varias d\u00e9cadas y adem\u00e1s ha pasado por las manos de muchos creadores.    Netflix confirm\u00f3 la sexta y \u00faltima temporada de \u00abMachos Alfa\u00bb: cu\u00e1ndo se estrenar\u00eda y qu\u00e9 pasar\u00e1 con la trama    Y a\u00f1adi\u00f3: \u00abSe han hecho pel\u00edculas, se ha hecho ballet, se ha hecho muchas cosas con esto, y teatro tambi\u00e9n. Pero esta miniserie, ocho episodios, permite poner la historia completa. Y han hecho un trabajo absolutamente maravilloso. Yo acabo de ver todos los cap\u00edtulos juntos de nuevo y estoy encantada\u00bb.    \u201cMe conmueve que despu\u00e9s de tanto tiempo, la historia de esos parientes locos m\u00edos, todav\u00eda sigue dando vuelta por el mundo y tocando corazones. Les agradezco mucho que vean la miniserie y ojal\u00e1 la puedan recomendar a otras personas para que la vean tambi\u00e9n. Gracias\u201d, concluy\u00f3 en su mensaje.   <\/p>\n","protected":false},"excerpt":{"rendered":"<p>Este mi\u00e9rcoles 29 de abril, Prime Video estren\u00f3 La casa de los esp\u00edritus, una serie basada en la novela hom\u00f3nima de Isabel Allende, disponible en m\u00e1s de 240 pa\u00edses y territorios. Se trata de la primera adaptaci\u00f3n televisiva en espa\u00f1ol del libro publicado en 1982 y de una de las apuestas m\u00e1s ambiciosas del streaming [&hellip;]<\/p>\n","protected":false},"author":1,"featured_media":15176,"comment_status":"","ping_status":"","sticky":false,"template":"","format":"standard","meta":{"_monsterinsights_skip_tracking":false,"_monsterinsights_sitenote_active":false,"_monsterinsights_sitenote_note":"","_monsterinsights_sitenote_category":0,"footnotes":"","jetpack_publicize_message":"","jetpack_publicize_feature_enabled":true,"jetpack_social_post_already_shared":true,"jetpack_social_options":{"image_generator_settings":{"template":"highway","default_image_id":0,"font":"","enabled":false},"version":2}},"categories":[11],"tags":[],"class_list":["post-15175","post","type-post","status-publish","format-standard","has-post-thumbnail","hentry","category-actualidad"],"aioseo_notices":[],"jetpack_publicize_connections":[],"amp_enabled":true,"_links":{"self":[{"href":"https:\/\/noticiasdeangostura.com.ar\/index.php?rest_route=\/wp\/v2\/posts\/15175","targetHints":{"allow":["GET"]}}],"collection":[{"href":"https:\/\/noticiasdeangostura.com.ar\/index.php?rest_route=\/wp\/v2\/posts"}],"about":[{"href":"https:\/\/noticiasdeangostura.com.ar\/index.php?rest_route=\/wp\/v2\/types\/post"}],"author":[{"embeddable":true,"href":"https:\/\/noticiasdeangostura.com.ar\/index.php?rest_route=\/wp\/v2\/users\/1"}],"replies":[{"embeddable":true,"href":"https:\/\/noticiasdeangostura.com.ar\/index.php?rest_route=%2Fwp%2Fv2%2Fcomments&post=15175"}],"version-history":[{"count":0,"href":"https:\/\/noticiasdeangostura.com.ar\/index.php?rest_route=\/wp\/v2\/posts\/15175\/revisions"}],"wp:featuredmedia":[{"embeddable":true,"href":"https:\/\/noticiasdeangostura.com.ar\/index.php?rest_route=\/wp\/v2\/media\/15176"}],"wp:attachment":[{"href":"https:\/\/noticiasdeangostura.com.ar\/index.php?rest_route=%2Fwp%2Fv2%2Fmedia&parent=15175"}],"wp:term":[{"taxonomy":"category","embeddable":true,"href":"https:\/\/noticiasdeangostura.com.ar\/index.php?rest_route=%2Fwp%2Fv2%2Fcategories&post=15175"},{"taxonomy":"post_tag","embeddable":true,"href":"https:\/\/noticiasdeangostura.com.ar\/index.php?rest_route=%2Fwp%2Fv2%2Ftags&post=15175"}],"curies":[{"name":"wp","href":"https:\/\/api.w.org\/{rel}","templated":true}]}}