{"id":15177,"date":"2026-04-30T10:32:24","date_gmt":"2026-04-30T13:32:24","guid":{"rendered":"https:\/\/noticiasdeangostura.com.ar\/?p=15177"},"modified":"2026-04-30T10:32:24","modified_gmt":"2026-04-30T13:32:24","slug":"corte-de-luz-hizo-esperar-el-final-de-la-secuela-de-el-diablo-viste-a-la-moda","status":"publish","type":"post","link":"https:\/\/noticiasdeangostura.com.ar\/?p=15177","title":{"rendered":"Corte de luz hizo esperar el final de la secuela de El diablo viste a la moda"},"content":{"rendered":"<p> <br \/>\n<br \/><br \/>La avant premiere en el cine del Alto generaba gran expectativa, pero una falla el\u00e9ctrica dej\u00f3 al p\u00fablico sin el desenlace en condiciones y provoc\u00f3 confusi\u00f3n en los minutos finales.<br \/>\n    Neuqu\u00e9n.- La esperada avant premiere de la secuela de El diablo viste a la moda tuvo un cierre inesperado en un cine del Alto, donde un corte de luz interrumpi\u00f3 la proyecci\u00f3n en el momento m\u00e1s importante del film.El evento hab\u00eda comenzado con gran despliegue: invitados especiales, ambientaci\u00f3n tem\u00e1tica y merchandising acorde al universo de la moda. los cuales acompa\u00f1aron una noche marcada por el glamour y en sinton\u00eda con la pel\u00edcula. Lee tambi\u00e9n: Una moto y un auto chocaron cerca a la terminal: un motocicista herido  Sin embargo, cuando restaban apenas 15 minutos para el final, una falla el\u00e9ctrica dej\u00f3 la sala a oscuras durante m\u00e1s de un cuarto de hora, generando incertidumbre y malestar entre los presentes.Cuando el servicio se restableci\u00f3, los inconvenientes continuaron: el audio no coincid\u00eda con la imagen, lo que dificult\u00f3 la comprensi\u00f3n del desenlace y termin\u00f3 por empa\u00f1ar la experiencia.Lo que promet\u00eda ser una noche destacada para los fan\u00e1ticos del cine y la moda termin\u00f3 con un final accidentado, donde \u2014como dice el dicho\u2014 \u201cel diablo meti\u00f3 la cola\u201d.<\/p>\n","protected":false},"excerpt":{"rendered":"<p>La avant premiere en el cine del Alto generaba gran expectativa, pero una falla el\u00e9ctrica dej\u00f3 al p\u00fablico sin el desenlace en condiciones y provoc\u00f3 confusi\u00f3n en los minutos finales. Neuqu\u00e9n.- La esperada avant premiere de la secuela de El diablo viste a la moda tuvo un cierre inesperado en un cine del Alto, donde [&hellip;]<\/p>\n","protected":false},"author":1,"featured_media":15178,"comment_status":"","ping_status":"","sticky":false,"template":"","format":"standard","meta":{"_monsterinsights_skip_tracking":false,"_monsterinsights_sitenote_active":false,"_monsterinsights_sitenote_note":"","_monsterinsights_sitenote_category":0,"footnotes":"","jetpack_publicize_message":"","jetpack_publicize_feature_enabled":true,"jetpack_social_post_already_shared":true,"jetpack_social_options":{"image_generator_settings":{"template":"highway","default_image_id":0,"font":"","enabled":false},"version":2}},"categories":[9],"tags":[],"class_list":["post-15177","post","type-post","status-publish","format-standard","has-post-thumbnail","hentry","category-espectaculos-y-moda"],"aioseo_notices":[],"jetpack_publicize_connections":[],"amp_enabled":true,"_links":{"self":[{"href":"https:\/\/noticiasdeangostura.com.ar\/index.php?rest_route=\/wp\/v2\/posts\/15177","targetHints":{"allow":["GET"]}}],"collection":[{"href":"https:\/\/noticiasdeangostura.com.ar\/index.php?rest_route=\/wp\/v2\/posts"}],"about":[{"href":"https:\/\/noticiasdeangostura.com.ar\/index.php?rest_route=\/wp\/v2\/types\/post"}],"author":[{"embeddable":true,"href":"https:\/\/noticiasdeangostura.com.ar\/index.php?rest_route=\/wp\/v2\/users\/1"}],"replies":[{"embeddable":true,"href":"https:\/\/noticiasdeangostura.com.ar\/index.php?rest_route=%2Fwp%2Fv2%2Fcomments&post=15177"}],"version-history":[{"count":0,"href":"https:\/\/noticiasdeangostura.com.ar\/index.php?rest_route=\/wp\/v2\/posts\/15177\/revisions"}],"wp:featuredmedia":[{"embeddable":true,"href":"https:\/\/noticiasdeangostura.com.ar\/index.php?rest_route=\/wp\/v2\/media\/15178"}],"wp:attachment":[{"href":"https:\/\/noticiasdeangostura.com.ar\/index.php?rest_route=%2Fwp%2Fv2%2Fmedia&parent=15177"}],"wp:term":[{"taxonomy":"category","embeddable":true,"href":"https:\/\/noticiasdeangostura.com.ar\/index.php?rest_route=%2Fwp%2Fv2%2Fcategories&post=15177"},{"taxonomy":"post_tag","embeddable":true,"href":"https:\/\/noticiasdeangostura.com.ar\/index.php?rest_route=%2Fwp%2Fv2%2Ftags&post=15177"}],"curies":[{"name":"wp","href":"https:\/\/api.w.org\/{rel}","templated":true}]}}