{"id":15180,"date":"2026-04-30T11:28:35","date_gmt":"2026-04-30T14:28:35","guid":{"rendered":"https:\/\/noticiasdeangostura.com.ar\/?p=15180"},"modified":"2026-04-30T11:28:35","modified_gmt":"2026-04-30T14:28:35","slug":"el-registro-civil-movil-ya-tiene-su-cronograma-para-la-primera-quincena-de-mayo","status":"publish","type":"post","link":"https:\/\/noticiasdeangostura.com.ar\/?p=15180","title":{"rendered":"El Registro Civil M\u00f3vil ya tiene su cronograma para la primera quincena de mayo"},"content":{"rendered":"<p> <br \/>\n<br \/><\/p>\n<p>El dispositivo recorrer\u00e1 el paraje Lonco Lu\u00e1n, Paso Pino Hachado, El Huec\u00fa, Caviahue, San Patricio del Cha\u00f1ar, Neuqu\u00e9n capital y Rinc\u00f3n de los Sauces.<\/p>\n<div>\n<p>El cronograma de trabajo del Registro Civil M\u00f3vil para la primera quincena de mayo comprende diversas localidades de la provincia a fin de acercar servicios esenciales a la comunidad. El organismo dependiente del ministerio de Gobierno, Mujeres y Diversidad, iniciar\u00e1 su recorrido el lunes 4 de mayo en el paraje Lonco Lu\u00e1n, donde atender\u00e1 consultas y tr\u00e1mites de la comunidad mapuche Catal\u00e1n.<\/p>\n<p>El martes 5 se ubicar\u00e1 en el paso fronterizo Pino Hachado, sobre la ruta provincial 23, mientras que el mi\u00e9rcoles 6 brindar\u00e1 atenci\u00f3n en El Huec\u00fa, en la oficina seccional N\u00b01600, ubicada en Belgrano sin n\u00famero.<\/p>\n<p>El itinerario semanal continuar\u00e1 el jueves 7 y viernes 8 en Caviahue, en la Oficina Seccional N\u00b02702, ubicada sobre calle 8 de Abril sin n\u00famero.<\/p>\n<p>En tanto, el lunes 11 el dispositivo se trasladar\u00e1 al barrio 12 de Octubre de San Patricio del Cha\u00f1ar, y funcionar\u00e1 en el sal\u00f3n Nueva Esperanza, en la intersecci\u00f3n de Lago Ramos Mej\u00eda y Cerro Wayle. El martes 12 estar\u00e1 en la ciudad de Neuqu\u00e9n, en el barrio Cuenca XVI, en la esquina de Le\u00f3nidas Lamborghini y Juan Filloy.<\/p>\n<p>El recorrido de la primera quincena finalizar\u00e1 en Rinc\u00f3n de los Sauces, donde atender\u00e1 desde el mi\u00e9rcoles 13 al viernes 15 en la sede municipal, ubicada en Chos Malal 1277, en respuesta a la creciente demanda de tr\u00e1mites en la localidad de la regi\u00f3n Vaca Muerta.<\/p>\n<p>En todos los puntos, la atenci\u00f3n ser\u00e1 de 9 a 14, por orden de llegada y con un cupo m\u00e1ximo de 50 tr\u00e1mites diarios para DNI, pasaportes y cambios de domicilio. Para m\u00e1s informaci\u00f3n, se puede consultar el sitio oficial del organismo:\u00a0<a href=\"https:\/\/registrocivil.neuquen.gob.ar\/\" target=\"_blank\" rel=\"noopener\">https:\/\/registrocivil.neuquen.gob.ar\/<\/a>.<\/p>\n<\/p><\/div>\n<p><script type=\"10e9549ec1ff812291c3a6c9-text\/javascript\">\n    window.addEventListener('load', () => {\n        if (typeof FB !== 'undefined' && FB.init) {\n            \/\/ La SDK de Facebook est\u00e1 inicializada\n        } else {\n            \/\/ La SDK de Facebook no est\u00e1 inicializada\n            var script = document.createElement('script');\n            script.async = true;\n            script.defer = true;\n            script.crossOrigin = 'anonymous';\n            script.src=\"https:\/\/connect.facebook.net\/es_LA\/sdk.js#xfbml=1&version=v17.0&appId=868452105110858&autoLogAppEvents=1\";\n            script.nonce=\"eBgX2sTe\";\n            document.head.appendChild(script);\n        }\n        \/* FIX YOUTUBE (fix width) *\/\n        var youtubeIframes = document.querySelectorAll('iframe[src*=\"youtube.com\/embed\"]');\n        youtubeIframes.forEach(function(iframe) {\n            var containerWidth = iframe.parentElement.clientWidth || iframe.parentElement.offsetWidth;\n            if(containerWidth && iframe.width > containerWidth){\n                iframe.width = containerWidth;\n                iframe.height = (containerWidth \/ 16) * 9; \/\/ Assuming a 16:9 aspect ratio\n            }\n        });\n    });\n<\/script><script type=\"10e9549ec1ff812291c3a6c9-text\/javascript\">\n        window.addEventListener('load', () => {\n            if (typeof FB !== 'undefined' && FB.init) {\n                \/\/ La SDK de Facebook est\u00e1 inicializada\n            } else {\n                \/\/ La SDK de Facebook no est\u00e1 inicializada\n                var script = document.createElement('script');\n                script.async = true;\n                script.defer = true;\n                script.crossOrigin = 'anonymous';\n                script.src=\"https:\/\/connect.facebook.net\/es_LA\/sdk.js#xfbml=1&version=v17.0&appId=868452105110858&autoLogAppEvents=1\";\n                script.nonce=\"eBgX2sTe\";\n                document.head.appendChild(script);\n            }\n        });\n<\/script><\/p>\n","protected":false},"excerpt":{"rendered":"<p>El dispositivo recorrer\u00e1 el paraje Lonco Lu\u00e1n, Paso Pino Hachado, El Huec\u00fa, Caviahue, San Patricio del Cha\u00f1ar, Neuqu\u00e9n capital y Rinc\u00f3n de los Sauces. El cronograma de trabajo del Registro Civil M\u00f3vil para la primera quincena de mayo comprende diversas localidades de la provincia a fin de acercar servicios esenciales a la comunidad. El organismo [&hellip;]<\/p>\n","protected":false},"author":1,"featured_media":15181,"comment_status":"","ping_status":"","sticky":false,"template":"","format":"standard","meta":{"_monsterinsights_skip_tracking":false,"_monsterinsights_sitenote_active":false,"_monsterinsights_sitenote_note":"","_monsterinsights_sitenote_category":0,"footnotes":"","jetpack_publicize_message":"","jetpack_publicize_feature_enabled":true,"jetpack_social_post_already_shared":true,"jetpack_social_options":{"image_generator_settings":{"template":"highway","default_image_id":0,"font":"","enabled":false},"version":2}},"categories":[4],"tags":[813,816,2054,814,50,1376,818,812,811],"class_list":["post-15180","post","type-post","status-publish","format-standard","has-post-thumbnail","hentry","category-regionales","tag-civil","tag-cronograma","tag-mayo","tag-movil","tag-para","tag-primera","tag-quincena","tag-registro","tag-tiene"],"aioseo_notices":[],"jetpack_publicize_connections":[],"amp_enabled":true,"_links":{"self":[{"href":"https:\/\/noticiasdeangostura.com.ar\/index.php?rest_route=\/wp\/v2\/posts\/15180","targetHints":{"allow":["GET"]}}],"collection":[{"href":"https:\/\/noticiasdeangostura.com.ar\/index.php?rest_route=\/wp\/v2\/posts"}],"about":[{"href":"https:\/\/noticiasdeangostura.com.ar\/index.php?rest_route=\/wp\/v2\/types\/post"}],"author":[{"embeddable":true,"href":"https:\/\/noticiasdeangostura.com.ar\/index.php?rest_route=\/wp\/v2\/users\/1"}],"replies":[{"embeddable":true,"href":"https:\/\/noticiasdeangostura.com.ar\/index.php?rest_route=%2Fwp%2Fv2%2Fcomments&post=15180"}],"version-history":[{"count":0,"href":"https:\/\/noticiasdeangostura.com.ar\/index.php?rest_route=\/wp\/v2\/posts\/15180\/revisions"}],"wp:featuredmedia":[{"embeddable":true,"href":"https:\/\/noticiasdeangostura.com.ar\/index.php?rest_route=\/wp\/v2\/media\/15181"}],"wp:attachment":[{"href":"https:\/\/noticiasdeangostura.com.ar\/index.php?rest_route=%2Fwp%2Fv2%2Fmedia&parent=15180"}],"wp:term":[{"taxonomy":"category","embeddable":true,"href":"https:\/\/noticiasdeangostura.com.ar\/index.php?rest_route=%2Fwp%2Fv2%2Fcategories&post=15180"},{"taxonomy":"post_tag","embeddable":true,"href":"https:\/\/noticiasdeangostura.com.ar\/index.php?rest_route=%2Fwp%2Fv2%2Ftags&post=15180"}],"curies":[{"name":"wp","href":"https:\/\/api.w.org\/{rel}","templated":true}]}}