{"id":15182,"date":"2026-04-30T11:52:07","date_gmt":"2026-04-30T14:52:07","guid":{"rendered":"https:\/\/noticiasdeangostura.com.ar\/?p=15182"},"modified":"2026-04-30T11:52:07","modified_gmt":"2026-04-30T14:52:07","slug":"bertolini-hablo-tras-el-fallo-querian-imponerme-una-domiciliaria-por-una-causa-inventada","status":"publish","type":"post","link":"https:\/\/noticiasdeangostura.com.ar\/?p=15182","title":{"rendered":"Bertolini habl\u00f3 tras el fallo: \u201cQuer\u00edan imponerme una domiciliaria por una causa inventada\u201d"},"content":{"rendered":"<p> <br \/>\n<br \/><\/p>\n<p>El intendente de Plottier cuestion\u00f3 con dureza a la fiscal\u00eda tras el rechazo de la prisi\u00f3n domiciliaria. Denunci\u00f3 una \u201cpersecuci\u00f3n pol\u00edtica\u201d y defendi\u00f3 su gesti\u00f3n.<\/p>\n<div>\n<p>El intendente de <span class=\"hover:entity-accent entity-underline inline cursor-pointer align-baseline\"><span class=\"whitespace-normal\">Plottier<\/span><\/span>, <span class=\"hover:entity-accent entity-underline inline cursor-pointer align-baseline\"><span class=\"whitespace-normal\">Luis Bertolini<\/span><\/span>, brind\u00f3 una conferencia de prensa este jueves tras la decisi\u00f3n judicial que rechaz\u00f3 el pedido de prisi\u00f3n domiciliaria en su contra. En ese marco, apunt\u00f3 directamente contra la fiscal\u00eda y calific\u00f3 la causa como \u201cinventada\u201d.<\/p>\n<p>\u201cEstas mentiras y esta persecuci\u00f3n a los empleados p\u00fablicos no tienen sentido. Jam\u00e1s estuve en una situaci\u00f3n irregular, todo lo contrario\u201d, afirm\u00f3 el jefe comunal.<\/p>\n<p class=\"noEditable noticia-relacionada\" data-id=\"333036\"><ampiframe src=\"https:\/\/www.noticiasnqn.com.ar\/api\/noticias\/333036\/relacionadas?amp=1\" layout=\"fixed-height\" sandbox=\"allow-top-navigation allow-top-navigation-by-user-activation allow-scripts \" height=\"100px\"> <b placeholder=\"\">Lee tambi\u00e9n: Golpe al narcotr\u00e1fico: 6 detenidos, drogas incautadas y tres casas clausuradas en \u201cLa Familia\u201d<\/b> <\/ampiframe><\/p>\n<h3>Cr\u00edticas a la fiscal\u00eda y denuncia de persecuci\u00f3n pol\u00edtica<\/h3>\n<p>Durante su exposici\u00f3n, Bertolini sostuvo que el proceso judicial tiene un trasfondo pol\u00edtico y cuestion\u00f3 el accionar del Ministerio P\u00fablico Fiscal.<\/p>\n<p>\u201cEl pueblo de Plottier no se merece estas acciones que se estaban llevando adelante. No tienen otro origen que pol\u00edtico, buscan poner a otra persona en mi lugar\u201d, asegur\u00f3.<\/p>\n<p>En ese sentido, remarc\u00f3 que no permitir\u00e1 ese tipo de maniobras y defendi\u00f3 su trayectoria en la gesti\u00f3n p\u00fablica.<\/p>\n<p class=\"noEditable noticia-relacionada\" data-id=\"333003\"><ampiframe src=\"https:\/\/www.noticiasnqn.com.ar\/api\/noticias\/333003\/relacionadas?amp=1\" layout=\"fixed-height\" sandbox=\"allow-top-navigation allow-top-navigation-by-user-activation allow-scripts \" height=\"100px\"> <b placeholder=\"\">Lee tambi\u00e9n: Corte de luz hizo esperar el final de la secuela de El diablo viste a la moda<\/b> <\/ampiframe><\/p>\n<h3>\u201cQuisieron imponerme una prisi\u00f3n domiciliaria\u201d<\/h3>\n<p>El intendente tambi\u00e9n se refiri\u00f3 al pedido de prisi\u00f3n preventiva domiciliaria impulsado por la fiscal\u00eda, que finalmente fue rechazado por la jueza <span class=\"hover:entity-accent entity-underline inline cursor-pointer align-baseline\"><span class=\"whitespace-normal\">Carina \u00c1lvarez<\/span><\/span>.<\/p>\n<p>\u201cQuerer imponerme una domiciliaria diciendo que pod\u00eda influir en testigos por estas causas inventadas fue aberrante\u201d, sostuvo.<\/p>\n<p>Adem\u00e1s, relat\u00f3 el impacto personal del proceso judicial, al mencionar los allanamientos en su vivienda y la situaci\u00f3n vivida junto a su familia.<\/p>\n<p class=\"noEditable noticia-relacionada\" data-id=\"333006\"><ampiframe src=\"https:\/\/www.noticiasnqn.com.ar\/api\/noticias\/333006\/relacionadas?amp=1\" layout=\"fixed-height\" sandbox=\"allow-top-navigation allow-top-navigation-by-user-activation allow-scripts \" height=\"100px\"> <b placeholder=\"\">Lee tambi\u00e9n: Neuqu\u00e9n impulsa el agroturismo con un encuentro provincial<\/b> <\/ampiframe><\/p>\n<h3>Defensa de su gesti\u00f3n y respaldo a empleados p\u00fablicos<\/h3>\n<p>Bertolini destac\u00f3 su v\u00ednculo con los trabajadores municipales y rechaz\u00f3 las acusaciones que lo involucran.<\/p>\n<p>\u201cSiempre trabaj\u00e9 para dignificar a los empleados p\u00fablicos: pagar sueldos, mejorar condiciones laborales y respetarlos\u201d, expres\u00f3.<\/p>\n<h3>El fallo judicial y el respaldo a su defensa<\/h3>\n<p>El jefe comunal valor\u00f3 la resoluci\u00f3n que le permiti\u00f3 continuar en libertad y asegur\u00f3 que la decisi\u00f3n de la Justicia le dio la raz\u00f3n.<\/p>\n<p>Tambi\u00e9n agradeci\u00f3 el trabajo de su abogado defensor, a quien destac\u00f3 por su actuaci\u00f3n durante la audiencia de formulaci\u00f3n de cargos.<\/p>\n<p>El intendente permanece imputado en una causa por presuntas negociaciones incompatibles con la funci\u00f3n p\u00fablica, mientras contin\u00faa el proceso judicial.<\/p>\n<p><iframe style=\"border: none; overflow: hidden;\" src=\"https:\/\/www.facebook.com\/plugins\/video.php?height=476&#038;href=https%3A%2F%2Fwww.facebook.com%2FTopnoticias999%2Fvideos%2F1686069249505547%2F&#038;show_text=false&#038;width=267&#038;t=0\" width=\"267\" height=\"476\" frameborder=\"0\" scrolling=\"no\" allowfullscreen=\"allowfullscreen\"><\/iframe><\/p>\n<\/p><\/div>\n","protected":false},"excerpt":{"rendered":"<p>El intendente de Plottier cuestion\u00f3 con dureza a la fiscal\u00eda tras el rechazo de la prisi\u00f3n domiciliaria. Denunci\u00f3 una \u201cpersecuci\u00f3n pol\u00edtica\u201d y defendi\u00f3 su gesti\u00f3n. El intendente de Plottier, Luis Bertolini, brind\u00f3 una conferencia de prensa este jueves tras la decisi\u00f3n judicial que rechaz\u00f3 el pedido de prisi\u00f3n domiciliaria en su contra. En ese marco, [&hellip;]<\/p>\n","protected":false},"author":1,"featured_media":15183,"comment_status":"","ping_status":"","sticky":false,"template":"","format":"standard","meta":{"_monsterinsights_skip_tracking":false,"_monsterinsights_sitenote_active":false,"_monsterinsights_sitenote_note":"","_monsterinsights_sitenote_category":0,"footnotes":"","jetpack_publicize_message":"","jetpack_publicize_feature_enabled":true,"jetpack_social_post_already_shared":true,"jetpack_social_options":{"image_generator_settings":{"template":"highway","default_image_id":0,"font":"","enabled":false},"version":2}},"categories":[1],"tags":[],"class_list":["post-15182","post","type-post","status-publish","format-standard","has-post-thumbnail","hentry","category-ultimas-noticias"],"aioseo_notices":[],"jetpack_publicize_connections":[],"amp_enabled":true,"_links":{"self":[{"href":"https:\/\/noticiasdeangostura.com.ar\/index.php?rest_route=\/wp\/v2\/posts\/15182","targetHints":{"allow":["GET"]}}],"collection":[{"href":"https:\/\/noticiasdeangostura.com.ar\/index.php?rest_route=\/wp\/v2\/posts"}],"about":[{"href":"https:\/\/noticiasdeangostura.com.ar\/index.php?rest_route=\/wp\/v2\/types\/post"}],"author":[{"embeddable":true,"href":"https:\/\/noticiasdeangostura.com.ar\/index.php?rest_route=\/wp\/v2\/users\/1"}],"replies":[{"embeddable":true,"href":"https:\/\/noticiasdeangostura.com.ar\/index.php?rest_route=%2Fwp%2Fv2%2Fcomments&post=15182"}],"version-history":[{"count":0,"href":"https:\/\/noticiasdeangostura.com.ar\/index.php?rest_route=\/wp\/v2\/posts\/15182\/revisions"}],"wp:featuredmedia":[{"embeddable":true,"href":"https:\/\/noticiasdeangostura.com.ar\/index.php?rest_route=\/wp\/v2\/media\/15183"}],"wp:attachment":[{"href":"https:\/\/noticiasdeangostura.com.ar\/index.php?rest_route=%2Fwp%2Fv2%2Fmedia&parent=15182"}],"wp:term":[{"taxonomy":"category","embeddable":true,"href":"https:\/\/noticiasdeangostura.com.ar\/index.php?rest_route=%2Fwp%2Fv2%2Fcategories&post=15182"},{"taxonomy":"post_tag","embeddable":true,"href":"https:\/\/noticiasdeangostura.com.ar\/index.php?rest_route=%2Fwp%2Fv2%2Ftags&post=15182"}],"curies":[{"name":"wp","href":"https:\/\/api.w.org\/{rel}","templated":true}]}}