{"id":15194,"date":"2026-04-30T13:29:40","date_gmt":"2026-04-30T16:29:40","guid":{"rendered":"https:\/\/noticiasdeangostura.com.ar\/?p=15194"},"modified":"2026-04-30T13:29:40","modified_gmt":"2026-04-30T16:29:40","slug":"moquehue-a-caballo-una-aventura-entre-lagos-y-montanas","status":"publish","type":"post","link":"https:\/\/noticiasdeangostura.com.ar\/?p=15194","title":{"rendered":"Moquehue a caballo: una aventura entre lagos y monta\u00f1as"},"content":{"rendered":"<p> <br \/>\n<br \/><\/p>\n<p>Con m\u00e1s de dos d\u00e9cadas de trabajo junto a los caballos, el prestador Jos\u00e9 Mar\u00eda Cordero, de Cabalgatas Arroyo Verde, comparte una historia atravesada por el esfuerzo, la familia y el amor por la actividad.<\/p>\n<div>\n<p>A orillas del lago Moquehue, donde el paisaje parece detener el tiempo, la historia de <strong>Jos\u00e9 Mar\u00eda Cordero<\/strong> se escribe al ritmo del tropel de sus caballos. Prestador de cabalgatas habilitado por el ministerio de Turismo, Ambiente y Recursos Naturales, lleva m\u00e1s de 25 a\u00f1os dedicado a una actividad que, m\u00e1s que un trabajo, es una forma de vida.<\/p>\n<p><em>\u201cNosotros hacemos cabalgatas guiadas en el lago Moquehue, y tenemos distintos tipos de cabalgatas\u201d,<\/em>\u00a0cuenta Jos\u00e9, con la serenidad de quien conoce cada sendero. Su propuesta incluye recorridos que\u00a0<em>\u201cvan desde las 2 horas, que es un recorrido que hacemos 3 veces por d\u00eda\u201d,<\/em>\u00a0hasta experiencias m\u00e1s extensas.<\/p>\n<p>Pero tambi\u00e9n hay lugar para la aventura profunda. <em>\u201cHacemos cabalgatas de 3 a 4 d\u00edas de duraci\u00f3n en diferentes puntos. Es m\u00e1s compleja este tipo de cabalgatas, es otra experiencia\u201d,<\/em>\u00a0explica, marcando la diferencia entre el paseo y la inmersi\u00f3n total en la monta\u00f1a.<\/p>\n<p>La din\u00e1mica del trabajo est\u00e1 marcada por el pulso de las estaciones.\u00a0<em>\u201cTenemos paseos diarios de 2 horas, cada paseo que hacemos al d\u00eda, todos los d\u00edas en temporada de verano que es donde m\u00e1s trabajamos\u201d,<\/em>\u00a0detalla y agrega:\u00a0<em>\u201cEn invierno mandamos a los caballos a descansar a un campo, porque cuando hay mucha nieve no podemos trabajar tanto la demanda de turismo\u201d.<\/em><\/p>\n<p>Sin embargo, la pasi\u00f3n no se detiene del todo.\u00a0<em>\u201cPara estas \u00e9pocas intermedias tenemos 3 o 4 caballos para salidas reducidas, de 2 o 3 personas. Se puede hacer y organizar bien\u201d,<\/em>\u00a0afirma dejando en claro que siempre hay una forma de mantener viva la actividad.<\/p>\n<p>El emprendimiento Cabalgatas Arroyo Verde naci\u00f3 en 1998 en Villa Pehuenia, y desde entonces no dej\u00f3 de crecer. Con una tropilla de caballos d\u00f3ciles y entrenados, la propuesta permite que cualquier persona pueda vivir la experiencia, incluso sin conocimientos previos.<\/p>\n<p>Uno de los recorridos m\u00e1s elegidos es el de dos horas y media, que avanza por el Arroyo Verde hasta la base del cord\u00f3n monta\u00f1oso Bella Durmiente, en un entorno que combina bosque, agua y monta\u00f1a.<\/p>\n<p>Detr\u00e1s de cada salida hay una historia familiar. <strong>\u00c1lvaro Cordero<\/strong>, hijo de Jos\u00e9, es quien pone en palabras el camino recorrido:\u00a0<em>\u201cLa habilitaci\u00f3n la obtuvimos a partir de que el a\u00f1o pasado desde turismo de la provincia ofrecieron un curso para uno poder realizarlo y poder habilitarse\u201d.<\/em><\/p>\n<p>Ese proceso marc\u00f3 un antes y un despu\u00e9s.\u00a0<em>\u201cFomentaron en el mismo curso el tema de la habilitaci\u00f3n con el Tramitur. El portal facilita mucho, esto se hizo m\u00e1s accesible. Lo obtuvimos hace muy poco, la habilitaci\u00f3n definitiva, bienvenidos sea, estamos muy contentos\u201d,<\/em>\u00a0relata.<\/p>\n<p>Para su padre, el logro tiene un valor especial.\u00a0<em>\u201cHace tantos a\u00f1os que \u00e9l viene con esto, que haber formalizado la verdad que es excelente\u201d,<\/em>\u00a0afirma \u00c1lvaro. El camino no fue sencillo.\u00a0<em>\u201cFue un sacrificio. Para mi pap\u00e1 tener que irse, se iba hasta Villa Traful a hacer el curso, muchas horas de viaje. Pero bueno, lo cumpli\u00f3\u201d,<\/em>\u00a0recuerda, poniendo en dimensi\u00f3n el esfuerzo detr\u00e1s del proceso.<\/p>\n<p>La experiencia con el acompa\u00f1amiento institucional tambi\u00e9n dej\u00f3 una huella positiva.\u00a0<em>\u201cEstamos muy conformes y la verdad que la gente de turismo, un 10. Porque ante cualquier duda sobre un requisito, sobre qu\u00e9 presentar, siempre estaban a disposici\u00f3n\u201d<\/em>, destaca.<\/p>\n<p>Pero si hay algo que define esta historia, es el v\u00ednculo con los caballos.\u00a0<em>\u201cMi padre es un fan\u00e1tico de estos animales. Toda su vida estuvo vinculada con ellos\u201d<\/em>, dice \u00c1lvaro. <em>\u201cDesde que yo tengo uso de raz\u00f3n, mi pap\u00e1 siempre estuvo trabajando con los caballos\u201d<\/em>, asegura<em>.<\/em><\/p>\n<p>Ese legado se proyecta en cada cabalgata que recorre circuitos como el lago Moquehue, la Laguna Coraz\u00f3n, el R\u00edo Litr\u00e1n o el volc\u00e1n Batea Mahuida, siempre respetando las normativas y el entorno natural.<\/p>\n<p>Entre monta\u00f1as, senderos y recuerdos, Jos\u00e9 Mar\u00eda Cordero sigue haciendo lo que ama. Con la habilitaci\u00f3n provincial en mano, ese camino de toda una vida suma un nuevo cap\u00edtulo: el del reconocimiento a una historia construida con esfuerzo, familia y pasi\u00f3n.<\/p>\n<p><strong>Contacto<\/strong><\/p>\n<p>Cabalgatas Arroyo Verde<\/p>\n<p><a href=\"http:\/\/www.arroyoverdemoquehue.com\/\">www.arroyoverdemoquehue.com<\/a><\/p>\n<p>Instagram: @cabalgatasarroyo<\/p>\n<\/p><\/div>\n<p><script type=\"9c313af4793f02bffef3c4b0-text\/javascript\">\n    window.addEventListener('load', () => {\n        if (typeof FB !== 'undefined' && FB.init) {\n            \/\/ La SDK de Facebook est\u00e1 inicializada\n        } else {\n            \/\/ La SDK de Facebook no est\u00e1 inicializada\n            var script = document.createElement('script');\n            script.async = true;\n            script.defer = true;\n            script.crossOrigin = 'anonymous';\n            script.src=\"https:\/\/connect.facebook.net\/es_LA\/sdk.js#xfbml=1&version=v17.0&appId=868452105110858&autoLogAppEvents=1\";\n            script.nonce=\"eBgX2sTe\";\n            document.head.appendChild(script);\n        }\n        \/* FIX YOUTUBE (fix width) *\/\n        var youtubeIframes = document.querySelectorAll('iframe[src*=\"youtube.com\/embed\"]');\n        youtubeIframes.forEach(function(iframe) {\n            var containerWidth = iframe.parentElement.clientWidth || iframe.parentElement.offsetWidth;\n            if(containerWidth && iframe.width > containerWidth){\n                iframe.width = containerWidth;\n                iframe.height = (containerWidth \/ 16) * 9; \/\/ Assuming a 16:9 aspect ratio\n            }\n        });\n    });\n<\/script><\/p>\n","protected":false},"excerpt":{"rendered":"<p>Con m\u00e1s de dos d\u00e9cadas de trabajo junto a los caballos, el prestador Jos\u00e9 Mar\u00eda Cordero, de Cabalgatas Arroyo Verde, comparte una historia atravesada por el esfuerzo, la familia y el amor por la actividad. A orillas del lago Moquehue, donde el paisaje parece detener el tiempo, la historia de Jos\u00e9 Mar\u00eda Cordero se escribe [&hellip;]<\/p>\n","protected":false},"author":1,"featured_media":15195,"comment_status":"","ping_status":"","sticky":false,"template":"","format":"standard","meta":{"_monsterinsights_skip_tracking":false,"_monsterinsights_sitenote_active":false,"_monsterinsights_sitenote_note":"","_monsterinsights_sitenote_category":0,"footnotes":"","jetpack_publicize_message":"","jetpack_publicize_feature_enabled":true,"jetpack_social_post_already_shared":true,"jetpack_social_options":{"image_generator_settings":{"template":"highway","default_image_id":0,"font":"","enabled":false},"version":2}},"categories":[4],"tags":[2387,2641,38,1106,2642,2640,40],"class_list":["post-15194","post","type-post","status-publish","format-standard","has-post-thumbnail","hentry","category-regionales","tag-aventura","tag-caballo","tag-entre","tag-lagos","tag-montanas","tag-moquehue","tag-una"],"aioseo_notices":[],"jetpack_publicize_connections":[],"amp_enabled":true,"_links":{"self":[{"href":"https:\/\/noticiasdeangostura.com.ar\/index.php?rest_route=\/wp\/v2\/posts\/15194","targetHints":{"allow":["GET"]}}],"collection":[{"href":"https:\/\/noticiasdeangostura.com.ar\/index.php?rest_route=\/wp\/v2\/posts"}],"about":[{"href":"https:\/\/noticiasdeangostura.com.ar\/index.php?rest_route=\/wp\/v2\/types\/post"}],"author":[{"embeddable":true,"href":"https:\/\/noticiasdeangostura.com.ar\/index.php?rest_route=\/wp\/v2\/users\/1"}],"replies":[{"embeddable":true,"href":"https:\/\/noticiasdeangostura.com.ar\/index.php?rest_route=%2Fwp%2Fv2%2Fcomments&post=15194"}],"version-history":[{"count":0,"href":"https:\/\/noticiasdeangostura.com.ar\/index.php?rest_route=\/wp\/v2\/posts\/15194\/revisions"}],"wp:featuredmedia":[{"embeddable":true,"href":"https:\/\/noticiasdeangostura.com.ar\/index.php?rest_route=\/wp\/v2\/media\/15195"}],"wp:attachment":[{"href":"https:\/\/noticiasdeangostura.com.ar\/index.php?rest_route=%2Fwp%2Fv2%2Fmedia&parent=15194"}],"wp:term":[{"taxonomy":"category","embeddable":true,"href":"https:\/\/noticiasdeangostura.com.ar\/index.php?rest_route=%2Fwp%2Fv2%2Fcategories&post=15194"},{"taxonomy":"post_tag","embeddable":true,"href":"https:\/\/noticiasdeangostura.com.ar\/index.php?rest_route=%2Fwp%2Fv2%2Ftags&post=15194"}],"curies":[{"name":"wp","href":"https:\/\/api.w.org\/{rel}","templated":true}]}}