{"id":15215,"date":"2026-04-30T16:28:19","date_gmt":"2026-04-30T19:28:19","guid":{"rendered":"https:\/\/noticiasdeangostura.com.ar\/?p=15215"},"modified":"2026-04-30T16:28:19","modified_gmt":"2026-04-30T19:28:19","slug":"multitudinaria-marcha-de-la-cgt-en-plaza-de-mayo-por-el-dia-del-trabajador","status":"publish","type":"post","link":"https:\/\/noticiasdeangostura.com.ar\/?p=15215","title":{"rendered":"Multitudinaria marcha de la CGT en Plaza de Mayo por el D\u00eda del Trabajador"},"content":{"rendered":"<p> <br \/>\n<br \/><br \/>La Confederaci\u00f3n General del Trabajo (CGT) se moviliza este jueves 30 de abril a Plaza de Mayo para conmemorar el D\u00eda del Trabajador y manifestar su rechazo a la reforma laboral del Gobierno.<br \/>\n    Este jueves 30 de abril, la hist\u00f3rica Plaza de Mayo se convierte una vez m\u00e1s en el epicentro de una manifestaci\u00f3n masiva organizada por la Confederaci\u00f3n General del Trabajo (CGT), en el marco del D\u00eda del Trabajador. Con una convocatoria que espera una amplia participaci\u00f3n, la central obrera busca expresar su en\u00e9rgico rechazo a las pol\u00edticas implementadas por Javier Milei, una figura controvertida dentro de la pol\u00edtica nacional. Se anticipa que este acto, m\u00e1s all\u00e1 de ser una celebraci\u00f3n del trabajo, tome una intensa postura combativa en el \u00e1mbito pol\u00edtico actual. Lee tambi\u00e9n: Rev\u00e9s para la CGT: la Justicia orden\u00f3 que la causa por la reforma laboral siga en fuero federal Desde las primeras horas de la ma\u00f1ana, la emblem\u00e1tica plaza se ha visto transformada con la instalaci\u00f3n de un imponente escenario que servir\u00e1 de plataforma para que distintos referentes del \u00e1mbito laboral y sindical eleven sus voces en un contundente discurso. La cr\u00edtica principal se centra en la reforma laboral propuesta por Milei, la cual ha generado gran controversia y descontento entre los trabajadores, quienes temen por la p\u00e9rdida de derechos adquiridos y la implementaci\u00f3n de medidas de flexibilizaci\u00f3n laboral que, seg\u00fan advierten, precarizar\u00edan a\u00fan m\u00e1s la situaci\u00f3n de los trabajadores.Adem\u00e1s de las demandas y las cr\u00edticas a las reformas laborales, el acto incluir\u00e1 un sentido homenaje al papa Francisco, quien ha sido un defensor constante de los derechos laborales y ha mostrado su apoyo al sindicalismo como herramienta de lucha social. Este homenaje resalta la figura del pont\u00edfice como un referente moral en tiempos de grandes desaf\u00edos para el movimiento obrero.Por otro lado, la CGT enfrent\u00f3 recientemente una vuelta de tuerca en el contexto judicial, luego de que la C\u00e1mara Nacional de Apelaciones en lo Contencioso Administrativo Federal decidiera que la causa sobre la flexibilizaci\u00f3n laboral se tramite en ese fuero, en lugar de la Justicia laboral. Esta resoluci\u00f3n representa un desaf\u00edo adicional para la central sindical, que busca revertir con urgencia estas decisiones que percibe como perjudiciales para sus intereses y los de sus afiliados.La jornada promete ser un reflejo de la tensi\u00f3n y la resistencia que laten en el coraz\u00f3n del movimiento obrero. Este tipo de movilizaciones, cargadas de simbolismo y significaci\u00f3n, representan no solo una mirada al presente, sino tambi\u00e9n un importante llamado al di\u00e1logo y a la reflexi\u00f3n sobre el futuro del trabajo y los derechos de los trabajadores en el pa\u00eds. La CGT, con su emblem\u00e1tica presencia en Plaza de Mayo, busca subrayar la necesidad de un cambio de rumbo, reafirmando su lucha por la dignidad laboral y un contexto m\u00e1s inclusivo y justo para todos los trabajadores.<\/p>\n","protected":false},"excerpt":{"rendered":"<p>La Confederaci\u00f3n General del Trabajo (CGT) se moviliza este jueves 30 de abril a Plaza de Mayo para conmemorar el D\u00eda del Trabajador y manifestar su rechazo a la reforma laboral del Gobierno. Este jueves 30 de abril, la hist\u00f3rica Plaza de Mayo se convierte una vez m\u00e1s en el epicentro de una manifestaci\u00f3n masiva [&hellip;]<\/p>\n","protected":false},"author":1,"featured_media":15216,"comment_status":"","ping_status":"","sticky":false,"template":"","format":"standard","meta":{"_monsterinsights_skip_tracking":false,"_monsterinsights_sitenote_active":false,"_monsterinsights_sitenote_note":"","_monsterinsights_sitenote_category":0,"footnotes":"","jetpack_publicize_message":"","jetpack_publicize_feature_enabled":true,"jetpack_social_post_already_shared":true,"jetpack_social_options":{"image_generator_settings":{"template":"highway","default_image_id":0,"font":"","enabled":false},"version":2}},"categories":[5],"tags":[],"class_list":["post-15215","post","type-post","status-publish","format-standard","has-post-thumbnail","hentry","category-politica"],"aioseo_notices":[],"jetpack_publicize_connections":[],"amp_enabled":true,"_links":{"self":[{"href":"https:\/\/noticiasdeangostura.com.ar\/index.php?rest_route=\/wp\/v2\/posts\/15215","targetHints":{"allow":["GET"]}}],"collection":[{"href":"https:\/\/noticiasdeangostura.com.ar\/index.php?rest_route=\/wp\/v2\/posts"}],"about":[{"href":"https:\/\/noticiasdeangostura.com.ar\/index.php?rest_route=\/wp\/v2\/types\/post"}],"author":[{"embeddable":true,"href":"https:\/\/noticiasdeangostura.com.ar\/index.php?rest_route=\/wp\/v2\/users\/1"}],"replies":[{"embeddable":true,"href":"https:\/\/noticiasdeangostura.com.ar\/index.php?rest_route=%2Fwp%2Fv2%2Fcomments&post=15215"}],"version-history":[{"count":0,"href":"https:\/\/noticiasdeangostura.com.ar\/index.php?rest_route=\/wp\/v2\/posts\/15215\/revisions"}],"wp:featuredmedia":[{"embeddable":true,"href":"https:\/\/noticiasdeangostura.com.ar\/index.php?rest_route=\/wp\/v2\/media\/15216"}],"wp:attachment":[{"href":"https:\/\/noticiasdeangostura.com.ar\/index.php?rest_route=%2Fwp%2Fv2%2Fmedia&parent=15215"}],"wp:term":[{"taxonomy":"category","embeddable":true,"href":"https:\/\/noticiasdeangostura.com.ar\/index.php?rest_route=%2Fwp%2Fv2%2Fcategories&post=15215"},{"taxonomy":"post_tag","embeddable":true,"href":"https:\/\/noticiasdeangostura.com.ar\/index.php?rest_route=%2Fwp%2Fv2%2Ftags&post=15215"}],"curies":[{"name":"wp","href":"https:\/\/api.w.org\/{rel}","templated":true}]}}