{"id":15225,"date":"2026-04-30T17:33:00","date_gmt":"2026-04-30T20:33:00","guid":{"rendered":"https:\/\/noticiasdeangostura.com.ar\/?p=15225"},"modified":"2026-04-30T17:33:00","modified_gmt":"2026-04-30T20:33:00","slug":"el-gabinete-joven-ya-tiene-seleccionados-los-14-delegados-de-las-siete-regiones","status":"publish","type":"post","link":"https:\/\/noticiasdeangostura.com.ar\/?p=15225","title":{"rendered":"El Gabinete Joven ya tiene seleccionados los 14 delegados de las siete regiones"},"content":{"rendered":"<p> <br \/>\n<br \/><\/p>\n<p>La \u00faltima reuni\u00f3n regional fue la correspondiente a Confluencia. Los delegados se sumar\u00e1n los pr\u00f3ximos encuentros, que tienen como objetivo el dise\u00f1o de pol\u00edticas p\u00fablicas destinadas a la juventud.<\/p>\n<div>\n<p>Con el objetivo de articular y desarrollar pol\u00edticas p\u00fablicas interministeriales e interdisciplinarias con perspectiva joven, este viernes el Espacio DUAM de la ciudad de Neuqu\u00e9n fue sede de la reuni\u00f3n del Gabinete Joven de la regi\u00f3n Confluencia. El encuentro estuvo encabezado por la subsecretaria de Juventud, <strong>Katherina Allende<\/strong>, y participaron unos 20 referentes de las \u00e1reas de Juventud provenientes de las localidades de Centenario, Neuqu\u00e9n capital, Vista Alegre, Senillosa y Villa El Choc\u00f3n.<\/p>\n<p>Se trata del \u00faltimo encuentro regional del Gabinete Joven que tiene como funci\u00f3n dise\u00f1ar e implementar propuestas y pol\u00edticas p\u00fablicas destinadas a j\u00f3venes de 18 a 35 a\u00f1os.<\/p>\n<p>En este sentido, tambi\u00e9n fueron presentados los distintos dispositivos permanentes que ofrece el ministerio de Juventud, Deportes y Cultura, a trav\u00e9s de la subsecretar\u00eda de Juventud, con la mirada puesta en que las regiones los repliquen.<\/p>\n<p>Adem\u00e1s, se dieron a conocer las diferentes l\u00edneas de cr\u00e9ditos destinadas a j\u00f3venes emprendedores (de Inclusi\u00f3n Financiera y Proyecta Futuro), y los dispositivos \u201cEscucha Joven\u201d y \u201cOrientaci\u00f3n Joven\u201d, destacando su importancia y alcance.<\/p>\n<p><em>\u201cEs de suma importancia completar la representaci\u00f3n de todas las regiones en el Gabinete Joven, que servir\u00e1 para tener de primera mano las demandas de las juventudes de toda la provincia\u201d<\/em>, expuso Allende. <em>\u201cSus experiencias y sus preocupaciones ser\u00e1n nuestro punto de partida para trabajar en acciones que acompa\u00f1en su desarrollo\u201d<\/em>, a\u00f1adi\u00f3.<\/p>\n<p>Asimismo la funcionaria se\u00f1al\u00f3 que <em>\u201cse espera que los referentes locales, se empoderen con estas herramientas para que puedan ponerlas a disposici\u00f3n de las juventudes en las distintas comunidades\u201d<\/em>.<\/p>\n<p><strong>Daiana Azpiarzo<\/strong> (de Centenario) y <strong>Pablo Lemos<\/strong> (de Vista Alegre), fueron los representantes seleccionados de la regi\u00f3n Confluencia que participar\u00e1n en los pr\u00f3ximos encuentros del Gabinete Joven, que incluir\u00e1 la representaci\u00f3n de las siete regiones a trav\u00e9s de un total de 14 delegados regionales seleccionados. Este nuevo encuentro est\u00e1 previsto hacia mediados de este mes.<\/p>\n<p><strong>Sobre el Gabinete Joven<\/strong><\/p>\n<p>El trabajo en el Gabinete Joven responde a lo establecido por el decreto 0020\/19 del a\u00f1o 2019, que relanza este dispositivo institucional que tiene por funci\u00f3n <em>\u201cdise\u00f1ar, planificar, articular y ejecutar pol\u00edticas p\u00fablicas interministeriales, transversales e interdisciplinarias con perspectiva joven\u201d<\/em>. Seg\u00fan se defini\u00f3, las reuniones tendr\u00e1n una periodicidad mensual.<\/p>\n<\/p><\/div>\n<p><script type=\"4278c35a7328710a8ac00712-text\/javascript\">\n    window.addEventListener('load', () => {\n        if (typeof FB !== 'undefined' && FB.init) {\n            \/\/ La SDK de Facebook est\u00e1 inicializada\n        } else {\n            \/\/ La SDK de Facebook no est\u00e1 inicializada\n            var script = document.createElement('script');\n            script.async = true;\n            script.defer = true;\n            script.crossOrigin = 'anonymous';\n            script.src=\"https:\/\/connect.facebook.net\/es_LA\/sdk.js#xfbml=1&version=v17.0&appId=868452105110858&autoLogAppEvents=1\";\n            script.nonce=\"eBgX2sTe\";\n            document.head.appendChild(script);\n        }\n        \/* FIX YOUTUBE (fix width) *\/\n        var youtubeIframes = document.querySelectorAll('iframe[src*=\"youtube.com\/embed\"]');\n        youtubeIframes.forEach(function(iframe) {\n            var containerWidth = iframe.parentElement.clientWidth || iframe.parentElement.offsetWidth;\n            if(containerWidth && iframe.width > containerWidth){\n                iframe.width = containerWidth;\n                iframe.height = (containerWidth \/ 16) * 9; \/\/ Assuming a 16:9 aspect ratio\n            }\n        });\n    });\n<\/script><\/p>\n","protected":false},"excerpt":{"rendered":"<p>La \u00faltima reuni\u00f3n regional fue la correspondiente a Confluencia. Los delegados se sumar\u00e1n los pr\u00f3ximos encuentros, que tienen como objetivo el dise\u00f1o de pol\u00edticas p\u00fablicas destinadas a la juventud. Con el objetivo de articular y desarrollar pol\u00edticas p\u00fablicas interministeriales e interdisciplinarias con perspectiva joven, este viernes el Espacio DUAM de la ciudad de Neuqu\u00e9n fue [&hellip;]<\/p>\n","protected":false},"author":1,"featured_media":15226,"comment_status":"","ping_status":"","sticky":false,"template":"","format":"standard","meta":{"_monsterinsights_skip_tracking":false,"_monsterinsights_sitenote_active":false,"_monsterinsights_sitenote_note":"","_monsterinsights_sitenote_category":0,"footnotes":"","jetpack_publicize_message":"","jetpack_publicize_feature_enabled":true,"jetpack_social_post_already_shared":true,"jetpack_social_options":{"image_generator_settings":{"template":"highway","default_image_id":0,"font":"","enabled":false},"version":2}},"categories":[4],"tags":[2652,739,696,129,16,1253,2651,2653,811],"class_list":["post-15225","post","type-post","status-publish","format-standard","has-post-thumbnail","hentry","category-regionales","tag-delegados","tag-gabinete","tag-joven","tag-las","tag-los","tag-regiones","tag-seleccionados","tag-siete","tag-tiene"],"aioseo_notices":[],"jetpack_publicize_connections":[],"amp_enabled":true,"_links":{"self":[{"href":"https:\/\/noticiasdeangostura.com.ar\/index.php?rest_route=\/wp\/v2\/posts\/15225","targetHints":{"allow":["GET"]}}],"collection":[{"href":"https:\/\/noticiasdeangostura.com.ar\/index.php?rest_route=\/wp\/v2\/posts"}],"about":[{"href":"https:\/\/noticiasdeangostura.com.ar\/index.php?rest_route=\/wp\/v2\/types\/post"}],"author":[{"embeddable":true,"href":"https:\/\/noticiasdeangostura.com.ar\/index.php?rest_route=\/wp\/v2\/users\/1"}],"replies":[{"embeddable":true,"href":"https:\/\/noticiasdeangostura.com.ar\/index.php?rest_route=%2Fwp%2Fv2%2Fcomments&post=15225"}],"version-history":[{"count":0,"href":"https:\/\/noticiasdeangostura.com.ar\/index.php?rest_route=\/wp\/v2\/posts\/15225\/revisions"}],"wp:featuredmedia":[{"embeddable":true,"href":"https:\/\/noticiasdeangostura.com.ar\/index.php?rest_route=\/wp\/v2\/media\/15226"}],"wp:attachment":[{"href":"https:\/\/noticiasdeangostura.com.ar\/index.php?rest_route=%2Fwp%2Fv2%2Fmedia&parent=15225"}],"wp:term":[{"taxonomy":"category","embeddable":true,"href":"https:\/\/noticiasdeangostura.com.ar\/index.php?rest_route=%2Fwp%2Fv2%2Fcategories&post=15225"},{"taxonomy":"post_tag","embeddable":true,"href":"https:\/\/noticiasdeangostura.com.ar\/index.php?rest_route=%2Fwp%2Fv2%2Ftags&post=15225"}],"curies":[{"name":"wp","href":"https:\/\/api.w.org\/{rel}","templated":true}]}}