{"id":15227,"date":"2026-04-30T18:25:16","date_gmt":"2026-04-30T21:25:16","guid":{"rendered":"https:\/\/noticiasdeangostura.com.ar\/?p=15227"},"modified":"2026-04-30T18:25:16","modified_gmt":"2026-04-30T21:25:16","slug":"assad-propone-reconstruir-el-pj-con-un-proyecto-a-2031-y-toma-distancia-del-kirchnerismo","status":"publish","type":"post","link":"https:\/\/noticiasdeangostura.com.ar\/?p=15227","title":{"rendered":"Assad propone reconstruir el PJ con un proyecto a 2031 y toma distancia del kirchnerismo"},"content":{"rendered":"<p> <br \/>\n<br \/><\/p>\n<p>El intendente de Vista Alegre y presidente del Partido Justicialista neuquino, Jos\u00e9 Carlos Assad, plante\u00f3 la necesidad de reconstruir el partido \u201cdesde abajo\u201d tras la p\u00e9rdida de representatividad. Habl\u00f3 de un plan a largo plazo, cuestion\u00f3 el rol del kirchnerismo en la provincia y consider\u00f3 a Axel Kicillof como una posible referencia nacional.<\/p>\n<div>\n<p>El intendente de <span class=\"hover:entity-accent entity-underline inline cursor-pointer align-baseline\"><span class=\"whitespace-normal\">Vista Alegre<\/span><\/span> y presidente del Partido Justicialista provincial, <span class=\"hover:entity-accent entity-underline inline cursor-pointer align-baseline\"><span class=\"whitespace-normal\">Jos\u00e9 Carlos Assad<\/span><\/span>, plante\u00f3 la necesidad de encarar una reconstrucci\u00f3n profunda del peronismo en Neuqu\u00e9n, con una mirada estrat\u00e9gica que apunta al a\u00f1o 2031.<\/p>\n<p>En di\u00e1logo radial, Assad asegur\u00f3 que el PJ atraviesa un momento cr\u00edtico, con \u201cun partido desarticulado y abandonado\u201d, reflejado en la baja participaci\u00f3n \u2014cercana al 15%\u2014 en la \u00faltima interna. En ese sentido, sostuvo que el camino es volver a las bases, con un fuerte trabajo territorial desde los municipios.<\/p>\n<p>\u201cEl peronismo no solo toc\u00f3 fondo, sino que perdi\u00f3 representatividad en todos los niveles\u201d, afirm\u00f3, al tiempo que marc\u00f3 diferencias con el kirchnerismo y el llamado \u201cparrilismo\u201d, a los que responsabiliz\u00f3 por el retroceso del espacio en la provincia.<\/p>\n<p>El dirigente defendi\u00f3 la necesidad de un proyecto pol\u00edtico \u201cserio y distinto\u201d, con eje en la gesti\u00f3n local, la capacitaci\u00f3n y la articulaci\u00f3n institucional. Como ejemplo, destac\u00f3 el desarrollo de Vista Alegre y su integraci\u00f3n a la din\u00e1mica productiva vinculada a <span class=\"hover:entity-accent entity-underline inline cursor-pointer align-baseline\"><span class=\"whitespace-normal\">Vaca Muerta<\/span><\/span>.<\/p>\n<p class=\"noEditable noticia-relacionada\" data-id=\"333114\"><ampiframe src=\"https:\/\/www.noticiasnqn.com.ar\/api\/noticias\/333114\/relacionadas?amp=1\" layout=\"fixed-height\" sandbox=\"allow-top-navigation allow-top-navigation-by-user-activation allow-scripts \" height=\"100px\"> <b placeholder=\"\">Lee tambi\u00e9n: Homicidio en Loncopu\u00e9: un jurado popular declar\u00f3 culpable al acusado por unanimidad<\/b> <\/ampiframe><\/p>\n<p>A nivel nacional, Assad cuestion\u00f3 las pol\u00edticas del presidente <span class=\"hover:entity-accent entity-underline inline cursor-pointer align-baseline\"><span class=\"whitespace-normal\">Javier Milei<\/span><\/span>, al asegurar que los municipios no reciben asistencia y que la crisis econ\u00f3mica impacta directamente en las localidades. En ese contexto, consider\u00f3 necesario construir una alternativa dentro del peronismo.<\/p>\n<p>Consultado sobre liderazgos, mencion\u00f3 al gobernador bonaerense <span class=\"hover:entity-accent entity-underline inline cursor-pointer align-baseline\"><span class=\"whitespace-normal\">Axel Kicillof<\/span><\/span> como una de las figuras con potencial para encabezar ese proceso, aunque aclar\u00f3 que el escenario pol\u00edtico es din\u00e1mico.<\/p>\n<p>En el plano provincial, evit\u00f3 definiciones tajantes sobre alianzas, pero destac\u00f3 la gesti\u00f3n del gobernador <span class=\"hover:entity-accent entity-underline inline cursor-pointer align-baseline\"><span class=\"whitespace-normal\">Rolando Figueroa<\/span><\/span> y remarc\u00f3 que su posicionamiento estar\u00e1 \u201cdel lado que defienda a los neuquinos\u201d.<\/p>\n<p>Finalmente, Assad insisti\u00f3 en que el PJ debe recuperar su identidad hist\u00f3rica, con eje en la justicia social y la cercan\u00eda con la gente, y descart\u00f3 buscar resultados inmediatos: \u201cNo queremos m\u00e1s recetas r\u00e1pidas. El objetivo es llegar a 2031 con un peronismo fuerte, con ideas claras y capacidad de gobierno\u201d.<\/p>\n<p>\u00a0<\/p>\n<p>\u00a0<\/p>\n<p>Cadena Uno<\/p>\n<\/p><\/div>\n","protected":false},"excerpt":{"rendered":"<p>El intendente de Vista Alegre y presidente del Partido Justicialista neuquino, Jos\u00e9 Carlos Assad, plante\u00f3 la necesidad de reconstruir el partido \u201cdesde abajo\u201d tras la p\u00e9rdida de representatividad. Habl\u00f3 de un plan a largo plazo, cuestion\u00f3 el rol del kirchnerismo en la provincia y consider\u00f3 a Axel Kicillof como una posible referencia nacional. El intendente [&hellip;]<\/p>\n","protected":false},"author":1,"featured_media":15228,"comment_status":"","ping_status":"","sticky":false,"template":"","format":"standard","meta":{"_monsterinsights_skip_tracking":false,"_monsterinsights_sitenote_active":false,"_monsterinsights_sitenote_note":"","_monsterinsights_sitenote_category":0,"footnotes":"","jetpack_publicize_message":"","jetpack_publicize_feature_enabled":true,"jetpack_social_post_already_shared":true,"jetpack_social_options":{"image_generator_settings":{"template":"highway","default_image_id":0,"font":"","enabled":false},"version":2}},"categories":[1],"tags":[],"class_list":["post-15227","post","type-post","status-publish","format-standard","has-post-thumbnail","hentry","category-ultimas-noticias"],"aioseo_notices":[],"jetpack_publicize_connections":[],"amp_enabled":true,"_links":{"self":[{"href":"https:\/\/noticiasdeangostura.com.ar\/index.php?rest_route=\/wp\/v2\/posts\/15227","targetHints":{"allow":["GET"]}}],"collection":[{"href":"https:\/\/noticiasdeangostura.com.ar\/index.php?rest_route=\/wp\/v2\/posts"}],"about":[{"href":"https:\/\/noticiasdeangostura.com.ar\/index.php?rest_route=\/wp\/v2\/types\/post"}],"author":[{"embeddable":true,"href":"https:\/\/noticiasdeangostura.com.ar\/index.php?rest_route=\/wp\/v2\/users\/1"}],"replies":[{"embeddable":true,"href":"https:\/\/noticiasdeangostura.com.ar\/index.php?rest_route=%2Fwp%2Fv2%2Fcomments&post=15227"}],"version-history":[{"count":0,"href":"https:\/\/noticiasdeangostura.com.ar\/index.php?rest_route=\/wp\/v2\/posts\/15227\/revisions"}],"wp:featuredmedia":[{"embeddable":true,"href":"https:\/\/noticiasdeangostura.com.ar\/index.php?rest_route=\/wp\/v2\/media\/15228"}],"wp:attachment":[{"href":"https:\/\/noticiasdeangostura.com.ar\/index.php?rest_route=%2Fwp%2Fv2%2Fmedia&parent=15227"}],"wp:term":[{"taxonomy":"category","embeddable":true,"href":"https:\/\/noticiasdeangostura.com.ar\/index.php?rest_route=%2Fwp%2Fv2%2Fcategories&post=15227"},{"taxonomy":"post_tag","embeddable":true,"href":"https:\/\/noticiasdeangostura.com.ar\/index.php?rest_route=%2Fwp%2Fv2%2Ftags&post=15227"}],"curies":[{"name":"wp","href":"https:\/\/api.w.org\/{rel}","templated":true}]}}