{"id":15231,"date":"2026-04-30T18:32:54","date_gmt":"2026-04-30T21:32:54","guid":{"rendered":"https:\/\/noticiasdeangostura.com.ar\/?p=15231"},"modified":"2026-04-30T18:32:54","modified_gmt":"2026-04-30T21:32:54","slug":"microtrafico-en-neuquen-seis-detenidos-y-tres-casas-clausuradas-en-el-barrio-la-familia","status":"publish","type":"post","link":"https:\/\/noticiasdeangostura.com.ar\/?p=15231","title":{"rendered":"Microtr\u00e1fico en Neuqu\u00e9n: seis detenidos y tres casas clausuradas en el barrio La Familia"},"content":{"rendered":"<p> <br \/>\n<br \/><\/p>\n<p>El Ministerio P\u00fablico Fiscal y la Polic\u00eda provincial realizaron cinco allanamientos por venta de drogas. La investigaci\u00f3n se inici\u00f3 a partir de denuncias an\u00f3nimas recibidas por el c\u00f3digo QR del MPF y la aplicaci\u00f3n \u201cNeuqu\u00e9n te cuida\u201d.<\/p>\n<p>La faja de clausura preventiva aplicada por el MPF.<\/p>\n<div>\n<p>El <a href=\"https:\/\/www.mpfneuquen.gob.ar\/\"><strong>Ministerio P\u00fablico Fiscal y la Polic\u00eda de Neuqu\u00e9n<\/strong><\/a> realizaron cinco <strong>allanamientos en el<\/strong> <strong>barrio La Familia<\/strong>, en la capital provincial, en el marco de una investigaci\u00f3n por microtr\u00e1fico de drogas. El operativo termin\u00f3 con seis personas detenidas, el secuestro de coca\u00edna, cannabis, dinero en efectivo, celulares, un arma de fuego y la clausura preventiva de tres viviendas.<\/p>\n<p>Los procedimientos fueron requeridos por la fiscal de Narcocriminalidad Silvia Moreira y autorizados por el juez de garant\u00edas Luis Giorgetti. Se concretaron durante la noche del mi\u00e9rcoles, con intervenci\u00f3n de personal de la <strong>Divisi\u00f3n Antinarc\u00f3ticos de la Polic\u00eda provincial.<\/strong><\/p>\n<p>Seg\u00fan inform\u00f3 el MPF, el objetivo de los allanamientos fue secuestrar estupefacientes, dinero, dispositivos electr\u00f3nicos, c\u00e1maras de seguridad, documentaci\u00f3n vinculada con la venta de drogas y elementos de corte y pesaje.<\/p>\n<h2>Denuncias an\u00f3nimas y tareas de observaci\u00f3n<\/h2>\n<p>Las viviendas allanadas quedaron bajo investigaci\u00f3n luego de denuncias realizadas a trav\u00e9s del <strong>c\u00f3digo QR del Ministerio P\u00fablico Fiscal y de la aplicaci\u00f3n<\/strong> \u201cNeuqu\u00e9n te cuida\u201d. Ambas herramientas permiten que vecinos y vecinas aporten informaci\u00f3n de manera an\u00f3nima sobre presuntos puntos de venta de drogas.<\/p>\n<p>A partir de esos datos, se realizaron tareas de observaci\u00f3n sobre los domicilios denunciados. De acuerdo con la informaci\u00f3n oficial, los investigadores advirtieron movimientos compatibles con la comercializaci\u00f3n de estupefacientes.<\/p>\n<p>Entre esas maniobras se registr\u00f3 la llegada de personas a pie, en bicicleta y en veh\u00edculos, que permanec\u00edan pocos minutos en las viviendas y luego se retiraban con peque\u00f1os envoltorios.<\/p>\n<h2>Drogas, dinero, celulares y un arma<\/h2>\n<p>Como resultado de los procedimientos, se secuestraron <strong>168 gramos de clorhidrato de coca\u00edna, <\/strong>256 gramos de cannabis sativa, $1.893.500 en efectivo, ocho tel\u00e9fonos celulares y un <strong>arma de fuego calibre 22.<\/strong><\/p>\n<p>Adem\u00e1s, <strong>tres viviendas fueron clausuradas<\/strong> de manera preventiva mientras avanza la investigaci\u00f3n judicial.<\/p>\n<p>La fiscal Moreira dispuso la detenci\u00f3n de seis personas: tres varones y tres mujeres. Seg\u00fan inform\u00f3 el Ministerio P\u00fablico Fiscal, ser\u00e1n acusadas en el corto plazo.<\/p>\n<\/p><\/div>\n","protected":false},"excerpt":{"rendered":"<p>El Ministerio P\u00fablico Fiscal y la Polic\u00eda provincial realizaron cinco allanamientos por venta de drogas. La investigaci\u00f3n se inici\u00f3 a partir de denuncias an\u00f3nimas recibidas por el c\u00f3digo QR del MPF y la aplicaci\u00f3n \u201cNeuqu\u00e9n te cuida\u201d. La faja de clausura preventiva aplicada por el MPF. El Ministerio P\u00fablico Fiscal y la Polic\u00eda de Neuqu\u00e9n [&hellip;]<\/p>\n","protected":false},"author":1,"featured_media":15232,"comment_status":"","ping_status":"","sticky":false,"template":"","format":"standard","meta":{"_monsterinsights_skip_tracking":false,"_monsterinsights_sitenote_active":false,"_monsterinsights_sitenote_note":"","_monsterinsights_sitenote_category":0,"footnotes":"","jetpack_publicize_message":"","jetpack_publicize_feature_enabled":true,"jetpack_social_post_already_shared":true,"jetpack_social_options":{"image_generator_settings":{"template":"highway","default_image_id":0,"font":"","enabled":false},"version":2}},"categories":[1],"tags":[],"class_list":["post-15231","post","type-post","status-publish","format-standard","has-post-thumbnail","hentry","category-ultimas-noticias"],"aioseo_notices":[],"jetpack_publicize_connections":[],"amp_enabled":true,"_links":{"self":[{"href":"https:\/\/noticiasdeangostura.com.ar\/index.php?rest_route=\/wp\/v2\/posts\/15231","targetHints":{"allow":["GET"]}}],"collection":[{"href":"https:\/\/noticiasdeangostura.com.ar\/index.php?rest_route=\/wp\/v2\/posts"}],"about":[{"href":"https:\/\/noticiasdeangostura.com.ar\/index.php?rest_route=\/wp\/v2\/types\/post"}],"author":[{"embeddable":true,"href":"https:\/\/noticiasdeangostura.com.ar\/index.php?rest_route=\/wp\/v2\/users\/1"}],"replies":[{"embeddable":true,"href":"https:\/\/noticiasdeangostura.com.ar\/index.php?rest_route=%2Fwp%2Fv2%2Fcomments&post=15231"}],"version-history":[{"count":0,"href":"https:\/\/noticiasdeangostura.com.ar\/index.php?rest_route=\/wp\/v2\/posts\/15231\/revisions"}],"wp:featuredmedia":[{"embeddable":true,"href":"https:\/\/noticiasdeangostura.com.ar\/index.php?rest_route=\/wp\/v2\/media\/15232"}],"wp:attachment":[{"href":"https:\/\/noticiasdeangostura.com.ar\/index.php?rest_route=%2Fwp%2Fv2%2Fmedia&parent=15231"}],"wp:term":[{"taxonomy":"category","embeddable":true,"href":"https:\/\/noticiasdeangostura.com.ar\/index.php?rest_route=%2Fwp%2Fv2%2Fcategories&post=15231"},{"taxonomy":"post_tag","embeddable":true,"href":"https:\/\/noticiasdeangostura.com.ar\/index.php?rest_route=%2Fwp%2Fv2%2Ftags&post=15231"}],"curies":[{"name":"wp","href":"https:\/\/api.w.org\/{rel}","templated":true}]}}