{"id":15240,"date":"2026-04-30T19:33:54","date_gmt":"2026-04-30T22:33:54","guid":{"rendered":"https:\/\/noticiasdeangostura.com.ar\/?p=15240"},"modified":"2026-04-30T19:33:54","modified_gmt":"2026-04-30T22:33:54","slug":"comenzaron-su-formacion-18-agentes-sanitarios","status":"publish","type":"post","link":"https:\/\/noticiasdeangostura.com.ar\/?p=15240","title":{"rendered":"Comenzaron su formaci\u00f3n 18 agentes sanitarios"},"content":{"rendered":"<p> <br \/>\n<br \/><\/p>\n<p>El acto de inauguraci\u00f3n del ciclo lectivo fue en el SUM del Centro de Salud del Barrio Uriburu de la localidad de Chos Malal.\u00a0<\/p>\n<div>\n<p>Este viernes\u00a0 qued\u00f3 inaugurada una nueva cohorte del Centro Provincial de Formaci\u00f3n Permanente de Agentes Sanitarios (CePFAS), conmemorando los 15 a\u00f1os de trayectoria institucional. Cont\u00f3 con la presencia del ministro de Salud, Mart\u00edn Regueiro, autoridades sanitarias, equipos de salud, docentes, agentes sanitarios, familiares y amigos.<\/p>\n<p>Este a\u00f1o comienzan la formaci\u00f3n 18 agentes sanitarios pertenecientes a las Regiones Sanitarias Del Pehu\u00e9n, Del Limay, Lagos del Sur, Vaca Muerta, y Alto del Neuqu\u00e9n; y el acto se realiz\u00f3 en el SUM del Centro de Salud del Barrio Uriburu de la localidad de Chos Malal. Este encuentro es una oportunidad para celebrar juntos el camino recorrido y el compromiso compartido a lo largo de estos a\u00f1os.<\/p>\n<p>\u201cLes doy la bienvenida y hago extensivo el saludo de Rolando, el gobernador, que entiende que es prioritaria esta l\u00ednea de trabajo vinculada con la formaci\u00f3n\u201d, indic\u00f3 Mart\u00edn Regueiro y destac\u00f3 que \u201choy hace 15 a\u00f1os est\u00e1 el Centro de Formaci\u00f3n, pero antes tambi\u00e9n hab\u00eda un trabajo de los agentes sanitarios, una mirada con trayectoria en territorio muy importante y hay que ponerlo en valor\u201d.<\/p>\n<p>En relaci\u00f3n al rol de los agentes, manifest\u00f3: \u201cUstedes entran en los domicilios donde muchas veces nosotros no entramos y tienen un v\u00ednculo que muchas veces nosotros no tenemos. Eso nos permite reformular la forma de pensar y rever qu\u00e9 hacemos, y porqu\u00e9 lo hacemos\u201d.<\/p>\n<p>Asimismo, durante el acto, el ministro explic\u00f3 el Plan de Salud y las diferentes l\u00edneas de cuidado, destacando el rol clave que hace un a\u00f1o y medio tienen los agentes sanitarios al cargar datos en la historia cl\u00ednica de la aplicaci\u00f3n Andes de la provincia de Neuqu\u00e9n. \u201cEsa informaci\u00f3n que ustedes cargan nos permite a nosotros tomar decisiones, trabajar de una manera m\u00e1s eficiente, y nos permite abordar uno de los problemas m\u00e1s urgentes que es el acceso de salud, porque ustedes llegan antes que la enfermedad, y nos permite tener mejor informaci\u00f3n y poder actuar en consecuencia\u201d, expres\u00f3.\u00a0<\/p>\n<p>Hizo referencia a la necesidad de formaci\u00f3n permanente, y anunci\u00f3 que ya est\u00e1n los fondos para implementar la Tecnicatura Universitaria en Agente Sanitario y Promoci\u00f3n Comunitaria de la Salud, una oportunidad para que los agentes sanitarios del sistema p\u00fablico de salud, tengan la posibilidad de hacer un cambio de nivel: \u201cQueremos valorar a los agentes sanitarios de nuestro sistema\u201d.<\/p>\n<p>Como cierre de su presentaci\u00f3n, Regueiro dese\u00f3 la mejor de las suertes a los presentes y reflexion\u00f3 sobre la labor diaria: \u201cHay d\u00edas dif\u00edciles, de pasar fr\u00edo, pero tambi\u00e9n hay d\u00edas gloriosos. Muchos de ellos nos cambian la cara con una sonrisa, una compa\u00f1\u00eda o unos mates; en esos momentos uno le cambia la vida a alguien. As\u00ed que, simplemente, sean muy felices\u201d.\u00a0<\/p>\n<p>Luego de las palabras se proyect\u00f3 un video recordando a los que fueron y son parte de esta construcci\u00f3n colectiva; y se comparti\u00f3 un \u00e1gape. Participaron el intendente de la localidad, Nicolas Albarrac\u00edn; la efa de la Regi\u00f3n Sanitaria Alto Neuqu\u00e9n, Celia Luque; la coordinadora del Centro de Formaci\u00f3n de Agentes sanitarios, Lorena Colombo; autoridades del I.S.F.D.N\u00b02 &#8211; Instituto Superior de Formaci\u00f3n Docente; y CFPA 5 &#8211; Centro de Formaci\u00f3n Profesional Agropecuaria N\u00b05 de Chos Malal, directores de hospitales, jefes de \u00c1rea Programa, docentes, estudiantes, docentes de terreno.<\/p>\n<p>Los protagonistas este a\u00f1o son: Antileo Julia (Zapala), Aquito Gilda (Piedra del \u00c1guila), Ayala Daniela (centro de salud Las Margaritas &#8211; Villa La Angostura), Barrera Yanina (Buta Ranquil), Becerra Lucila (San Patricio del Cha\u00f1ar), Cuevas Alexis (Chap\u00faa \u2013 Tricao Malal), Grand\u00f3n Alexis (Barrancas), Hualmes Otilia (Colipilli &#8211; El Huec\u00fa), Huayquillan Jorge (Colipilli &#8211; El Huec\u00fa), Mu\u00f1oz Roxana (Tricao Malal), Olate Franco (Villa Curi Leuvu \u2013 Tricao Malal), Orrego Brisa (centro de salud Indeoendencia \u2013 Zapala), Pardo Grand\u00f3n Adri\u00e1n (Barracas), Prieto Ver\u00f3nica (Piedra del \u00c1guila), San Mart\u00edn Mar\u00eda (centro de salud Tiro federal \u2013 Chos Malal), Sayhueque Juan Pablo (Jun\u00edn de los Andes), Schellenber \u00c9rica (centro de salud Las Piedritas \u2013 Villa La Angostura), Tapia Mariela (Buta Ranquil).\u00a0<\/p>\n<p>El Centro Provincial de Formaci\u00f3n Permanente de Agentes Sanitarios (CEPAS), este 2026, cumpli\u00f3 15 a\u00f1os consolid\u00e1ndose como el motor de la atenci\u00f3n primaria en la provincia, y espacio formador del pilar fundamental del Sistema de Salud de Neuqu\u00e9n: los y las agentes sanitarias. Fue creado el 28 de febrero del 2011 bajo la Resoluci\u00f3n N\u00b0251 y ratificado en 2023.<\/p>\n<p>La propuesta acad\u00e9mica del Centro busca la excelencia t\u00e9cnica y una transformaci\u00f3n social. Su programa incluye m\u00f3dulos claves: salud ambiental, odontolog\u00eda, prevenci\u00f3n de enfermedades prevalentes y primer nivel de atenci\u00f3n; interculturalidad como un eje vital para el trabajo con las m\u00e1s de 24 comunidades mapuches de la provincia; y actualidad con la incorporaci\u00f3n de tem\u00e1ticas como el cambio clim\u00e1tico y acciones para mitigar sus efectos. Adem\u00e1s, se realiza un acompa\u00f1amiento a los egresados, a trav\u00e9s de los monitoreos en el terreno, evaluando el impacto de sus proyectos finales y facilitando su inserci\u00f3n en los equipos locales.<\/p>\n<p><em>Entrega de equipamiento<\/em><\/p>\n<p>Como parte de las acciones en territorio, el titular de la cartera sanitaria hizo entrega de una l\u00e1mpara de luminoterapia para el sector de neonatolog\u00eda Hospital Chos Malal. Este equipamiento se utiliza cuando el beb\u00e9 tiene niveles elevados de bilirrubina en sangre. Si no se trata, puede volverse peligrosa y afectar el sistema nervioso.\u00a0<\/p>\n<p>\u00a0<\/p>\n<\/p><\/div>\n<p><script type=\"51b0a20f189a75f933666b11-text\/javascript\">\n    window.addEventListener('load', () => {\n        if (typeof FB !== 'undefined' && FB.init) {\n            \/\/ La SDK de Facebook est\u00e1 inicializada\n        } else {\n            \/\/ La SDK de Facebook no est\u00e1 inicializada\n            var script = document.createElement('script');\n            script.async = true;\n            script.defer = true;\n            script.crossOrigin = 'anonymous';\n            script.src=\"https:\/\/connect.facebook.net\/es_LA\/sdk.js#xfbml=1&version=v17.0&appId=868452105110858&autoLogAppEvents=1\";\n            script.nonce=\"eBgX2sTe\";\n            document.head.appendChild(script);\n        }\n        \/* FIX YOUTUBE (fix width) *\/\n        var youtubeIframes = document.querySelectorAll('iframe[src*=\"youtube.com\/embed\"]');\n        youtubeIframes.forEach(function(iframe) {\n            var containerWidth = iframe.parentElement.clientWidth || iframe.parentElement.offsetWidth;\n            if(containerWidth && iframe.width > containerWidth){\n                iframe.width = containerWidth;\n                iframe.height = (containerWidth \/ 16) * 9; \/\/ Assuming a 16:9 aspect ratio\n            }\n        });\n    });\n<\/script><\/p>\n","protected":false},"excerpt":{"rendered":"<p>El acto de inauguraci\u00f3n del ciclo lectivo fue en el SUM del Centro de Salud del Barrio Uriburu de la localidad de Chos Malal.\u00a0 Este viernes\u00a0 qued\u00f3 inaugurada una nueva cohorte del Centro Provincial de Formaci\u00f3n Permanente de Agentes Sanitarios (CePFAS), conmemorando los 15 a\u00f1os de trayectoria institucional. Cont\u00f3 con la presencia del ministro de [&hellip;]<\/p>\n","protected":false},"author":1,"featured_media":15241,"comment_status":"","ping_status":"","sticky":false,"template":"","format":"standard","meta":{"_monsterinsights_skip_tracking":false,"_monsterinsights_sitenote_active":false,"_monsterinsights_sitenote_note":"","_monsterinsights_sitenote_category":0,"footnotes":"","jetpack_publicize_message":"","jetpack_publicize_feature_enabled":true,"jetpack_social_post_already_shared":true,"jetpack_social_options":{"image_generator_settings":{"template":"highway","default_image_id":0,"font":"","enabled":false},"version":2}},"categories":[4],"tags":[1043,1077,1155,2656],"class_list":["post-15240","post","type-post","status-publish","format-standard","has-post-thumbnail","hentry","category-regionales","tag-agentes","tag-comenzaron","tag-formacion","tag-sanitarios"],"aioseo_notices":[],"jetpack_publicize_connections":[],"amp_enabled":true,"_links":{"self":[{"href":"https:\/\/noticiasdeangostura.com.ar\/index.php?rest_route=\/wp\/v2\/posts\/15240","targetHints":{"allow":["GET"]}}],"collection":[{"href":"https:\/\/noticiasdeangostura.com.ar\/index.php?rest_route=\/wp\/v2\/posts"}],"about":[{"href":"https:\/\/noticiasdeangostura.com.ar\/index.php?rest_route=\/wp\/v2\/types\/post"}],"author":[{"embeddable":true,"href":"https:\/\/noticiasdeangostura.com.ar\/index.php?rest_route=\/wp\/v2\/users\/1"}],"replies":[{"embeddable":true,"href":"https:\/\/noticiasdeangostura.com.ar\/index.php?rest_route=%2Fwp%2Fv2%2Fcomments&post=15240"}],"version-history":[{"count":0,"href":"https:\/\/noticiasdeangostura.com.ar\/index.php?rest_route=\/wp\/v2\/posts\/15240\/revisions"}],"wp:featuredmedia":[{"embeddable":true,"href":"https:\/\/noticiasdeangostura.com.ar\/index.php?rest_route=\/wp\/v2\/media\/15241"}],"wp:attachment":[{"href":"https:\/\/noticiasdeangostura.com.ar\/index.php?rest_route=%2Fwp%2Fv2%2Fmedia&parent=15240"}],"wp:term":[{"taxonomy":"category","embeddable":true,"href":"https:\/\/noticiasdeangostura.com.ar\/index.php?rest_route=%2Fwp%2Fv2%2Fcategories&post=15240"},{"taxonomy":"post_tag","embeddable":true,"href":"https:\/\/noticiasdeangostura.com.ar\/index.php?rest_route=%2Fwp%2Fv2%2Ftags&post=15240"}],"curies":[{"name":"wp","href":"https:\/\/api.w.org\/{rel}","templated":true}]}}