{"id":15244,"date":"2026-04-30T20:33:44","date_gmt":"2026-04-30T23:33:44","guid":{"rendered":"https:\/\/noticiasdeangostura.com.ar\/?p=15244"},"modified":"2026-04-30T20:33:44","modified_gmt":"2026-04-30T23:33:44","slug":"fifa-confirmo-que-iran-jugara-el-mundial-2026-en-estados-unidos-pese-a-la-tension-geopolitica","status":"publish","type":"post","link":"https:\/\/noticiasdeangostura.com.ar\/?p=15244","title":{"rendered":"FIFA confirm\u00f3 que Ir\u00e1n jugar\u00e1 el Mundial 2026 en Estados Unidos pese a la tensi\u00f3n geopol\u00edtica"},"content":{"rendered":"<p> <br \/>\n<br \/><\/p>\n<p>Gianni Infantino ratific\u00f3 que la selecci\u00f3n iran\u00ed participar\u00e1 de la pr\u00f3xima Copa del Mundo y disputar\u00e1 partidos en territorio estadounidense. La confirmaci\u00f3n lleg\u00f3 durante el Congreso de la FIFA en Vancouver.<\/p>\n<p>Ir\u00e1n hab\u00eda puesto en dudas su participaci\u00f3n.<\/p>\n<div>\n<p>La <strong>FIFA confirm\u00f3 que <a href=\"https:\/\/www.alertadigital.ar\/noticias\/2026\/03\/11\/160628-iran-se-bajo-del-mundial-2026-que-sanciones-tendria-y-quien-ocupa-su-lugar\">Ir\u00e1n jugar\u00e1 el Mundial 2026<\/a><\/strong> y que lo har\u00e1 tambi\u00e9n <a href=\"https:\/\/www.alertadigital.ar\/amp\/noticias\/2026\/04\/29\/163209-donald-trump-impacto-al-mundo-con-una-publicacion-en-su-red-social\"><strong>en sedes de Estados Unidos<\/strong><\/a>, pese al contexto de tensi\u00f3n geopol\u00edtica que hab\u00eda generado dudas sobre la presencia de la selecci\u00f3n asi\u00e1tica en el torneo.<\/p>\n<p>El presidente de la entidad, <strong>Gianni Infantino<\/strong>, despej\u00f3 los interrogantes durante el Congreso de la FIFA realizado en Vancouver, Canad\u00e1, donde ratific\u00f3 que la clasificaci\u00f3n deportiva de Ir\u00e1n ser\u00e1 respetada.<\/p>\n<p><span style=\"background-color: #fbeeb8;\">\u201cPor supuesto, Ir\u00e1n participar\u00e1 en la Copa del Mundo de la FIFA 2026\u201d, afirm\u00f3 Infantino ante los delegados presentes.<\/span><\/p>\n<h2>La participaci\u00f3n iran\u00ed en Estados Unidos<\/h2>\n<p>El Mundial 2026 ser\u00e1 organizado de manera conjunta por Estados Unidos, M\u00e9xico y Canad\u00e1. En ese marco, una de las dudas giraba en torno a la posibilidad de que Ir\u00e1n disputara partidos en territorio estadounidense, debido a las tensiones internacionales y al escenario abierto por los recientes <strong>conflictos militares en Medio Oriente.<\/strong><\/p>\n<p>Infantino confirm\u00f3 que el seleccionado iran\u00ed competir\u00e1 con normalidad y defendi\u00f3 la decisi\u00f3n bajo el criterio de que<strong> el f\u00fatbol debe funcionar como un espacio de encuentro, m\u00e1s all\u00e1 de los conflictos pol\u00edticos entre pa\u00edses.<\/strong><\/p>\n<p>\u00a0<\/p>\n<\/p><\/div>\n","protected":false},"excerpt":{"rendered":"<p>Gianni Infantino ratific\u00f3 que la selecci\u00f3n iran\u00ed participar\u00e1 de la pr\u00f3xima Copa del Mundo y disputar\u00e1 partidos en territorio estadounidense. La confirmaci\u00f3n lleg\u00f3 durante el Congreso de la FIFA en Vancouver. Ir\u00e1n hab\u00eda puesto en dudas su participaci\u00f3n. La FIFA confirm\u00f3 que Ir\u00e1n jugar\u00e1 el Mundial 2026 y que lo har\u00e1 tambi\u00e9n en sedes de [&hellip;]<\/p>\n","protected":false},"author":1,"featured_media":15245,"comment_status":"","ping_status":"","sticky":false,"template":"","format":"standard","meta":{"_monsterinsights_skip_tracking":false,"_monsterinsights_sitenote_active":false,"_monsterinsights_sitenote_note":"","_monsterinsights_sitenote_category":0,"footnotes":"","jetpack_publicize_message":"","jetpack_publicize_feature_enabled":true,"jetpack_social_post_already_shared":true,"jetpack_social_options":{"image_generator_settings":{"template":"highway","default_image_id":0,"font":"","enabled":false},"version":2}},"categories":[1],"tags":[],"class_list":["post-15244","post","type-post","status-publish","format-standard","has-post-thumbnail","hentry","category-ultimas-noticias"],"aioseo_notices":[],"jetpack_publicize_connections":[],"amp_enabled":true,"_links":{"self":[{"href":"https:\/\/noticiasdeangostura.com.ar\/index.php?rest_route=\/wp\/v2\/posts\/15244","targetHints":{"allow":["GET"]}}],"collection":[{"href":"https:\/\/noticiasdeangostura.com.ar\/index.php?rest_route=\/wp\/v2\/posts"}],"about":[{"href":"https:\/\/noticiasdeangostura.com.ar\/index.php?rest_route=\/wp\/v2\/types\/post"}],"author":[{"embeddable":true,"href":"https:\/\/noticiasdeangostura.com.ar\/index.php?rest_route=\/wp\/v2\/users\/1"}],"replies":[{"embeddable":true,"href":"https:\/\/noticiasdeangostura.com.ar\/index.php?rest_route=%2Fwp%2Fv2%2Fcomments&post=15244"}],"version-history":[{"count":0,"href":"https:\/\/noticiasdeangostura.com.ar\/index.php?rest_route=\/wp\/v2\/posts\/15244\/revisions"}],"wp:featuredmedia":[{"embeddable":true,"href":"https:\/\/noticiasdeangostura.com.ar\/index.php?rest_route=\/wp\/v2\/media\/15245"}],"wp:attachment":[{"href":"https:\/\/noticiasdeangostura.com.ar\/index.php?rest_route=%2Fwp%2Fv2%2Fmedia&parent=15244"}],"wp:term":[{"taxonomy":"category","embeddable":true,"href":"https:\/\/noticiasdeangostura.com.ar\/index.php?rest_route=%2Fwp%2Fv2%2Fcategories&post=15244"},{"taxonomy":"post_tag","embeddable":true,"href":"https:\/\/noticiasdeangostura.com.ar\/index.php?rest_route=%2Fwp%2Fv2%2Ftags&post=15244"}],"curies":[{"name":"wp","href":"https:\/\/api.w.org\/{rel}","templated":true}]}}