{"id":15258,"date":"2026-04-30T22:34:36","date_gmt":"2026-05-01T01:34:36","guid":{"rendered":"https:\/\/noticiasdeangostura.com.ar\/?p=15258"},"modified":"2026-04-30T22:34:36","modified_gmt":"2026-05-01T01:34:36","slug":"cuadernos-jose-lopez-nego-haber-integrado-una-asociacion-ilicita-y-despego-a-cristina-kirchner","status":"publish","type":"post","link":"https:\/\/noticiasdeangostura.com.ar\/?p=15258","title":{"rendered":"Cuadernos: Jos\u00e9 L\u00f3pez neg\u00f3 haber integrado una asociaci\u00f3n il\u00edcita y despeg\u00f3 a Cristina Kirchner"},"content":{"rendered":"<p> <br \/>\n<br \/><\/p>\n<p>El ex secretario de Obras P\u00fablicas declar\u00f3 ante el Tribunal Oral Federal N\u00b0 7. Dijo que no vio a Cristina Kirchner ni a Julio De Vido como jefes u organizadores de una asociaci\u00f3n il\u00edcita, pese a que en la causa hab\u00eda actuado como imputado colaborador.<\/p>\n<div>\n<p>El <strong>exsecretario de Obras P\u00fablicas Jos\u00e9 L\u00f3pez<\/strong> declar\u00f3 este jueves ante el <strong>Tribunal Oral Federal N\u00b0 7,<\/strong> en el marco del juicio por la <strong>causa Cuadernos<\/strong>, y neg\u00f3 haber formado parte de una asociaci\u00f3n il\u00edcita. Adem\u00e1s, despeg\u00f3 de esa figura a la <a href=\"https:\/\/www.alertadigital.ar\/noticias\/2026\/03\/17\/160851-cristina-kirchner-en-tribunales-me-puedo-morir-presa-con-este-poder-judicial\">expresidenta <strong>Cristina Kirchner<\/strong><\/a> y al ex ministro de Planificaci\u00f3n Federal Julio De Vido.<\/p>\n<p>\u201cNo conozco que se haya formado una asociaci\u00f3n il\u00edcita ni tengo elemento alguno que indique haber integrado algo en ese contexto\u201d, sostuvo L\u00f3pez durante su exposici\u00f3n ante el tribunal.<\/p>\n<p>En la misma l\u00ednea, agreg\u00f3: <strong>\u201cNunca vi a Cristina Fern\u00e1ndez de Kirchner como jefa<\/strong> u organizadora de una asociaci\u00f3n il\u00edcita, tampoco vi en ese sentido a <strong>Julio De Vido\u201d.<\/strong><\/p>\n<h2>El juicio continuar\u00e1 en mayo<\/h2>\n<p>Adem\u00e1s de la declaraci\u00f3n de L\u00f3pez, est\u00e1n previstas las indagatorias de empresarios vinculados al expediente. Entre ellos figuran Marcelo Marcuzzi, cuya defensa solicit\u00f3 una \u201c<strong>reparaci\u00f3n integral<\/strong>\u201d para obtener el sobreseimiento, planteo rechazado por la fiscal de juicio Fabiana Le\u00f3n, y Juan Jos\u00e9 Luciano, relacionado con el sector de la construcci\u00f3n.<\/p>\n<p>Luciano aparece en el expediente como uno de los imputados colaboradores que admiti\u00f3 ante la Justicia haber realizado pagos peri\u00f3dicos a ex funcionarios para mantener contratos de concesiones viales.<\/p>\n<p>En esta etapa del debate, que continuar\u00e1 en mayo, tambi\u00e9n <strong>ser\u00e1n convocados periodistas<\/strong> que participaron en la investigaci\u00f3n inicial, ex funcionarios y personas cercanas a los principales acusados. Entre los nombres previstos figura Miriam Quiroga, exsecretaria de N\u00e9stor Kirchner.<\/p>\n<p>El Tribunal Oral Federal N\u00b0 7 est\u00e1 integrado por los jueces Enrique M\u00e9ndez Signori, Fernando Canero y Germ\u00e1n Castelli. En las \u00faltimas audiencias, el tribunal rechaz\u00f3 distintos pedidos de nulidad presentados por las defensas, que buscaban frenar el avance del debate.<\/p>\n<\/p><\/div>\n","protected":false},"excerpt":{"rendered":"<p>El ex secretario de Obras P\u00fablicas declar\u00f3 ante el Tribunal Oral Federal N\u00b0 7. Dijo que no vio a Cristina Kirchner ni a Julio De Vido como jefes u organizadores de una asociaci\u00f3n il\u00edcita, pese a que en la causa hab\u00eda actuado como imputado colaborador. El exsecretario de Obras P\u00fablicas Jos\u00e9 L\u00f3pez declar\u00f3 este jueves [&hellip;]<\/p>\n","protected":false},"author":1,"featured_media":15259,"comment_status":"","ping_status":"","sticky":false,"template":"","format":"standard","meta":{"_monsterinsights_skip_tracking":false,"_monsterinsights_sitenote_active":false,"_monsterinsights_sitenote_note":"","_monsterinsights_sitenote_category":0,"footnotes":"","jetpack_publicize_message":"","jetpack_publicize_feature_enabled":true,"jetpack_social_post_already_shared":true,"jetpack_social_options":{"image_generator_settings":{"template":"highway","default_image_id":0,"font":"","enabled":false},"version":2}},"categories":[1],"tags":[],"class_list":["post-15258","post","type-post","status-publish","format-standard","has-post-thumbnail","hentry","category-ultimas-noticias"],"aioseo_notices":[],"jetpack_publicize_connections":[],"amp_enabled":true,"_links":{"self":[{"href":"https:\/\/noticiasdeangostura.com.ar\/index.php?rest_route=\/wp\/v2\/posts\/15258","targetHints":{"allow":["GET"]}}],"collection":[{"href":"https:\/\/noticiasdeangostura.com.ar\/index.php?rest_route=\/wp\/v2\/posts"}],"about":[{"href":"https:\/\/noticiasdeangostura.com.ar\/index.php?rest_route=\/wp\/v2\/types\/post"}],"author":[{"embeddable":true,"href":"https:\/\/noticiasdeangostura.com.ar\/index.php?rest_route=\/wp\/v2\/users\/1"}],"replies":[{"embeddable":true,"href":"https:\/\/noticiasdeangostura.com.ar\/index.php?rest_route=%2Fwp%2Fv2%2Fcomments&post=15258"}],"version-history":[{"count":0,"href":"https:\/\/noticiasdeangostura.com.ar\/index.php?rest_route=\/wp\/v2\/posts\/15258\/revisions"}],"wp:featuredmedia":[{"embeddable":true,"href":"https:\/\/noticiasdeangostura.com.ar\/index.php?rest_route=\/wp\/v2\/media\/15259"}],"wp:attachment":[{"href":"https:\/\/noticiasdeangostura.com.ar\/index.php?rest_route=%2Fwp%2Fv2%2Fmedia&parent=15258"}],"wp:term":[{"taxonomy":"category","embeddable":true,"href":"https:\/\/noticiasdeangostura.com.ar\/index.php?rest_route=%2Fwp%2Fv2%2Fcategories&post=15258"},{"taxonomy":"post_tag","embeddable":true,"href":"https:\/\/noticiasdeangostura.com.ar\/index.php?rest_route=%2Fwp%2Fv2%2Ftags&post=15258"}],"curies":[{"name":"wp","href":"https:\/\/api.w.org\/{rel}","templated":true}]}}