{"id":15260,"date":"2026-04-30T22:39:42","date_gmt":"2026-05-01T01:39:42","guid":{"rendered":"https:\/\/noticiasdeangostura.com.ar\/?p=15260"},"modified":"2026-04-30T22:39:42","modified_gmt":"2026-05-01T01:39:42","slug":"la-oposicion-quiere-reabrir-la-sala-de-periodistas-y-autoconvoco-a-la-comision-de-libertad-de-expresion","status":"publish","type":"post","link":"https:\/\/noticiasdeangostura.com.ar\/?p=15260","title":{"rendered":"La oposici\u00f3n quiere reabrir la Sala de Periodistas y autoconvoc\u00f3 a la Comisi\u00f3n de Libertad de Expresi\u00f3n"},"content":{"rendered":"<p> <br \/>\n<br \/><\/p>\n<p>\t\t\t\t\t\tUna semana despu\u00e9s de que el gobierno de Javier Milei cerrara la Sala de Periodistas de la Casa Rosada \u2014sin resoluci\u00f3n oficial, sin plazo y sin explicaci\u00f3n formal\u2014, la oposici\u00f3n en el Congreso mostr\u00f3 una doble respuesta: en el Senado, tres senadores del bloque Convicci\u00f3n Federal presentaron un proyecto de ley para convertir en obligaci\u00f3n jur\u00eddica la existencia de salas de prensa en los tres poderes del Estado. En la C\u00e1mara de Diputados, la oposici\u00f3n autoconvoc\u00f3 la Comisi\u00f3n de Libertad de Expresi\u00f3n con la presencia de periodistas, organizaciones del sector y directivos de medios. Ni el oficialismo ni sus aliados participaron en ninguno de los dos escenarios.    La iniciativa legislativa lleva las firmas de la senadora nacional Carolina Mois\u00e9s \u2014presidenta de la Comisi\u00f3n de Sistemas, Medios de Comunicaci\u00f3n y Libertad de Expresi\u00f3n\u2014, del catamarque\u00f1o Guillermo Andrada y de la tucumana Sandra Mendoza. El proyecto propone modificar la Ley de Acceso a la Informaci\u00f3n P\u00fablica N\u00b0 27.275 para incorporar Salas de Prensa Institucionales permanentes en la Casa de Gobierno, el Palacio del Congreso y la Corte Suprema. El texto establece que esos espacios no podr\u00e1n ser reemplazados por modalidades virtuales ni sedes alternativas, y proh\u00edbe expresamente la revocaci\u00f3n masiva de acreditaciones. Cualquier restricci\u00f3n deber\u00e1 ser individual, motivada y revisable judicialmente: exactamente lo contrario de lo que ocurri\u00f3 el 23 de abril.    Para Mois\u00e9s, el proyecto apunta a resolver una contradicci\u00f3n de fondo: que algo tan central para el funcionamiento democr\u00e1tico haya dependido siempre de la voluntad del gobierno de turno. \u00abCuando el poder decide qui\u00e9n puede preguntar y qui\u00e9n no, deja de informar y empieza a ocultar\u00bb, sostuvo la senadora juje\u00f1a al presentar la iniciativa.<\/p>\n<p>        Esto no les gusta a los autoritarios<\/p>\n<p>                El ejercicio del periodismo profesional y cr\u00edtico es un pilar fundamental de la democracia. Por eso molesta a quienes creen ser los due\u00f1os de la verdad.<\/p>\n<p>    Libertad de Expresi\u00f3n: la comisi\u00f3n que el oficialismo bloque\u00f3    La reuni\u00f3n en Diputados fue impulsada por los vicepresidentes de la Comisi\u00f3n de Libertad de Expresi\u00f3n, Nicol\u00e1s Trotta (Uni\u00f3n por la Patria) y Lourdes Arrieta (Provincias Unidas), luego de que su presidente, el libertario Guillermo Montenegro, se negara a convocarla formalmente. El encuentro no figur\u00f3 en la agenda oficial de la C\u00e1mara y fue transmitido por YouTube en modo \u00aboculto\u00bb: solo accesible para quienes ten\u00edan el link directo. El secretario de Comunicaciones, Javier Lanari, y el responsable de la Oficina de Respuesta Oficial, Juan Pablo Carreira, fueron invitados y confirmaron que no asistir\u00edan.    A una semana del cierre de la Sala de Prensa, Javier Milei cada vez m\u00e1s lejos de retrotraer la medida    El clima de la reuni\u00f3n estuvo marcado por el episodio ocurrido apenas 24 horas antes: al retirarse del Congreso tras la sesi\u00f3n informativa de Manuel Adorni, Milei llam\u00f3 \u00abchorros y corruptos\u00bb a periodistas acreditados en el Parlamento. No fue un exabrupto aislado. FOPEA present\u00f3 su monitoreo 2025: las acciones judiciales contra la prensa crecieron un 150%, el discurso estigmatizante un 71,6% y las restricciones al acceso a la informaci\u00f3n un 33%. La entidad tambi\u00e9n inform\u00f3 que impulsa una misi\u00f3n de la Comisi\u00f3n Interamericana de Derechos Humanos para evaluar la situaci\u00f3n en el pa\u00eds.    \u00abNo es un problema sectorial, es un problema de la democracia\u00bb, advirti\u00f3 Trotta, quien tambi\u00e9n cuestion\u00f3 el \u00absilencio\u00bb de bloques que antes hac\u00edan de la libertad de prensa una bandera.    El reclamo de los periodistas    Uno de los momentos m\u00e1s n\u00edtidos de la jornada lo aport\u00f3 Jonathan Heguier, de El Destape, periodista acreditado en Casa Rosada. Eligi\u00f3 responder con datos al relato oficial sobre la prensa: el 70,5% de los periodistas cobra por debajo de la l\u00ednea de pobreza en su empleo principal; el 43% se mantiene en esa situaci\u00f3n aun sumando todos sus trabajos; y apenas el 4,8% puede vivir con un \u00fanico ingreso period\u00edstico. Adem\u00e1s, describi\u00f3 el cierre de la sala como un proceso que se fue construyendo: infiltrados en conferencias de prensa, c\u00f3digo de vestimenta, restricciones en acreditaciones. \u00abSeguimos en un limbo. No hay una comunicaci\u00f3n formal sobre esto\u00bb, resumi\u00f3.    Javier Milei habl\u00f3 en el cierre de la Expo EFI y se lav\u00f3 las manos: \u00abDiscrepancia in\u00e9dita entre los datos reales y lo que dicen los medios\u00bb    Natasha Niebieskikwiat, de Clar\u00edn, puso el conflicto en perspectiva: \u00abEstamos ante la peor situaci\u00f3n que yo haya vivido en la democracia\u00bb. Liliana Franco, de \u00c1mbito, fue en la misma direcci\u00f3n y pidi\u00f3 que el Poder Legislativo tome partido: \u00abLo que no acepto es que la m\u00e1s alta autoridad de un pa\u00eds diga que el 95% del periodismo son corruptos, chorros, basuras humanas\u00bb. Desde el plano laboral, el Sindicato de Prensa de Buenos Aires advirti\u00f3 que el Estatuto del Periodista Profesional vence a fin de a\u00f1o y alert\u00f3 sobre la contradicci\u00f3n de repudiar la violencia oficial mientras se vota la derogaci\u00f3n de sus garant\u00edas laborales.La presi\u00f3n legislativa, en construcci\u00f3n.    Agust\u00edn Bosch, abogado de Jorge Fontevecchia (PERFIL), cuestion\u00f3 con dureza los ataques de Milei contra la prensa y sostuvo que \u00abeste atropello del presidente a la libertad de expresi\u00f3n y, concretamente, a la libertad de prensa es ya evidente en toda Argentina\u00bb. En ese marco, record\u00f3 que la libertad de prensa est\u00e1 protegida por dos art\u00edculos de la Constituci\u00f3n Nacional y remarc\u00f3 que ambos hacen especial referencia a la prohibici\u00f3n de la \u201ccensura previa\u201d.        El letrado vincul\u00f3 esa garant\u00eda constitucional con lo que consider\u00f3 una estrategia oficial de hostigamiento hacia periodistas y medios cr\u00edticos. \u00abQue venga y le diga a los periodistas &#8216;chorros, corruptos&#8217;; el presidente est\u00e1 para gobernarnos, \u00e9l tiene que expresarse por medio de los actos de gobierno, no para bajarse, insultar, gritar a los periodistas\u00bb, se\u00f1al\u00f3.    Bosch tambi\u00e9n denunci\u00f3 que \u00abhay una persecuci\u00f3n clar\u00edsima contra el periodismo independiente o disidente\u00bb y plante\u00f3 que el oficialismo impulsa una forma de censura indirecta mediante la desacreditaci\u00f3n p\u00fablica de periodistas y el manejo discriminatorio de la publicidad oficial. \u00abHay una discriminaci\u00f3n\u00bb, asegur\u00f3 al referirse a la pauta que el Gobierno distribuye a trav\u00e9s de empresas estatales o con participaci\u00f3n estatal, como YPF o Aerol\u00edneas Argentinas.    Adem\u00e1s, sostuvo que desde ARCA el Ejecutivo lleva adelante una \u201cpersecuci\u00f3n\u201d contra el Grupo Perfil y record\u00f3 que Fontevecchia mantiene una causa judicial contra Milei por injurias, luego de que el mandatario lo calificara p\u00fablicamente de \u00abperiodista ensobrado, que vive de la pauta, lo ha llamado quebrador serial, delincuente y se ha mufado de su aspecto f\u00edsico\u00bb.    Para graficar el nivel de confrontaci\u00f3n del Presidente con los medios, Bosch a\u00f1adi\u00f3: \u00abEl fin de semana de Pascuas escribi\u00f3 86 tuits contra la prensa\u00bb. Y concluy\u00f3 con una cr\u00edtica pol\u00edtica al mandatario: \u00abEl presidente se llama libertario, pero en realidad es antilibertario\u00bb.    La reuni\u00f3n fue planteada como el inicio de una mesa de trabajo permanente entre legisladores, periodistas y organizaciones del sector. La diputada Sabrina Selva anunci\u00f3 que presentar\u00e1 su propio proyecto para garantizar por ley las salas de prensa en los tres poderes, en l\u00ednea con la iniciativa de Mois\u00e9s en el Senado. El socialista Esteban Paul\u00f3n propuso adem\u00e1s modificar el reglamento de las comisiones para impedir que sus presidentes puedan bloquear el debate. Trotta volvi\u00f3 a reclamarle formalmente a Montenegro una convocatoria \u00aburgente\u00bb.    JD\/DCQ  <\/p>\n","protected":false},"excerpt":{"rendered":"<p>Una semana despu\u00e9s de que el gobierno de Javier Milei cerrara la Sala de Periodistas de la Casa Rosada \u2014sin resoluci\u00f3n oficial, sin plazo y sin explicaci\u00f3n formal\u2014, la oposici\u00f3n en el Congreso mostr\u00f3 una doble respuesta: en el Senado, tres senadores del bloque Convicci\u00f3n Federal presentaron un proyecto de ley para convertir en obligaci\u00f3n [&hellip;]<\/p>\n","protected":false},"author":1,"featured_media":15261,"comment_status":"","ping_status":"","sticky":false,"template":"","format":"standard","meta":{"_monsterinsights_skip_tracking":false,"_monsterinsights_sitenote_active":false,"_monsterinsights_sitenote_note":"","_monsterinsights_sitenote_category":0,"footnotes":"","jetpack_publicize_message":"","jetpack_publicize_feature_enabled":true,"jetpack_social_post_already_shared":true,"jetpack_social_options":{"image_generator_settings":{"template":"highway","default_image_id":0,"font":"","enabled":false},"version":2}},"categories":[11],"tags":[],"class_list":["post-15260","post","type-post","status-publish","format-standard","has-post-thumbnail","hentry","category-actualidad"],"aioseo_notices":[],"jetpack_publicize_connections":[],"amp_enabled":true,"_links":{"self":[{"href":"https:\/\/noticiasdeangostura.com.ar\/index.php?rest_route=\/wp\/v2\/posts\/15260","targetHints":{"allow":["GET"]}}],"collection":[{"href":"https:\/\/noticiasdeangostura.com.ar\/index.php?rest_route=\/wp\/v2\/posts"}],"about":[{"href":"https:\/\/noticiasdeangostura.com.ar\/index.php?rest_route=\/wp\/v2\/types\/post"}],"author":[{"embeddable":true,"href":"https:\/\/noticiasdeangostura.com.ar\/index.php?rest_route=\/wp\/v2\/users\/1"}],"replies":[{"embeddable":true,"href":"https:\/\/noticiasdeangostura.com.ar\/index.php?rest_route=%2Fwp%2Fv2%2Fcomments&post=15260"}],"version-history":[{"count":0,"href":"https:\/\/noticiasdeangostura.com.ar\/index.php?rest_route=\/wp\/v2\/posts\/15260\/revisions"}],"wp:featuredmedia":[{"embeddable":true,"href":"https:\/\/noticiasdeangostura.com.ar\/index.php?rest_route=\/wp\/v2\/media\/15261"}],"wp:attachment":[{"href":"https:\/\/noticiasdeangostura.com.ar\/index.php?rest_route=%2Fwp%2Fv2%2Fmedia&parent=15260"}],"wp:term":[{"taxonomy":"category","embeddable":true,"href":"https:\/\/noticiasdeangostura.com.ar\/index.php?rest_route=%2Fwp%2Fv2%2Fcategories&post=15260"},{"taxonomy":"post_tag","embeddable":true,"href":"https:\/\/noticiasdeangostura.com.ar\/index.php?rest_route=%2Fwp%2Fv2%2Ftags&post=15260"}],"curies":[{"name":"wp","href":"https:\/\/api.w.org\/{rel}","templated":true}]}}