{"id":15265,"date":"2026-04-30T22:47:41","date_gmt":"2026-05-01T01:47:41","guid":{"rendered":"https:\/\/noticiasdeangostura.com.ar\/?p=15265"},"modified":"2026-04-30T22:47:41","modified_gmt":"2026-05-01T01:47:41","slug":"nahuel-gallo-declaro-ante-la-justicia-y-denuncio-torturas-en-venezuela-tras-448-dias-detenido","status":"publish","type":"post","link":"https:\/\/noticiasdeangostura.com.ar\/?p=15265","title":{"rendered":"Nahuel Gallo declar\u00f3 ante la Justicia y denunci\u00f3 torturas en Venezuela tras 448 d\u00edas detenido"},"content":{"rendered":"<p> <br \/>\n<br \/><\/p>\n<p>El gendarme argentino Nahuel Gallo se present\u00f3 como v\u00edctima en la causa por cr\u00edmenes de lesa humanidad contra el gobierno de Nicol\u00e1s Maduro y relat\u00f3 por primera vez las torturas que sufri\u00f3 durante su detenci\u00f3n en Venezuela.<\/p>\n<div>\n<p>El gendarme argentino Nahuel Gallo declar\u00f3 este jueves ante la Justicia Federal y denunci\u00f3 las torturas que, seg\u00fan afirm\u00f3, padeci\u00f3 durante los 448 d\u00edas que permaneci\u00f3 detenido en Venezuela. El testimonio se enmarca en la causa que investiga presuntos cr\u00edmenes de lesa humanidad atribuidos al gobierno de Nicol\u00e1s Maduro.<\/p>\n<p class=\"noEditable noticia-relacionada\" data-id=\"333147\"><ampiframe src=\"https:\/\/www.noticiasnqn.com.ar\/api\/noticias\/333147\/relacionadas?amp=1\" layout=\"fixed-height\" sandbox=\"allow-top-navigation allow-top-navigation-by-user-activation allow-scripts \" height=\"100px\"> <b placeholder=\"\">Lee tambi\u00e9n: El Gobierno anunci\u00f3 que el lunes reabrir\u00e1 la sala de prensa<\/b> <\/ampiframe><\/p>\n<p>\u201cHoy di un paso que me cost\u00f3 mucho: por primera vez cont\u00e9 lo que viv\u00ed en Venezuela desde el 8 de diciembre de 2024. Volver a esos momentos duele. Revivirlos no es f\u00e1cil\u201d, expres\u00f3 Gallo en sus redes sociales tras la audiencia.<\/p>\n<p>El efectivo sostuvo que su relato busca visibilizar una pr\u00e1ctica sistem\u00e1tica. \u201cLa verdad es que el r\u00e9gimen venezolano s\u00ed tortura, y lo sigue haciendo. No es un discurso, es una realidad que muchos hemos vivido\u201d, afirm\u00f3.<\/p>\n<p class=\"noEditable noticia-relacionada\" data-id=\"333135\"><ampiframe src=\"https:\/\/www.noticiasnqn.com.ar\/api\/noticias\/333135\/relacionadas?amp=1\" layout=\"fixed-height\" sandbox=\"allow-top-navigation allow-top-navigation-by-user-activation allow-scripts \" height=\"100px\"> <b placeholder=\"\">Lee tambi\u00e9n: \u00bfHasta cu\u00e1ndo se puede comprar el \u00e1lbum del Mundial 2026 a $1?<\/b> <\/ampiframe><\/p>\n<p>Gallo hab\u00eda sido detenido el 8 de diciembre de 2024 y recuper\u00f3 la libertad el 2 de marzo de 2026. Durante ese per\u00edodo denunci\u00f3 haber estado incomunicado, sin asistencia legal ni consular, y sin informaci\u00f3n oficial sobre los motivos de su arresto.<\/p>\n<p>La causa en la Justicia argentina se tramita bajo el principio de jurisdicci\u00f3n universal y apunta a determinar la existencia de un esquema sistem\u00e1tico de persecuci\u00f3n, que incluir\u00eda detenciones arbitrarias, torturas y desapariciones forzadas. En ese expediente, el testimonio de v\u00edctimas como Gallo resulta clave para el avance de la investigaci\u00f3n.<\/p>\n<\/p><\/div>\n","protected":false},"excerpt":{"rendered":"<p>El gendarme argentino Nahuel Gallo se present\u00f3 como v\u00edctima en la causa por cr\u00edmenes de lesa humanidad contra el gobierno de Nicol\u00e1s Maduro y relat\u00f3 por primera vez las torturas que sufri\u00f3 durante su detenci\u00f3n en Venezuela. El gendarme argentino Nahuel Gallo declar\u00f3 este jueves ante la Justicia Federal y denunci\u00f3 las torturas que, seg\u00fan [&hellip;]<\/p>\n","protected":false},"author":1,"featured_media":15266,"comment_status":"","ping_status":"","sticky":false,"template":"","format":"standard","meta":{"_monsterinsights_skip_tracking":false,"_monsterinsights_sitenote_active":false,"_monsterinsights_sitenote_note":"","_monsterinsights_sitenote_category":0,"footnotes":"","jetpack_publicize_message":"","jetpack_publicize_feature_enabled":true,"jetpack_social_post_already_shared":true,"jetpack_social_options":{"image_generator_settings":{"template":"highway","default_image_id":0,"font":"","enabled":false},"version":2}},"categories":[1],"tags":[],"class_list":["post-15265","post","type-post","status-publish","format-standard","has-post-thumbnail","hentry","category-ultimas-noticias"],"aioseo_notices":[],"jetpack_publicize_connections":[],"amp_enabled":true,"_links":{"self":[{"href":"https:\/\/noticiasdeangostura.com.ar\/index.php?rest_route=\/wp\/v2\/posts\/15265","targetHints":{"allow":["GET"]}}],"collection":[{"href":"https:\/\/noticiasdeangostura.com.ar\/index.php?rest_route=\/wp\/v2\/posts"}],"about":[{"href":"https:\/\/noticiasdeangostura.com.ar\/index.php?rest_route=\/wp\/v2\/types\/post"}],"author":[{"embeddable":true,"href":"https:\/\/noticiasdeangostura.com.ar\/index.php?rest_route=\/wp\/v2\/users\/1"}],"replies":[{"embeddable":true,"href":"https:\/\/noticiasdeangostura.com.ar\/index.php?rest_route=%2Fwp%2Fv2%2Fcomments&post=15265"}],"version-history":[{"count":0,"href":"https:\/\/noticiasdeangostura.com.ar\/index.php?rest_route=\/wp\/v2\/posts\/15265\/revisions"}],"wp:featuredmedia":[{"embeddable":true,"href":"https:\/\/noticiasdeangostura.com.ar\/index.php?rest_route=\/wp\/v2\/media\/15266"}],"wp:attachment":[{"href":"https:\/\/noticiasdeangostura.com.ar\/index.php?rest_route=%2Fwp%2Fv2%2Fmedia&parent=15265"}],"wp:term":[{"taxonomy":"category","embeddable":true,"href":"https:\/\/noticiasdeangostura.com.ar\/index.php?rest_route=%2Fwp%2Fv2%2Fcategories&post=15265"},{"taxonomy":"post_tag","embeddable":true,"href":"https:\/\/noticiasdeangostura.com.ar\/index.php?rest_route=%2Fwp%2Fv2%2Ftags&post=15265"}],"curies":[{"name":"wp","href":"https:\/\/api.w.org\/{rel}","templated":true}]}}