{"id":15267,"date":"2026-04-30T23:35:50","date_gmt":"2026-05-01T02:35:50","guid":{"rendered":"https:\/\/noticiasdeangostura.com.ar\/?p=15267"},"modified":"2026-04-30T23:35:50","modified_gmt":"2026-05-01T02:35:50","slug":"referentes-del-ifd-5-de-plottier-se-reunieron-con-autoridades-del-area","status":"publish","type":"post","link":"https:\/\/noticiasdeangostura.com.ar\/?p=15267","title":{"rendered":"Referentes del IFD 5 de Plottier se reunieron con autoridades del \u00e1rea"},"content":{"rendered":"<p> <br \/>\n<br \/><\/p>\n<p>Solicitaron se arbitren gestiones para mejorar las condiciones de seguridad, en la circulaci\u00f3n en inmediaciones del edificio escolar.<\/p>\n<div>\n<p>Equipo directivo, estudiantes y docentes del Instituto de Formaci\u00f3n Docente N\u00b0 15 de Plottier fueron recibidos este mi\u00e9rcoles por representantes de la direcci\u00f3n de Educaci\u00f3n Superior, en la sede del CPE, para conversar sobre demandas que hacen a la seguridad de esa comunidad educativa.<\/p>\n<p>A partir de un hecho de inseguridad sufrido en la v\u00eda p\u00fablica por una estudiante de ese instituto, que se dirig\u00eda hacia la terminal de \u00f3mnibus a la salida de su cursada vespertina, es que se acercaron al CPE para solicitar la articulaci\u00f3n de gestiones desde la cartera educativa, a fin de mejorar las condiciones de circulaci\u00f3n en las \u00e1reas urbanas cercanas a la instituci\u00f3n.<\/p>\n<p>La directora de Educaci\u00f3n Superior, <strong>Ana Laura Sotz<\/strong> se reuni\u00f3 con los y las referentes y les manifest\u00f3 que <em>\u201ceste tipo de situaciones lastiman a la educaci\u00f3n; la ministra est\u00e1 al tanto y preocupada por el tema; y en ese marco se arbitrar\u00e1n acciones que, en la medida de lo que dependa de nuestras decisiones y gestiones posibles den respuesta a los requerimientos del establecimiento\u201d.<\/em><\/p>\n<p>Quienes concurrieron a la reuni\u00f3n, acompa\u00f1ados de la directora <strong>Mariana Casorla<\/strong>, entregaron un petitorio en el que solicitaron se\u00f1alizaci\u00f3n y mejora del servicio de c\u00e1maras urbanas de seguridad de la ruta nacional N\u00b0 22, en funci\u00f3n de la ubicaci\u00f3n del IFD sobre dicha v\u00eda; tambi\u00e9n la correcta demarcaci\u00f3n de las paradas de colectivos, as\u00ed como que las mismas sean respetadas por el servicio p\u00fablico de transporte p\u00fablico; el funcionamiento adecuado de la semaforizaci\u00f3n; la generaci\u00f3n de corredores seguros, y mayor presencia de personal de seguridad sobre todo en el turno noche; entre otras inquietudes.\u00a0<\/p>\n<p>Tambi\u00e9n se convers\u00f3 sobre la necesidad de contar con el edificio propio; inquietud que es compartida por muchas otras instituciones que a lo largo del tiempo mantienen su funcionamiento en espacios alquilados. Se destac\u00f3 que sobre este eje se viene trabajando desde el inicio de la actual gesti\u00f3n provincial, y en la medida de las posibilidades y lo proyectado se va dando respuesta a las distintas comunidades educativas.<\/p>\n<p>Este Instituto de Formaci\u00f3n Docente posee hoy una matr\u00edcula de 340 estudiantes y la oferta formativa de un Profesorado de Educaci\u00f3n Primaria.<\/p>\n<p>Desde el \u00e1rea acordaron una nueva reuni\u00f3n para la pr\u00f3xima semana a fin de monitorear, junto a referentes de la instituci\u00f3n, los avances que vayan logrando con las acciones planteadas.<\/p>\n<\/p><\/div>\n<p><script type=\"9d2ad5ce279f622c684b9a57-text\/javascript\">\n    window.addEventListener('load', () => {\n        if (typeof FB !== 'undefined' && FB.init) {\n            \/\/ La SDK de Facebook est\u00e1 inicializada\n        } else {\n            \/\/ La SDK de Facebook no est\u00e1 inicializada\n            var script = document.createElement('script');\n            script.async = true;\n            script.defer = true;\n            script.crossOrigin = 'anonymous';\n            script.src=\"https:\/\/connect.facebook.net\/es_LA\/sdk.js#xfbml=1&version=v17.0&appId=868452105110858&autoLogAppEvents=1\";\n            script.nonce=\"eBgX2sTe\";\n            document.head.appendChild(script);\n        }\n        \/* FIX YOUTUBE (fix width) *\/\n        var youtubeIframes = document.querySelectorAll('iframe[src*=\"youtube.com\/embed\"]');\n        youtubeIframes.forEach(function(iframe) {\n            var containerWidth = iframe.parentElement.clientWidth || iframe.parentElement.offsetWidth;\n            if(containerWidth && iframe.width > containerWidth){\n                iframe.width = containerWidth;\n                iframe.height = (containerWidth \/ 16) * 9; \/\/ Assuming a 16:9 aspect ratio\n            }\n        });\n    });\n<\/script><\/p>\n","protected":false},"excerpt":{"rendered":"<p>Solicitaron se arbitren gestiones para mejorar las condiciones de seguridad, en la circulaci\u00f3n en inmediaciones del edificio escolar. Equipo directivo, estudiantes y docentes del Instituto de Formaci\u00f3n Docente N\u00b0 15 de Plottier fueron recibidos este mi\u00e9rcoles por representantes de la direcci\u00f3n de Educaci\u00f3n Superior, en la sede del CPE, para conversar sobre demandas que hacen [&hellip;]<\/p>\n","protected":false},"author":1,"featured_media":15268,"comment_status":"","ping_status":"","sticky":false,"template":"","format":"standard","meta":{"_monsterinsights_skip_tracking":false,"_monsterinsights_sitenote_active":false,"_monsterinsights_sitenote_note":"","_monsterinsights_sitenote_category":0,"footnotes":"","jetpack_publicize_message":"","jetpack_publicize_feature_enabled":true,"jetpack_social_post_already_shared":true,"jetpack_social_options":{"image_generator_settings":{"template":"highway","default_image_id":0,"font":"","enabled":false},"version":2}},"categories":[4],"tags":[1785,363,45,29,1165,1341,1226,1953],"class_list":["post-15267","post","type-post","status-publish","format-standard","has-post-thumbnail","hentry","category-regionales","tag-area","tag-autoridades","tag-con","tag-del","tag-ifd","tag-plottier","tag-referentes","tag-reunieron"],"aioseo_notices":[],"jetpack_publicize_connections":[],"amp_enabled":true,"_links":{"self":[{"href":"https:\/\/noticiasdeangostura.com.ar\/index.php?rest_route=\/wp\/v2\/posts\/15267","targetHints":{"allow":["GET"]}}],"collection":[{"href":"https:\/\/noticiasdeangostura.com.ar\/index.php?rest_route=\/wp\/v2\/posts"}],"about":[{"href":"https:\/\/noticiasdeangostura.com.ar\/index.php?rest_route=\/wp\/v2\/types\/post"}],"author":[{"embeddable":true,"href":"https:\/\/noticiasdeangostura.com.ar\/index.php?rest_route=\/wp\/v2\/users\/1"}],"replies":[{"embeddable":true,"href":"https:\/\/noticiasdeangostura.com.ar\/index.php?rest_route=%2Fwp%2Fv2%2Fcomments&post=15267"}],"version-history":[{"count":0,"href":"https:\/\/noticiasdeangostura.com.ar\/index.php?rest_route=\/wp\/v2\/posts\/15267\/revisions"}],"wp:featuredmedia":[{"embeddable":true,"href":"https:\/\/noticiasdeangostura.com.ar\/index.php?rest_route=\/wp\/v2\/media\/15268"}],"wp:attachment":[{"href":"https:\/\/noticiasdeangostura.com.ar\/index.php?rest_route=%2Fwp%2Fv2%2Fmedia&parent=15267"}],"wp:term":[{"taxonomy":"category","embeddable":true,"href":"https:\/\/noticiasdeangostura.com.ar\/index.php?rest_route=%2Fwp%2Fv2%2Fcategories&post=15267"},{"taxonomy":"post_tag","embeddable":true,"href":"https:\/\/noticiasdeangostura.com.ar\/index.php?rest_route=%2Fwp%2Fv2%2Ftags&post=15267"}],"curies":[{"name":"wp","href":"https:\/\/api.w.org\/{rel}","templated":true}]}}