{"id":15269,"date":"2026-05-01T00:33:40","date_gmt":"2026-05-01T03:33:40","guid":{"rendered":"https:\/\/noticiasdeangostura.com.ar\/?p=15269"},"modified":"2026-05-01T00:33:40","modified_gmt":"2026-05-01T03:33:40","slug":"el-pj-anuncio-que-realizara-su-congreso-nacional-el-proximo-martes-19-de-mayo","status":"publish","type":"post","link":"https:\/\/noticiasdeangostura.com.ar\/?p=15269","title":{"rendered":"El PJ anunci\u00f3 que realizar\u00e1 su Congreso Nacional el pr\u00f3ximo martes 19 de mayo"},"content":{"rendered":"<p> <br \/>\n<br \/><br \/>La reuni\u00f3n ser\u00e1 con el fin de analizar la situaci\u00f3n pol\u00edtica nacional e internacional y atender cuestiones de la organizaci\u00f3n.<br \/>\n    El Partido Justicialista (PJ) ha decidido dar un paso importante hacia el an\u00e1lisis y replanteamiento de su posici\u00f3n en el actual panorama pol\u00edtico del pa\u00eds. El Consejo Nacional Federal del PJ, liderado por el senador Jos\u00e9 Mayans, ha convocado para el pr\u00f3ximo martes 19 de mayo a un Congreso Nacional partidario. Lee tambi\u00e9n: Kicillof insiste en construir un frente amplio \u00abque se oponga a las pol\u00edticas de Javier Milei\u00bb En el coraz\u00f3n de la reuni\u00f3n del Consejo, Mayans realiz\u00f3 una cr\u00edtica severa a la gesti\u00f3n gubernamental actual. \u00abLa esperanza del pueblo argentino est\u00e1 en nosotros, el Partido Justicialista\u00bb, afirm\u00f3, subrayando la responsabilidad del partido en la b\u00fasqueda de soluciones ante lo que considera una desastrosa gesti\u00f3n del presidente Javier Milei, a quien acusa de desmantelar el Estado y perjudicar severamente a la sociedad. Esta reuni\u00f3n del Consejo tambi\u00e9n reflexion\u00f3 sobre la presencia, a su juicio, inapropiada del Jefe de Gabinete Manuel Adorni en el Congreso de la Naci\u00f3n, una situaci\u00f3n que Mayans calific\u00f3 de \u00abbochornosa\u00bb. En su an\u00e1lisis, destac\u00f3 que tales eventos no son m\u00e1s que una cortina de humo que busca desviar la atenci\u00f3n de las deficiencias del gobierno actual, alegando que se encuentra \u00abcay\u00e9ndose a pedazos\u00bb.Dentro de las prioridades del Congreso Nacional partidario de mayo destaca la cuesti\u00f3n de la propuesta de una reforma electoral. Este tema, junto con el financiamiento de los partidos y los desaf\u00edos del sistema de las Primarias Abiertas Simult\u00e1neas y Obligatorias (PASO), forma parte de los puntos que el gobierno actual ha impulsado. Estos aspectos cr\u00edticos se abordan en medio de un contexto internacional particularmente complejo, que involucra tensiones b\u00e9licas entre Estados Unidos, Israel e Ir\u00e1n.A lo largo de la reuni\u00f3n del Consejo, m\u00faltiples actores pol\u00edticos del PJ aportaron su perspectiva sobre la situaci\u00f3n actual. Intervenciones importantes provinieron de Pablo K\u00f3ziner, interventor del PJ de Salta, y de Gustavo Men\u00e9ndez, quien discuti\u00f3 la intervenci\u00f3n del PJ en Jujuy, mientras que Gustavo Arrieta y M\u00e1ximo Rodr\u00edguez abordaron el proceso de normalizaci\u00f3n en Misiones. Tambi\u00e9n participaron Abel Furl\u00e1n, de la UOM, y el exgobernador Felipe Sol\u00e1, resaltando una diversidad de voces dentro del partido.Finalmente, se destaca que, adem\u00e1s de preparar para el Congreso Nacional, el PJ ha resuelto convocar a elecciones internas en los distritos de Salta y Jujuy para el 25 de octubre, mostrando un claro inter\u00e9s en reforzar su estructura interna. Queda por verse c\u00f3mo influir\u00e1n estas decisiones en el agitado panorama pol\u00edtico actual de Argentina y si el PJ lograr\u00e1 erigirse como el motor de cambio que plantea para el futuro del pa\u00eds.<\/p>\n","protected":false},"excerpt":{"rendered":"<p>La reuni\u00f3n ser\u00e1 con el fin de analizar la situaci\u00f3n pol\u00edtica nacional e internacional y atender cuestiones de la organizaci\u00f3n. El Partido Justicialista (PJ) ha decidido dar un paso importante hacia el an\u00e1lisis y replanteamiento de su posici\u00f3n en el actual panorama pol\u00edtico del pa\u00eds. El Consejo Nacional Federal del PJ, liderado por el senador [&hellip;]<\/p>\n","protected":false},"author":1,"featured_media":15270,"comment_status":"","ping_status":"","sticky":false,"template":"","format":"standard","meta":{"_monsterinsights_skip_tracking":false,"_monsterinsights_sitenote_active":false,"_monsterinsights_sitenote_note":"","_monsterinsights_sitenote_category":0,"footnotes":"","jetpack_publicize_message":"","jetpack_publicize_feature_enabled":true,"jetpack_social_post_already_shared":true,"jetpack_social_options":{"image_generator_settings":{"template":"highway","default_image_id":0,"font":"","enabled":false},"version":2}},"categories":[5],"tags":[],"class_list":["post-15269","post","type-post","status-publish","format-standard","has-post-thumbnail","hentry","category-politica"],"aioseo_notices":[],"jetpack_publicize_connections":[],"amp_enabled":true,"_links":{"self":[{"href":"https:\/\/noticiasdeangostura.com.ar\/index.php?rest_route=\/wp\/v2\/posts\/15269","targetHints":{"allow":["GET"]}}],"collection":[{"href":"https:\/\/noticiasdeangostura.com.ar\/index.php?rest_route=\/wp\/v2\/posts"}],"about":[{"href":"https:\/\/noticiasdeangostura.com.ar\/index.php?rest_route=\/wp\/v2\/types\/post"}],"author":[{"embeddable":true,"href":"https:\/\/noticiasdeangostura.com.ar\/index.php?rest_route=\/wp\/v2\/users\/1"}],"replies":[{"embeddable":true,"href":"https:\/\/noticiasdeangostura.com.ar\/index.php?rest_route=%2Fwp%2Fv2%2Fcomments&post=15269"}],"version-history":[{"count":0,"href":"https:\/\/noticiasdeangostura.com.ar\/index.php?rest_route=\/wp\/v2\/posts\/15269\/revisions"}],"wp:featuredmedia":[{"embeddable":true,"href":"https:\/\/noticiasdeangostura.com.ar\/index.php?rest_route=\/wp\/v2\/media\/15270"}],"wp:attachment":[{"href":"https:\/\/noticiasdeangostura.com.ar\/index.php?rest_route=%2Fwp%2Fv2%2Fmedia&parent=15269"}],"wp:term":[{"taxonomy":"category","embeddable":true,"href":"https:\/\/noticiasdeangostura.com.ar\/index.php?rest_route=%2Fwp%2Fv2%2Fcategories&post=15269"},{"taxonomy":"post_tag","embeddable":true,"href":"https:\/\/noticiasdeangostura.com.ar\/index.php?rest_route=%2Fwp%2Fv2%2Ftags&post=15269"}],"curies":[{"name":"wp","href":"https:\/\/api.w.org\/{rel}","templated":true}]}}