{"id":15273,"date":"2026-05-01T00:40:11","date_gmt":"2026-05-01T03:40:11","guid":{"rendered":"https:\/\/noticiasdeangostura.com.ar\/?p=15273"},"modified":"2026-05-01T00:40:11","modified_gmt":"2026-05-01T03:40:11","slug":"encontro-un-piso-pero-hay-una-caida-fuerte-el-analisis-de-shila-vilker-en-qr-sobre-la-gestion-del-gobierno","status":"publish","type":"post","link":"https:\/\/noticiasdeangostura.com.ar\/?p=15273","title":{"rendered":"\u00abEncontr\u00f3 un piso, pero hay una ca\u00edda fuerte\u00bb, el an\u00e1lisis de Shila Vilker en \u00abQR!\u00bb sobre la gesti\u00f3n del Gobierno"},"content":{"rendered":"<p> <br \/>\n<br \/><br \/>\n\t\t\t\t\t\t\tEn el programa \u00abQR!\u00bb de Canal E, se debati\u00f3 sobre la evaluaci\u00f3n de la gesti\u00f3n del Gobierno nacional a partir de datos de opini\u00f3n p\u00fablica. La directora de la consultora Trespuntozero, Shila Vilker, analiz\u00f3 la evoluci\u00f3n de la imagen oficial y asegur\u00f3 que, tras varios meses de ca\u00edda, el oficialismo parece haber encontrado un piso de apoyo.<\/p>\n<p>\u201cDurante cuatro o cinco meses hubo una p\u00e9rdida muy fuerte de acompa\u00f1amiento. En las \u00faltimas semanas dej\u00f3 de caer y encontr\u00f3 un piso en torno al 33 o 34% de imagen positiva\u201d, explic\u00f3 Vilker en di\u00e1logo con el conductor Pablo Caruso.<\/p>\n<p>Un desgaste sostenido, pero con l\u00edmite<\/p>\n<p>Seg\u00fan detall\u00f3 la especialista, la curva de imagen del Gobierno muestra una ca\u00edda pronunciada desde fines de 2025, aunque con una estabilizaci\u00f3n reciente. Ese \u201cpiso\u201d refleja un n\u00facleo duro de apoyo que, por ahora, se mantiene.<\/p>\n<p>Vilker plante\u00f3 que \u201chay algo de la magia que se rompi\u00f3\u201d, en relaci\u00f3n con las expectativas iniciales que gener\u00f3 el oficialismo. Sin embargo, aclar\u00f3 que todav\u00eda existe un sector de la sociedad que acompa\u00f1a, incluso en un contexto econ\u00f3mico adverso.<\/p>\n<p>Javier Milei volvi\u00f3 a apuntar contra los periodistas: \u00abEnsobrados y corruptos\u00bb<\/p>\n<p>En ese sentido, describi\u00f3 una tensi\u00f3n entre lo que defini\u00f3 como una \u201c\u00e9tica del sacrificio\u201d impulsada por el Gobierno y las expectativas de bienestar de la poblaci\u00f3n. \u201cEl padecimiento es real\u201d, remarc\u00f3, y agreg\u00f3 que 7 de cada 10 argentinos tuvieron que hacer recortes en sus hogares, incluso en consumos b\u00e1sicos como alimentos.<\/p>\n<p>Econom\u00eda y malestar social<\/p>\n<p>Uno de los puntos centrales del an\u00e1lisis fue la desconexi\u00f3n entre algunos indicadores econ\u00f3micos y la percepci\u00f3n social. \u201cEl Gobierno tiene m\u00e1s adhesi\u00f3n pol\u00edtica que respaldo en los datos econ\u00f3micos\u201d, se\u00f1al\u00f3 Vilker.<\/p>\n<p>Adem\u00e1s, advirti\u00f3 que el principal motivo de desgaste no pasa por el estilo o los discursos oficiales, sino por la situaci\u00f3n cotidiana: \u201cLos que se enojan no se van por los modales, se van porque no hay plata\u201d.<\/p>\n<p>Tambi\u00e9n marc\u00f3 una diferencia generacional en c\u00f3mo se vive la crisis. Mientras los mayores de 30 a\u00f1os perciben una ca\u00edda en su nivel de vida, los m\u00e1s j\u00f3venes tienden a naturalizar la dificultad econ\u00f3mica como parte del contexto.<\/p>\n<p>Incertidumbre pol\u00edtica y futuro abierto<\/p>\n<p>De cara al escenario pol\u00edtico, Vilker describi\u00f3 un contexto de incertidumbre. Se\u00f1al\u00f3 que a\u00fan no hay liderazgos consolidados y que las preferencias est\u00e1n fragmentadas.<\/p>\n<p>\u201cEs un momento raro: el 2027 parece lejos, pero al mismo tiempo las discusiones ya empezaron\u201d, explic\u00f3. En ese marco, indic\u00f3 que figuras del oficialismo y la oposici\u00f3n mantienen niveles de apoyo que, sumados, no alcanzan mayor\u00edas claras.<\/p>\n<p>La confianza en el Gobierno de Javier Milei se desplom\u00f3 12% en abril<\/p>\n<p>Finalmente, la analista sostuvo que el rumbo del Gobierno depender\u00e1 en gran medida de su capacidad para mejorar la situaci\u00f3n econ\u00f3mica. \u201cLa estabilidad cambiaria sigue siendo valorada, pero empieza a aparecer un murmullo sobre la inflaci\u00f3n y el esfuerzo que hace la sociedad\u201d, concluy\u00f3.<\/p>\n<p>LB<\/p>\n","protected":false},"excerpt":{"rendered":"<p>En el programa \u00abQR!\u00bb de Canal E, se debati\u00f3 sobre la evaluaci\u00f3n de la gesti\u00f3n del Gobierno nacional a partir de datos de opini\u00f3n p\u00fablica. La directora de la consultora Trespuntozero, Shila Vilker, analiz\u00f3 la evoluci\u00f3n de la imagen oficial y asegur\u00f3 que, tras varios meses de ca\u00edda, el oficialismo parece haber encontrado un piso [&hellip;]<\/p>\n","protected":false},"author":1,"featured_media":15274,"comment_status":"","ping_status":"","sticky":false,"template":"","format":"standard","meta":{"_monsterinsights_skip_tracking":false,"_monsterinsights_sitenote_active":false,"_monsterinsights_sitenote_note":"","_monsterinsights_sitenote_category":0,"footnotes":"","jetpack_publicize_message":"","jetpack_publicize_feature_enabled":true,"jetpack_social_post_already_shared":true,"jetpack_social_options":{"image_generator_settings":{"template":"highway","default_image_id":0,"font":"","enabled":false},"version":2}},"categories":[11],"tags":[],"class_list":["post-15273","post","type-post","status-publish","format-standard","has-post-thumbnail","hentry","category-actualidad"],"aioseo_notices":[],"jetpack_publicize_connections":[],"amp_enabled":true,"_links":{"self":[{"href":"https:\/\/noticiasdeangostura.com.ar\/index.php?rest_route=\/wp\/v2\/posts\/15273","targetHints":{"allow":["GET"]}}],"collection":[{"href":"https:\/\/noticiasdeangostura.com.ar\/index.php?rest_route=\/wp\/v2\/posts"}],"about":[{"href":"https:\/\/noticiasdeangostura.com.ar\/index.php?rest_route=\/wp\/v2\/types\/post"}],"author":[{"embeddable":true,"href":"https:\/\/noticiasdeangostura.com.ar\/index.php?rest_route=\/wp\/v2\/users\/1"}],"replies":[{"embeddable":true,"href":"https:\/\/noticiasdeangostura.com.ar\/index.php?rest_route=%2Fwp%2Fv2%2Fcomments&post=15273"}],"version-history":[{"count":0,"href":"https:\/\/noticiasdeangostura.com.ar\/index.php?rest_route=\/wp\/v2\/posts\/15273\/revisions"}],"wp:featuredmedia":[{"embeddable":true,"href":"https:\/\/noticiasdeangostura.com.ar\/index.php?rest_route=\/wp\/v2\/media\/15274"}],"wp:attachment":[{"href":"https:\/\/noticiasdeangostura.com.ar\/index.php?rest_route=%2Fwp%2Fv2%2Fmedia&parent=15273"}],"wp:term":[{"taxonomy":"category","embeddable":true,"href":"https:\/\/noticiasdeangostura.com.ar\/index.php?rest_route=%2Fwp%2Fv2%2Fcategories&post=15273"},{"taxonomy":"post_tag","embeddable":true,"href":"https:\/\/noticiasdeangostura.com.ar\/index.php?rest_route=%2Fwp%2Fv2%2Ftags&post=15273"}],"curies":[{"name":"wp","href":"https:\/\/api.w.org\/{rel}","templated":true}]}}