{"id":15283,"date":"2026-05-01T02:36:18","date_gmt":"2026-05-01T05:36:18","guid":{"rendered":"https:\/\/noticiasdeangostura.com.ar\/?p=15283"},"modified":"2026-05-01T02:36:18","modified_gmt":"2026-05-01T05:36:18","slug":"malena-resa-asumio-como-intendenta-interina-de-plottier-tras-la-renuncia-de-luis-bertolini","status":"publish","type":"post","link":"https:\/\/noticiasdeangostura.com.ar\/?p=15283","title":{"rendered":"Malena Resa asumi\u00f3 como intendenta interina de Plottier tras la renuncia de Luis Bertolini"},"content":{"rendered":"<p> <br \/>\n<br \/><\/p>\n<p>Su gesti\u00f3n se extender\u00e1 hasta el proceso electoral de 2027.<\/p>\n<p>La flamante intendenta interina de Plottier, Malena Resa.<\/p>\n<div>\n<p><strong>Malena Resa asumi\u00f3 este jueves como intendenta interina de Plottier, luego de la renuncia presentada por Luis Bertolini <\/strong>en medio de la investigaci\u00f3n judicial por presuntas irregularidades en contrataciones municipales. La dirigente ocupaba hasta ahora la presidencia del Concejo Deliberante y era la primera en la l\u00ednea sucesoria, por lo que qued\u00f3 a cargo del Ejecutivo local.<\/p>\n<p>La salida de Bertolini se produjo despu\u00e9s de que <strong>el Concejo Deliberante aprobara su suspensi\u00f3n preventiva<\/strong>, tras la formulaci\u00f3n de cargos en su contra por presuntas negociaciones incompatibles en la \u00f3rbita municipal. El exjefe comunal denunci\u00f3 una \u201cmaniobra judicial y pol\u00edtica\u201d y present\u00f3 su renuncia en una jornada de fuerte tensi\u00f3n institucional.<\/p>\n<p>Resa representa al espacio Comunidad, el partido del gobernador Rolando Figueroa, y hab\u00eda llegado al Concejo como <strong>parte de una lista colectora que acompa\u00f1\u00f3 la candidatura de Bertolini en 2023. <\/strong>En febrero de este a\u00f1o fue ratificada al frente del cuerpo legislativo, una definici\u00f3n que cobr\u00f3 centralidad porque la presidencia del Concejo ocupa el primer lugar en el orden sucesorio municipal.<\/p>\n<p>La nueva intendenta deber\u00e1 afrontar una etapa de transici\u00f3n marcada por la crisis pol\u00edtica, la reorganizaci\u00f3n del gabinete y la necesidad de sostener la administraci\u00f3n municipal hasta completar el mandato en 2027.\u00a0<\/p>\n<\/p><\/div>\n","protected":false},"excerpt":{"rendered":"<p>Su gesti\u00f3n se extender\u00e1 hasta el proceso electoral de 2027. La flamante intendenta interina de Plottier, Malena Resa. Malena Resa asumi\u00f3 este jueves como intendenta interina de Plottier, luego de la renuncia presentada por Luis Bertolini en medio de la investigaci\u00f3n judicial por presuntas irregularidades en contrataciones municipales. La dirigente ocupaba hasta ahora la presidencia [&hellip;]<\/p>\n","protected":false},"author":1,"featured_media":15284,"comment_status":"","ping_status":"","sticky":false,"template":"","format":"standard","meta":{"_monsterinsights_skip_tracking":false,"_monsterinsights_sitenote_active":false,"_monsterinsights_sitenote_note":"","_monsterinsights_sitenote_category":0,"footnotes":"","jetpack_publicize_message":"","jetpack_publicize_feature_enabled":true,"jetpack_social_post_already_shared":true,"jetpack_social_options":{"image_generator_settings":{"template":"highway","default_image_id":0,"font":"","enabled":false},"version":2}},"categories":[1],"tags":[],"class_list":["post-15283","post","type-post","status-publish","format-standard","has-post-thumbnail","hentry","category-ultimas-noticias"],"aioseo_notices":[],"jetpack_publicize_connections":[],"amp_enabled":true,"_links":{"self":[{"href":"https:\/\/noticiasdeangostura.com.ar\/index.php?rest_route=\/wp\/v2\/posts\/15283","targetHints":{"allow":["GET"]}}],"collection":[{"href":"https:\/\/noticiasdeangostura.com.ar\/index.php?rest_route=\/wp\/v2\/posts"}],"about":[{"href":"https:\/\/noticiasdeangostura.com.ar\/index.php?rest_route=\/wp\/v2\/types\/post"}],"author":[{"embeddable":true,"href":"https:\/\/noticiasdeangostura.com.ar\/index.php?rest_route=\/wp\/v2\/users\/1"}],"replies":[{"embeddable":true,"href":"https:\/\/noticiasdeangostura.com.ar\/index.php?rest_route=%2Fwp%2Fv2%2Fcomments&post=15283"}],"version-history":[{"count":0,"href":"https:\/\/noticiasdeangostura.com.ar\/index.php?rest_route=\/wp\/v2\/posts\/15283\/revisions"}],"wp:featuredmedia":[{"embeddable":true,"href":"https:\/\/noticiasdeangostura.com.ar\/index.php?rest_route=\/wp\/v2\/media\/15284"}],"wp:attachment":[{"href":"https:\/\/noticiasdeangostura.com.ar\/index.php?rest_route=%2Fwp%2Fv2%2Fmedia&parent=15283"}],"wp:term":[{"taxonomy":"category","embeddable":true,"href":"https:\/\/noticiasdeangostura.com.ar\/index.php?rest_route=%2Fwp%2Fv2%2Fcategories&post=15283"},{"taxonomy":"post_tag","embeddable":true,"href":"https:\/\/noticiasdeangostura.com.ar\/index.php?rest_route=%2Fwp%2Fv2%2Ftags&post=15283"}],"curies":[{"name":"wp","href":"https:\/\/api.w.org\/{rel}","templated":true}]}}