{"id":15293,"date":"2026-05-01T04:35:47","date_gmt":"2026-05-01T07:35:47","guid":{"rendered":"https:\/\/noticiasdeangostura.com.ar\/?p=15293"},"modified":"2026-05-01T04:35:47","modified_gmt":"2026-05-01T07:35:47","slug":"ecuanimidad-y-excelencia-ejes-de-un-proceso-de-expansion-y-consolidacion","status":"publish","type":"post","link":"https:\/\/noticiasdeangostura.com.ar\/?p=15293","title":{"rendered":"Ecuanimidad y excelencia, ejes de un proceso de expansi\u00f3n y consolidaci\u00f3n"},"content":{"rendered":"<p> <br \/>\n<\/p>\n<p>En una \u00e9poca en que la desinformaci\u00f3n se hace cada vez m\u00e1s presente en la vida de las personas, diario R\u00cdO NEGRO se encuentra en un firme camino de acercamiento a las comunidades a trav\u00e9s de ejes de trabajo inexpugnables como son la ecuanimidad y la excelencia en todas sus plataformas.<\/p>\n<p>Los 114 a\u00f1os de trayectoria respaldan un proceso de reafirmaci\u00f3n de convicciones ligadas a la defensa de la lectura como elemento de desarrollo educativo, que es la base del crecimiento de toda sociedad. <\/p>\n<p>Este aniversario, que muestra una extensa trayectoria, nos encuentra j\u00f3venes, con mucha vitalidad y energ\u00eda para ofrecer m\u00e1s y mejores productos. Todo basado en un proceso de constante de transformaci\u00f3n, aprendizaje, escucha de las necesidades de las audiencias.<\/p>\n<p>Y la apuesta es total.<\/p>\n<p>Por lo digital, con el fortalecimiento de los equipos de trabajo, con una web que permanentemente se va\u00a0actualizando\u00a0para ser l\u00edder en la Patagonia y desarrollando \u00e1reas que ya no son el futuro, sino el presente mismo como son las redes sociales, los contenidos audiovisuales, el streaming y la incorporaci\u00f3n de IA a los flujos de trabajo.<\/p>\n<p>Por la revalorizaci\u00f3n del formato papel, para que llegue a la mayor cantidad de lectores posible porque creemos firmemente que leer hace bien y en papel a\u00fan m\u00e1s. <\/p>\n<p>En esa l\u00ednea estamos abocados a ofrecer m\u00e1s y mejores contenidos, y el reflejo de ello es que en los \u00faltimos meses hemos\u00a0publicado ediciones\u00a0con m\u00e1s de 100 p\u00e1ginas, incluyendo los 13 suplementos que se ofrecen a lo largo de la semana (Rural, Energ\u00eda On, Econom\u00eda, Podio, Viajes y Turismo, Debates, Moda y Belleza, Automotor, Cultura Espect\u00e1culos, Estar Bien, Aquitectura y Dise\u00f1o, Lecton, Generaci\u00f3n EZ), todos con sus respectivas versiones digitales que ampl\u00edan el acercamiento a los lectores.<\/p>\n<p>Por la distribuci\u00f3n. En los \u00faltimos meses hemos recuperado la presencia de en ciudades a las que ya no llegaba \u201cel R\u00edo Negro\u201d, con una fuerte inversi\u00f3n en una flota de veh\u00edculos propios m\u00e1s una red de distribuidores locales, que revitalizaron el v\u00ednculo con cada comunidad.<\/p>\n<p>Precisamente ese acercamiento a los lectores lo hemos encarado desde diferentes \u00e1ngulos: la presencia y organizaci\u00f3n de eventos propios; los sorteos, para agradecer la confianza en nuestros productos; el mejoramiento de los canales de comunicaci\u00f3n con la comunidad; la restauraci\u00f3n de la redacci\u00f3n central y las agencias en R\u00edo Negro y Neuqu\u00e9n. Y en esa l\u00ednea, en el corto plazo \u201cR\u00edo Negro\u201d volver\u00e1 a tener presencia nacional con la incorporaci\u00f3n de un edificio propio para el funcionamiento de la Agencia Buenos Aires.<\/p>\n<p>Los planes y las ideas para seguir creciendo son much\u00edsimas. Muchas gracias a nuestros lectores y auspiciantes que conf\u00edan en nuestro producto. Feliz cumplea\u00f1os a todos los que hacemos el querido diario R\u00edo Negro. <\/p>\n<p>*Editor Responsable<\/p>\n","protected":false},"excerpt":{"rendered":"<p>En una \u00e9poca en que la desinformaci\u00f3n se hace cada vez m\u00e1s presente en la vida de las personas, diario R\u00cdO NEGRO se encuentra en un firme camino de acercamiento a las comunidades a trav\u00e9s de ejes de trabajo inexpugnables como son la ecuanimidad y la excelencia en todas sus plataformas. Los 114 a\u00f1os de [&hellip;]<\/p>\n","protected":false},"author":1,"featured_media":15294,"comment_status":"","ping_status":"","sticky":false,"template":"","format":"standard","meta":{"_monsterinsights_skip_tracking":false,"_monsterinsights_sitenote_active":false,"_monsterinsights_sitenote_note":"","_monsterinsights_sitenote_category":0,"footnotes":"","jetpack_publicize_message":"","jetpack_publicize_feature_enabled":true,"jetpack_social_post_already_shared":true,"jetpack_social_options":{"image_generator_settings":{"template":"highway","default_image_id":0,"font":"","enabled":false},"version":2}},"categories":[5],"tags":[],"class_list":["post-15293","post","type-post","status-publish","format-standard","has-post-thumbnail","hentry","category-politica"],"aioseo_notices":[],"jetpack_publicize_connections":[],"amp_enabled":true,"_links":{"self":[{"href":"https:\/\/noticiasdeangostura.com.ar\/index.php?rest_route=\/wp\/v2\/posts\/15293","targetHints":{"allow":["GET"]}}],"collection":[{"href":"https:\/\/noticiasdeangostura.com.ar\/index.php?rest_route=\/wp\/v2\/posts"}],"about":[{"href":"https:\/\/noticiasdeangostura.com.ar\/index.php?rest_route=\/wp\/v2\/types\/post"}],"author":[{"embeddable":true,"href":"https:\/\/noticiasdeangostura.com.ar\/index.php?rest_route=\/wp\/v2\/users\/1"}],"replies":[{"embeddable":true,"href":"https:\/\/noticiasdeangostura.com.ar\/index.php?rest_route=%2Fwp%2Fv2%2Fcomments&post=15293"}],"version-history":[{"count":0,"href":"https:\/\/noticiasdeangostura.com.ar\/index.php?rest_route=\/wp\/v2\/posts\/15293\/revisions"}],"wp:featuredmedia":[{"embeddable":true,"href":"https:\/\/noticiasdeangostura.com.ar\/index.php?rest_route=\/wp\/v2\/media\/15294"}],"wp:attachment":[{"href":"https:\/\/noticiasdeangostura.com.ar\/index.php?rest_route=%2Fwp%2Fv2%2Fmedia&parent=15293"}],"wp:term":[{"taxonomy":"category","embeddable":true,"href":"https:\/\/noticiasdeangostura.com.ar\/index.php?rest_route=%2Fwp%2Fv2%2Fcategories&post=15293"},{"taxonomy":"post_tag","embeddable":true,"href":"https:\/\/noticiasdeangostura.com.ar\/index.php?rest_route=%2Fwp%2Fv2%2Ftags&post=15293"}],"curies":[{"name":"wp","href":"https:\/\/api.w.org\/{rel}","templated":true}]}}