{"id":15307,"date":"2026-05-01T06:38:43","date_gmt":"2026-05-01T09:38:43","guid":{"rendered":"https:\/\/noticiasdeangostura.com.ar\/?p=15307"},"modified":"2026-05-01T06:38:43","modified_gmt":"2026-05-01T09:38:43","slug":"homicidio-en-loncopue-un-jurado-declaro-culpable-por-unanimidad-al-acusado","status":"publish","type":"post","link":"https:\/\/noticiasdeangostura.com.ar\/?p=15307","title":{"rendered":"Homicidio en Loncopu\u00e9: un jurado declar\u00f3 culpable por unanimidad al acusado"},"content":{"rendered":"<p> <br \/>\n<br \/><\/p>\n<p>Juan Pedro Cides fue declarado penalmente responsable por el homicidio de Franco Daniel Ram\u00edrez, ocurrido el 1 de junio de 2025 en el barrio 114 Viviendas. La fiscal\u00eda prob\u00f3 que el ataque fue cometido con alevos\u00eda.<\/p>\n<p>La fiscal\u00eda asegura que se trat\u00f3 de un ataque a traici\u00f3n.<\/p>\n<div>\n<p><strong>Un jurado popular declar\u00f3 culpable por unanimidad a Juan Pedro Cides por el homicidio de Franco Daniel Ram\u00edrez<\/strong>, ocurrido el 1 de junio de 2025 en la localidad de <a href=\"https:\/\/www.alertadigital.ar\/noticias\/2026\/04\/29\/163254-tragedia-en-loncopue-un-vecino-murio-tras-el-ataque-de-un-enjambre-de-chaquetas-amarillas\"><strong>Loncopu\u00e9<\/strong><\/a>. El veredicto aval\u00f3 la acusaci\u00f3n sostenida durante el juicio por la fiscal del caso Laura Pizzipaulo.<\/p>\n<p>El debate se desarroll\u00f3 durante tres jornadas y estuvo a cargo de un jurado integrado por 12 ciudadanos y ciudadanas, con igualdad de g\u00e9nero, bajo la direcci\u00f3n de la jueza t\u00e9cnica Carolina Gonz\u00e1lez. Tras escuchar a las partes, <strong>el jurado deliber\u00f3 durante unos 40 minutos y emiti\u00f3 el veredicto de responsabilidad penal por unanimidad.<\/strong><\/p>\n<h2>El crimen durante una reuni\u00f3n en una vivienda<\/h2>\n<p>De acuerdo con la teor\u00eda del caso del Ministerio P\u00fablico Fiscal, el hecho <strong>ocurri\u00f3 alrededor de las 4 de la madrugada<\/strong> en una vivienda del barrio 114 Viviendas de Loncopu\u00e9, donde un grupo de personas compart\u00eda una comida y jugaba al truco.<\/p>\n<p>Seg\u00fan la acusaci\u00f3n que fue probada durante el debate, minutos antes del ataque se hab\u00eda producido una discusi\u00f3n menor a partir de un chiste. La situaci\u00f3n se calm\u00f3, pero poco despu\u00e9s <strong>Cides se levant\u00f3 de su silla con un cuchillo oculto entre sus ropas, rode\u00f3 la mesa y atac\u00f3 a Ram\u00edrez sin mediar palabra.<\/strong><\/p>\n<p><span style=\"background-color: #fbeeb8;\">La fiscal\u00eda sostuvo que el acusado le dio una pu\u00f1alada<strong> a la altura del coraz\u00f3n<\/strong>, lo que provoc\u00f3 la muerte de la v\u00edctima.<\/span><\/p>\n<h2>La fiscal\u00eda sostuvo que fue un ataque a traici\u00f3n<\/h2>\n<p>Durante el juicio, Pizzipaulo plante\u00f3 que el ataque fue s\u00fabito y a traici\u00f3n. Tambi\u00e9n sostuvo que el imputado aprovech\u00f3 el estado de vulnerabilidad de la v\u00edctima, quien ten\u00eda un <strong>alto nivel de alcohol en sangre<\/strong>, lo que le imped\u00eda reaccionar o defenderse.<\/p>\n<p>Con ese planteo, la fiscal\u00eda atribuy\u00f3 a Cides el delito de homicidio agravado por alevos\u00eda, en car\u00e1cter de autor. Esa calificaci\u00f3n legal fue respaldada por el jurado popular al emitir el veredicto de responsabilidad.<\/p>\n<p>En el debate <strong>declararon testigos presenciales y peritos<\/strong>, y tambi\u00e9n se incorpor\u00f3 <strong>prueba documental y cient\u00edfica.<\/strong><\/p>\n<p>Tras el veredicto de culpabilidad, el proceso continuar\u00e1 con una nueva audiencia para definir la pena que deber\u00e1 cumplir el condenado.<\/p>\n<p>Esa instancia se conoce como juicio de cesura y deber\u00e1 ser fijada por la Oficina Judicial. All\u00ed las partes expondr\u00e1n sus planteos sobre el monto de la condena, de acuerdo con la calificaci\u00f3n legal por la que Cides fue declarado responsable.<\/p>\n<\/p><\/div>\n","protected":false},"excerpt":{"rendered":"<p>Juan Pedro Cides fue declarado penalmente responsable por el homicidio de Franco Daniel Ram\u00edrez, ocurrido el 1 de junio de 2025 en el barrio 114 Viviendas. La fiscal\u00eda prob\u00f3 que el ataque fue cometido con alevos\u00eda. La fiscal\u00eda asegura que se trat\u00f3 de un ataque a traici\u00f3n. Un jurado popular declar\u00f3 culpable por unanimidad a [&hellip;]<\/p>\n","protected":false},"author":1,"featured_media":15308,"comment_status":"","ping_status":"","sticky":false,"template":"","format":"standard","meta":{"_monsterinsights_skip_tracking":false,"_monsterinsights_sitenote_active":false,"_monsterinsights_sitenote_note":"","_monsterinsights_sitenote_category":0,"footnotes":"","jetpack_publicize_message":"","jetpack_publicize_feature_enabled":true,"jetpack_social_post_already_shared":true,"jetpack_social_options":{"image_generator_settings":{"template":"highway","default_image_id":0,"font":"","enabled":false},"version":2}},"categories":[1],"tags":[],"class_list":["post-15307","post","type-post","status-publish","format-standard","has-post-thumbnail","hentry","category-ultimas-noticias"],"aioseo_notices":[],"jetpack_publicize_connections":[],"amp_enabled":true,"_links":{"self":[{"href":"https:\/\/noticiasdeangostura.com.ar\/index.php?rest_route=\/wp\/v2\/posts\/15307","targetHints":{"allow":["GET"]}}],"collection":[{"href":"https:\/\/noticiasdeangostura.com.ar\/index.php?rest_route=\/wp\/v2\/posts"}],"about":[{"href":"https:\/\/noticiasdeangostura.com.ar\/index.php?rest_route=\/wp\/v2\/types\/post"}],"author":[{"embeddable":true,"href":"https:\/\/noticiasdeangostura.com.ar\/index.php?rest_route=\/wp\/v2\/users\/1"}],"replies":[{"embeddable":true,"href":"https:\/\/noticiasdeangostura.com.ar\/index.php?rest_route=%2Fwp%2Fv2%2Fcomments&post=15307"}],"version-history":[{"count":0,"href":"https:\/\/noticiasdeangostura.com.ar\/index.php?rest_route=\/wp\/v2\/posts\/15307\/revisions"}],"wp:featuredmedia":[{"embeddable":true,"href":"https:\/\/noticiasdeangostura.com.ar\/index.php?rest_route=\/wp\/v2\/media\/15308"}],"wp:attachment":[{"href":"https:\/\/noticiasdeangostura.com.ar\/index.php?rest_route=%2Fwp%2Fv2%2Fmedia&parent=15307"}],"wp:term":[{"taxonomy":"category","embeddable":true,"href":"https:\/\/noticiasdeangostura.com.ar\/index.php?rest_route=%2Fwp%2Fv2%2Fcategories&post=15307"},{"taxonomy":"post_tag","embeddable":true,"href":"https:\/\/noticiasdeangostura.com.ar\/index.php?rest_route=%2Fwp%2Fv2%2Ftags&post=15307"}],"curies":[{"name":"wp","href":"https:\/\/api.w.org\/{rel}","templated":true}]}}