{"id":15315,"date":"2026-05-01T07:39:56","date_gmt":"2026-05-01T10:39:56","guid":{"rendered":"https:\/\/noticiasdeangostura.com.ar\/?p=15315"},"modified":"2026-05-01T07:39:56","modified_gmt":"2026-05-01T10:39:56","slug":"comenzo-la-aplicacion-de-microaglomerado-en-la-ruta-provincial-13","status":"publish","type":"post","link":"https:\/\/noticiasdeangostura.com.ar\/?p=15315","title":{"rendered":"Comenz\u00f3 la aplicaci\u00f3n de microaglomerado en la ruta provincial 13"},"content":{"rendered":"<p> <br \/>\n<br \/><\/p>\n<p>Vialidad provincial avanza con nuevas tareas de conservaci\u00f3n en el tramo Zapala-Primeros Pinos. Los trabajos se ejecutar\u00e1n de manera progresiva, seg\u00fan las condiciones clim\u00e1ticas.<\/p>\n<div>\n<p>El Gobierno de la Provincia del Neuqu\u00e9n, a trav\u00e9s del ministerio de Infraestructura y la direcci\u00f3n provincial de Vialidad, inici\u00f3 la aplicaci\u00f3n de microaglomerado asf\u00e1ltico sobre la ruta provincial 13, en el tramo que conecta Zapala con Primeros Pinos, una v\u00eda estrat\u00e9gica para la conectividad regional y el desarrollo tur\u00edstico.<\/p>\n<p>Esta intervenci\u00f3n se ejecuta sobre sectores previamente remediados y consiste en la colocaci\u00f3n de una capa delgada que permite mejorar la superficie de rodamiento y prolongar la vida \u00fatil del pavimento.<\/p>\n<p>En simult\u00e1neo, los equipos de Vialidad provincial contin\u00faan desarrollando tareas de bacheo, recalce de banquinas y acondicionamiento de calzada en distintos puntos de la traza, con el objetivo de optimizar las condiciones de transitabilidad y reforzar la seguridad vial.<\/p>\n<p>Desde el organismo informaron que la aplicaci\u00f3n del microaglomerado avanzar\u00e1 de manera progresiva y estar\u00e1 sujeta a las condiciones clim\u00e1ticas, ya que las mismas son determinantes a la hora de su colocaci\u00f3n.<\/p>\n<p>Las tareas forman parte del Plan Estrat\u00e9gico de Rehabilitaci\u00f3n de la Red Vial Provincial, que contempla intervenciones sobre m\u00e1s de 1.100 kil\u00f3metros de rutas pavimentadas, priorizando corredores clave para la producci\u00f3n, el turismo y la integraci\u00f3n territorial.<\/p>\n<p>En el caso de la ruta provincial 13, los trabajos se desarrollan sobre un tramo de 50 kil\u00f3metros entre Zapala y Primeros Pinos, considerado estrat\u00e9gico dentro del Corredor del Pehu\u00e9n, ya que vincula la zona centro de la provincia con destinos tur\u00edsticos como Villa Pehuenia.<\/p>\n<p>La mejora de esta traza representa un avance significativo en t\u00e9rminos de conectividad, seguridad y desarrollo regional, beneficiando tanto a quienes la transitan a diario como a la actividad tur\u00edstica y productiva de la regi\u00f3n.<\/p>\n<\/p><\/div>\n<p><script type=\"ba6809dfef6252d1c9c6d739-text\/javascript\">\n    window.addEventListener('load', () => {\n        if (typeof FB !== 'undefined' && FB.init) {\n            \/\/ La SDK de Facebook est\u00e1 inicializada\n        } else {\n            \/\/ La SDK de Facebook no est\u00e1 inicializada\n            var script = document.createElement('script');\n            script.async = true;\n            script.defer = true;\n            script.crossOrigin = 'anonymous';\n            script.src=\"https:\/\/connect.facebook.net\/es_LA\/sdk.js#xfbml=1&version=v17.0&appId=868452105110858&autoLogAppEvents=1\";\n            script.nonce=\"eBgX2sTe\";\n            document.head.appendChild(script);\n        }\n        \/* FIX YOUTUBE (fix width) *\/\n        var youtubeIframes = document.querySelectorAll('iframe[src*=\"youtube.com\/embed\"]');\n        youtubeIframes.forEach(function(iframe) {\n            var containerWidth = iframe.parentElement.clientWidth || iframe.parentElement.offsetWidth;\n            if(containerWidth && iframe.width > containerWidth){\n                iframe.width = containerWidth;\n                iframe.height = (containerWidth \/ 16) * 9; \/\/ Assuming a 16:9 aspect ratio\n            }\n        });\n    });\n<\/script><\/p>\n","protected":false},"excerpt":{"rendered":"<p>Vialidad provincial avanza con nuevas tareas de conservaci\u00f3n en el tramo Zapala-Primeros Pinos. Los trabajos se ejecutar\u00e1n de manera progresiva, seg\u00fan las condiciones clim\u00e1ticas. El Gobierno de la Provincia del Neuqu\u00e9n, a trav\u00e9s del ministerio de Infraestructura y la direcci\u00f3n provincial de Vialidad, inici\u00f3 la aplicaci\u00f3n de microaglomerado asf\u00e1ltico sobre la ruta provincial 13, en [&hellip;]<\/p>\n","protected":false},"author":1,"featured_media":15316,"comment_status":"","ping_status":"","sticky":false,"template":"","format":"standard","meta":{"_monsterinsights_skip_tracking":false,"_monsterinsights_sitenote_active":false,"_monsterinsights_sitenote_note":"","_monsterinsights_sitenote_category":0,"footnotes":""},"categories":[4],"tags":[1291,311,2665,47,731],"class_list":["post-15315","post","type-post","status-publish","format-standard","has-post-thumbnail","hentry","category-regionales","tag-aplicacion","tag-comenzo","tag-microaglomerado","tag-provincial","tag-ruta"],"aioseo_notices":[],"amp_enabled":true,"_links":{"self":[{"href":"https:\/\/noticiasdeangostura.com.ar\/index.php?rest_route=\/wp\/v2\/posts\/15315","targetHints":{"allow":["GET"]}}],"collection":[{"href":"https:\/\/noticiasdeangostura.com.ar\/index.php?rest_route=\/wp\/v2\/posts"}],"about":[{"href":"https:\/\/noticiasdeangostura.com.ar\/index.php?rest_route=\/wp\/v2\/types\/post"}],"author":[{"embeddable":true,"href":"https:\/\/noticiasdeangostura.com.ar\/index.php?rest_route=\/wp\/v2\/users\/1"}],"replies":[{"embeddable":true,"href":"https:\/\/noticiasdeangostura.com.ar\/index.php?rest_route=%2Fwp%2Fv2%2Fcomments&post=15315"}],"version-history":[{"count":0,"href":"https:\/\/noticiasdeangostura.com.ar\/index.php?rest_route=\/wp\/v2\/posts\/15315\/revisions"}],"wp:featuredmedia":[{"embeddable":true,"href":"https:\/\/noticiasdeangostura.com.ar\/index.php?rest_route=\/wp\/v2\/media\/15316"}],"wp:attachment":[{"href":"https:\/\/noticiasdeangostura.com.ar\/index.php?rest_route=%2Fwp%2Fv2%2Fmedia&parent=15315"}],"wp:term":[{"taxonomy":"category","embeddable":true,"href":"https:\/\/noticiasdeangostura.com.ar\/index.php?rest_route=%2Fwp%2Fv2%2Fcategories&post=15315"},{"taxonomy":"post_tag","embeddable":true,"href":"https:\/\/noticiasdeangostura.com.ar\/index.php?rest_route=%2Fwp%2Fv2%2Ftags&post=15315"}],"curies":[{"name":"wp","href":"https:\/\/api.w.org\/{rel}","templated":true}]}}