{"id":15317,"date":"2026-05-01T08:37:45","date_gmt":"2026-05-01T11:37:45","guid":{"rendered":"https:\/\/noticiasdeangostura.com.ar\/?p=15317"},"modified":"2026-05-01T08:37:45","modified_gmt":"2026-05-01T11:37:45","slug":"precaucion-en-la-ruta-40-asi-seran-las-restricciones-de-este-viernes-por-el-evento-deportivo-en-siete-lagos","status":"publish","type":"post","link":"https:\/\/noticiasdeangostura.com.ar\/?p=15317","title":{"rendered":"Precauci\u00f3n en la Ruta 40: as\u00ed ser\u00e1n las restricciones de este viernes por el evento deportivo en Siete Lagos"},"content":{"rendered":"<p> <br \/>\n<\/p>\n<p>Vialidad Nacional inform\u00f3 que este viernes 1 de mayo la Ruta Nacional 40 presentar\u00e1 restricciones debido a un evento deportivo que se desarrollar\u00e1 en el camino de los Siete Lagos. <\/p>\n<p>Debido a que se trata de un feriado y el inicio de un fin de semana largo, se prev\u00e9 gran circulaci\u00f3n de veh\u00edculos por ello solicitan manejar con precauci\u00f3n. <\/p>\n<p>Detalles de las restricciones por el evento deportivo en Siete Lagos<\/p>\n<p>El organismo nacional detall\u00f3 que por la actividad, se encontrar\u00e1 reducida la calzada en la Ruta Nacional, precisamente en el tramo comprendido entre Cerro Negro (km 2202,5) y San Martin de los Andes. <\/p>\n<p>Las restricciones inciar\u00e1n a las 10 y se extender\u00e1n hasta el mediod\u00eda, aproximadamente las 12. <\/p>\n<p>En el lugar se encontrar\u00e1 personal policial asistiendo el tr\u00e1nsito.<\/p>\n<p>Solicitan transitar con extrema precauci\u00f3n, sobre todo porque tambi\u00e9n \u00abse preveen bajas temperaturas durante la madrugada con posibles nevadas en cotas altas y lluvia en el resto del tramo. Baja adherencia\u00bb. <\/p>\n","protected":false},"excerpt":{"rendered":"<p>Vialidad Nacional inform\u00f3 que este viernes 1 de mayo la Ruta Nacional 40 presentar\u00e1 restricciones debido a un evento deportivo que se desarrollar\u00e1 en el camino de los Siete Lagos. Debido a que se trata de un feriado y el inicio de un fin de semana largo, se prev\u00e9 gran circulaci\u00f3n de veh\u00edculos por ello [&hellip;]<\/p>\n","protected":false},"author":1,"featured_media":15318,"comment_status":"","ping_status":"","sticky":false,"template":"","format":"standard","meta":{"_monsterinsights_skip_tracking":false,"_monsterinsights_sitenote_active":false,"_monsterinsights_sitenote_note":"","_monsterinsights_sitenote_category":0,"footnotes":""},"categories":[5],"tags":[],"class_list":["post-15317","post","type-post","status-publish","format-standard","has-post-thumbnail","hentry","category-politica"],"aioseo_notices":[],"amp_enabled":true,"_links":{"self":[{"href":"https:\/\/noticiasdeangostura.com.ar\/index.php?rest_route=\/wp\/v2\/posts\/15317","targetHints":{"allow":["GET"]}}],"collection":[{"href":"https:\/\/noticiasdeangostura.com.ar\/index.php?rest_route=\/wp\/v2\/posts"}],"about":[{"href":"https:\/\/noticiasdeangostura.com.ar\/index.php?rest_route=\/wp\/v2\/types\/post"}],"author":[{"embeddable":true,"href":"https:\/\/noticiasdeangostura.com.ar\/index.php?rest_route=\/wp\/v2\/users\/1"}],"replies":[{"embeddable":true,"href":"https:\/\/noticiasdeangostura.com.ar\/index.php?rest_route=%2Fwp%2Fv2%2Fcomments&post=15317"}],"version-history":[{"count":0,"href":"https:\/\/noticiasdeangostura.com.ar\/index.php?rest_route=\/wp\/v2\/posts\/15317\/revisions"}],"wp:featuredmedia":[{"embeddable":true,"href":"https:\/\/noticiasdeangostura.com.ar\/index.php?rest_route=\/wp\/v2\/media\/15318"}],"wp:attachment":[{"href":"https:\/\/noticiasdeangostura.com.ar\/index.php?rest_route=%2Fwp%2Fv2%2Fmedia&parent=15317"}],"wp:term":[{"taxonomy":"category","embeddable":true,"href":"https:\/\/noticiasdeangostura.com.ar\/index.php?rest_route=%2Fwp%2Fv2%2Fcategories&post=15317"},{"taxonomy":"post_tag","embeddable":true,"href":"https:\/\/noticiasdeangostura.com.ar\/index.php?rest_route=%2Fwp%2Fv2%2Ftags&post=15317"}],"curies":[{"name":"wp","href":"https:\/\/api.w.org\/{rel}","templated":true}]}}