{"id":15321,"date":"2026-05-01T08:43:40","date_gmt":"2026-05-01T11:43:40","guid":{"rendered":"https:\/\/noticiasdeangostura.com.ar\/?p=15321"},"modified":"2026-05-01T08:43:40","modified_gmt":"2026-05-01T11:43:40","slug":"la-que-tarde-que-peron-perdio-la-paciencia-y-les-dijo-estupidos-e-imberbes-a-los-montoneros","status":"publish","type":"post","link":"https:\/\/noticiasdeangostura.com.ar\/?p=15321","title":{"rendered":"La que tarde que Per\u00f3n perdi\u00f3 la paciencia y les dijo \u00abest\u00fapidos\u00bb e \u00abimberbes\u00bb a los Montoneros"},"content":{"rendered":"<p> <br \/>\n<br \/><\/p>\n<p>\t\t\t\t\t\tLa palabra \u00abimberbes\u00bb se us\u00f3 antes y se habr\u00e1 usado despu\u00e9s en otros contextos, pero est\u00e1 claro que para el diccionario de la historia y la pol\u00edtica argentina \u00abla invent\u00f3 Per\u00f3n\u00bb, como postulan unos memes justicialistas que circulan. Faltaban dos meses para su muerte cuando el l\u00edder la pronunci\u00f3 en el balc\u00f3n de la Casa Rosada el 1 de mayo de 1974. Ya ven\u00eda enojado con los grupos que \u00e9l mismo hab\u00eda llamado \u00abjuventud maravillosa\u00bb pero ahora le hab\u00edan hecho perder la paciencia.    \u00abImberbes\u00bb, un vocablo casi del registro culto, era algo m\u00e1s m\u00e1s elegante que la calificaci\u00f3n que les hab\u00eda aplicado 1 minuto y 19 segundos antes, cuando los llam\u00f3 \u00abest\u00fapidos que gritan\u00bb.    Si se toma el discurso neto, la distancia entre un t\u00e9rmino y el otro fue solo de 19 segundos. Lo que sucedi\u00f3 fue que en el medio, Per\u00f3n hizo una pausa de un minuto exacto, donde el grito \u00abPer\u00f3n\/Evita\/ la patria peronista\u00bb se impuso como la respuesta a la versi\u00f3n que en ese mismo momento cantaba la otra mitad de plaza: \u00abPer\u00f3n\/Evita\/la Patria socialista\u00bb.<\/p>\n<p>        Esto no les gusta a los autoritarios<\/p>\n<p>                El ejercicio del periodismo profesional y cr\u00edtico es un pilar fundamental de la democracia. Por eso molesta a quienes creen ser los due\u00f1os de la verdad.<\/p>\n<p>    La palabra de diferencia era la grieta que divid\u00eda al movimiento en esos d\u00edas, que coincidieron con los \u00faltimos de la vida del l\u00edder, que muri\u00f3 el 1 de julio.        Pero ese 1 mayo de 1974 fue un d\u00eda incre\u00edble. En la memoria quedaron fijados los sucesos de la tarde, cuando Per\u00f3n sali\u00f3 al balc\u00f3n para hablar a la multitud en la plaza por ante\u00faltima vez en su vida. Pero la ma\u00f1ana tambi\u00e9n hab\u00eda sido importante. En el Congreso, durante la Asamblea Legislativa, hab\u00eda anunciado su \u00abModelo argentino para el proyecto nacional\u00bb, un documento que muchos especialistas consideran una de sus piezas m\u00e1s elaboradas y su verdadero testamento pol\u00edtico.    Los \u00faltimos 100 d\u00edas de Per\u00f3n: el decreto secreto para \u00abeliminar las acciones subversivas violentas y no violentas\u00bb    Ese d\u00eda Per\u00f3n habl\u00f3 del lugar que deb\u00edan ceder los localismos en favor de una \u00abcontinentalizaci\u00f3n\u00bb. De tercermundismo, y tambi\u00e9n de ecolog\u00eda, vinculada con todo lo dem\u00e1s. \u00abLa lucha por la liberaci\u00f3n es, en gran medida, lucha tambi\u00e9n por los recursos y la preservaci\u00f3n ecol\u00f3gica, y en ella estamos empe\u00f1ados. Los pueblos del Tercer Mundo albergan las grandes reservas de materias primas, particularmente las agotables. Pas\u00f3 la \u00e9poca en que pod\u00edan tomarse riquezas por la fuerza, con el argumento de la lucha pol\u00edtica entre pa\u00edses o entre ideolog\u00edas\u00bb.            Un Per\u00f3n l\u00facido y adelantado en el tiempo tambi\u00e9n habl\u00f3 de la violencia. \u00abHubo y hay todav\u00eda sangre entre nosotros\u00bb, dijo y apunt\u00f3 a los \u00abagentes del caos son los que tratan, in\u00fatilmente, de fomentar la violencia como alternativa a nuestro irrevocable prop\u00f3sito de alcanzar en paz el desarrollo propio y la integraci\u00f3n latinoamericana, \u00fanicas metas para evitar que el a\u00f1o 2000 nos encuentre sometidos a cualquier imperialismo\u00bb.        1 de mayo de 1974: la expresi\u00f3n dram\u00e1tica de la realidad    A la tarde, Per\u00f3n iba a tener la expresi\u00f3n dram\u00e1tica de la realidad delante de sus ojos. Despu\u00e9s de la coronaci\u00f3n de la \u00abReina del Trabajo\u00bb, una tradici\u00f3n del primer peronismo que se manten\u00eda y ese d\u00eda estuvo a cargo de Isabel Per\u00f3n, la tensi\u00f3n en la plaza fue creciendo cada vez m\u00e1s. Parec\u00eda milagroso que los dos sectores bien diferenciados y en pugna no se cruzaran m\u00e1s all\u00e1 de los c\u00e1nticos.    Los \u00faltimos 100 d\u00edas de Per\u00f3n: el pron\u00f3stico angustiante sobre la salud y el \u00abencuadramiento\u00bb que nunca lleg\u00f3    Para ese d\u00eda, la CGT hab\u00eda empapelado la Ciudad y el conurbano bonaerense con carteles con la consigna \u00ab\u00a1Conformes, General!\u00bb. Aunque la llamada Gran Paritaria Nacional no hab\u00eda llegado a compensar la inflaci\u00f3n creciente, los sindicatos pon\u00edan por delante la fidelidad con el l\u00edder. Y apoyaban casi sin peros.    La ebullici\u00f3n estaba del lado del ala izquierda del movimiento, con un alto protagonismo de Montoneros. Mario Eduardo Firmenich hab\u00eda terminado su discurso en un acto reciente en Atlanta anunciando que ir\u00edan al acto \u201cpara decirle personalmente al general todo lo que pensamos\u201d. La organizaci\u00f3n, adem\u00e1s, hab\u00eda publicado una solicitada donde aclaraba que convocaba a la Plaza \u00aba pesar de las amenazas y la intimidaci\u00f3n\u00bb. Enumeraba secuestros, torturas y asesinatos de militantes, y medidas vinculadas a la censura, como la clausura de la revista \u00abEl Descamisado\u00bb. Llamaban al acto \u00abAsamblea popular del 1 de Mayo\u00bb y convocaban a asistir para \u00abreclamar la defensa del salario\u00bb, \u00abpedir la repatriaci\u00f3n de los restos de Evita\u00bb, \u00abreclamar tierra y vivienda para los villeros\u00bb y \u00abexigir la liberaci\u00f3n inmediata de los presos peronistas\u00bb.        \u00abLos Montoneros sosten\u00edan oficialmente que si lograban romper el cerco creado por el ministro de Bienestar Social, Jos\u00e9 L\u00f3pez Rega, en torno a Per\u00f3n, ser\u00eda posible que el gobierno se orientara hacia la construcci\u00f3n de la patria socialista. Argumentaban que las medidas del presidente contra la izquierda peronista obedec\u00edan a la ausencia del contacto directo con el pueblo, que ellos defin\u00edan como la esencia del peronismo. Por eso, para ellos este acto ten\u00eda car\u00e1cter crucial y decisivo y all\u00ed deb\u00edan hacer escuchar sus cr\u00edticas y demostrar su fuerza\u00bb, explica Mar\u00eda Sof\u00eda Vasallo, doctora en Ciencias Sociales y magister en An\u00e1lisis del Discurso de la UBA, en su trabajo \u00abEl di\u00e1logo entre Per\u00f3n y la multitud del 1\u00ba de mayo de 1974\u00bb.         La tarde en que Per\u00f3n eligi\u00f3    Por parte de Per\u00f3n, la confianza estaba rota desde la herida profunda que hab\u00eda representado el asesinato de l\u00edder cegetista Jos\u00e9 Ignacio Rucci, el dirigente del movimiento por el que el l\u00edder sent\u00eda m\u00e1s afecto personal.    Con \u00ablos j\u00f3venes\u00bb (como \u00e9l mismo los llamaba de forma gen\u00e9rica) ven\u00eda renegando y ret\u00e1ndolos hac\u00eda meses. Pero esa tarde soleada de oto\u00f1o, Per\u00f3n iba a terminar de elegir.    Montoneros y todos sus frentes \u00abhicieron un gran esfuerzo de movilizaci\u00f3n y ocuparon, aproximadamente, entre un tercio y la mitad de la plaza. Sorteando la directiva originada en el General de no llevar carteles con identificaci\u00f3n de los grupos, los llevaron escondidos dentro de grandes bombos. Al iniciarse el acto con un festival art\u00edstico conducido por Antonio Carrizo, se impuso la consigna: \u00abNo queremos carnaval, asamblea popular'\u00bb, reconstruy\u00f3 Juan Manuel Abal Medina, de los dirigentes m\u00e1s cercanos al l\u00edder, en su libro \u00abConocer a Per\u00f3n\u00bb.    Por primera vez habl\u00f3 la viuda de Jos\u00e9 Ignacio Rucci: \u00abAqu\u00ed existieron militares y terroristas montoneros. Todos fueron asesinos\u00bb    Las columnas de Montoneros y la JP ocupaban el sector de la plaza del lado de la Catedral. Del centro hacia Hip\u00f3lito Yrigoyen estaban los sindicatos, que a la vez rodearon el palco. Al Presidente, ya en el balc\u00f3n, lo atacaron con el que tal vez qued\u00f3 como el hit de la tarde: \u00ab\u00bfQu\u00e9 pasa, qu\u00e9 pasa, qu\u00e9 pasa, General, que est\u00e1 lleno de gorilas el gobierno popular?\u00bb.    Otro estribillo pareci\u00f3 un golpe bajo dirigido a Isabel, que estaba al lado de su esposo:  \u00ab\u00a1No rompan m\u00e1s las bolas, Evita hay una sola!\u00bb.    Con unos gestos, el Presidente pidi\u00f3 silencio, y arranc\u00f3:    \u201cCompa\u00f1eros: hace hoy 20 a\u00f1os que en este mismo balc\u00f3n y con un d\u00eda luminoso como \u00e9ste, habl\u00e9 por \u00faltima vez a los trabajadores argentinos. Fue entonces cuando les recomend\u00e9 que ajustasen sus organizaciones porque ven\u00edan d\u00edas dif\u00edciles. No me equivoqu\u00e9 ni en la apreciaci\u00f3n de los d\u00edas que ven\u00edan ni en la calidad de la organizaci\u00f3n sindical, que se mantuvo a trav\u00e9s de 20 a\u00f1os, pese a estos est\u00fapidos que gritan\u201d.        Ah\u00ed vino el minuto exacto de la pausa del discurso, donde las consignas de los bandos se superpusieron. Per\u00f3n retom\u00f3: \u00abDec\u00eda que a trav\u00e9s de estos 20 a\u00f1os, las organizaciones sindicales se han mantenido inconmovibles, y hoy resulta que algunos imberbes pretenden tener m\u00e1s m\u00e9ritos que los que lucharon durante 20 a\u00f1os\u201d.    Hab\u00eda tomado definitivamente partido. Mientras en la plaza se escuchaba \u00ab\u00a1Se va a acabar\/se va a acabar\/ la burocracia sindical!\u00bb y \u00ab\u00a1Mon-to-neros, carajo!\u00bb, el general sigui\u00f3: \u00abPor eso, compa\u00f1eros, quiero que esta primera reuni\u00f3n del D\u00eda del Trabajador sea para rendir homenaje a esas organizaciones que han mantenido su fuerza org\u00e1nica y han visto caer a sus dirigentes asesinados, sin que todav\u00eda haya tronado el escarmiento\u201d.    No nombr\u00f3 a Rucci, pero los Montoneros entendieron perfectamente y fueron al l\u00edmite: \u00ab\u00a1Rucci, traidor, saludos a Vandor! \u00a1Rucci, traidor, saludos a Vandor!\u00bb, entonaron. Augusto \u00abEl Lobo\u00bb Vandor, l\u00edder metal\u00fargico, que en los tiempos del exilio del general lleg\u00f3 a so\u00f1ar con un \u00abperonismo sin Per\u00f3n\u00bb, hab\u00eda sido asesinado a tiros en su oficina 5 a\u00f1os antes.    Per\u00f3n sigui\u00f3 con los elogios a los sindicatos y a los trabajadores, describi\u00e9ndolos como \u00abla columna vertebral de nuestro Movimiento\u00bb. Y prometi\u00f3 liberar a la Argentina \u00abno solamente del colonialismo que viene azotando a la Rep\u00fablica a trav\u00e9s de tantos a\u00f1os, sino tambi\u00e9n de estos infiltrados que trabajan adentro y que traidoramente son m\u00e1s peligrosos que los que trabajan desde afuera, sin contar que la mayor\u00eda de ellos son mercenarios al servicio del dinero extranjero\u00bb.         \u00bfLos Montoneros se fueron o Per\u00f3n los ech\u00f3?    El discurso fue breve: dur\u00f3 poco m\u00e1s de 17 minutos. Los Montoneros y los grupos afines escucharon solo una parte, porque, defraudados por el l\u00edder, se empezaron ir de la plaza. \u00abAserr\u00edn, aserr\u00e1n, es el pueblo el que se va\u00bb, marcaban en la retirada. Antes de ser acalladas por los propios, se llegaron a escuchar otras estrofas m\u00e1s fuertes, o ya en el terreno de la desubicaci\u00f3n: \u00abAtenci\u00f3n, atenci\u00f3n\/ en el gobierno hay un traidor\/ que se llama Juan Per\u00f3n\u201d, y  \u201cVea, vea, vea\/ qu\u00e9 manga de boludos\/ votamos una muerta, una puta y un cornudo\u201d, en referencia a Evita, Isabel y el propio Per\u00f3n.    Mientras, por su lado, la mitad de la plaza bendecida por el discurso del l\u00edder cantaba: \u00ab\u00a1Ni yanquis ni marxistas, peronistas!\u00bb.        La retirada de Montoneros fue tumultuosa: hubo choques con los militantes sindicales, a las pi\u00f1as, palazos y con piedras y cadenas. No hubo muertos, pero s\u00ed varios heridos.    \u00bfLos Montoneros se fueron de la plaza o Per\u00f3n los ech\u00f3? Depende de c\u00f3mo se mire. Aunque no fue verbalizado desde el palco, desde la propia organizaci\u00f3n aceptaron que las palabras del general habilitaron una instancia de enfrentamiento f\u00edsico en la plaza. Y que esa fue una forma indirecta de comunicarles que se retiraran.    Helic\u00f3ptero, golpe e intento de suicidio, la intimidad del final del gobierno de Isabel Per\u00f3n    Fernando Vaca Narvaja, uno de los fundadores de Montoneros, relat\u00f3 hace unos a\u00f1os que la organizaci\u00f3n hab\u00eda ido a la Plaza \u00abconsciente de que la relaci\u00f3n estaba rota\u00bb y que deb\u00edan \u00abevitar un enfrentamiento civil\u00bb.    Cont\u00f3 que el dirigente Oscar Alende les confi\u00f3 que cuando Per\u00f3n termin\u00f3 su discurso, ya dentro de la Casa Rosada, le dijo: \u00abBueno, de vez en cuando hay que darles un tir\u00f3n de orejas a los j\u00f3venes, pero no es nada\u00bb, minimizando el desplante. Y que en ese mismo momento instruy\u00f3 a L\u00f3pez Rega, para frenar una masacre: \u00abNo quiero que ocurra absolutamente nada y usted es el responsable\u00bb. Per\u00f3n no quer\u00eda otro Ezeiza en pleno centro de Buenos Aires.    Los jefes montoneros ten\u00eda el dato de que iban a ser emboscados al llegar a la Facultad de Derecho, donde hab\u00edan quedado los micros de las delegaciones del interior. Pero no sucedi\u00f3.    Vaca Narvaja cont\u00f3 que cuando la columna desconcentraba por Callao, la hizo frenar para generar un hecho pol\u00edtico. Que todos vieran cu\u00e1ntos eran y generar el efecto de que le hab\u00edan vaciado la plaza a Per\u00f3n. Record\u00f3 que en un momento mir\u00f3 hacia los balcones, en la zona pituca de Callao y Alvear, y vio a la gente sonriendo: \u00abSi estos tipos est\u00e1n contentos, es porque est\u00e1 todo mal\u00bb.    Juan Manuel Abal Medina cuenta en su libro que esa misma noche del 1 de mayo Per\u00f3n habl\u00f3 con Jorge Antonio, allegado fiel, que estaba en Espa\u00f1a. En 1983, el empresario le cont\u00f3 a la revista Gente detalles de esa conversaci\u00f3n. Concluy\u00f3 que \u00abese d\u00eda fue probablemente el m\u00e1s amargo de toda la vida de Per\u00f3n. Lo entristeci\u00f3 much\u00edsimo, decay\u00f3 y creo que, despu\u00e9s de eso, solo quer\u00eda morir\u00bb.    LT \/ ED  <\/p>\n","protected":false},"excerpt":{"rendered":"<p>La palabra \u00abimberbes\u00bb se us\u00f3 antes y se habr\u00e1 usado despu\u00e9s en otros contextos, pero est\u00e1 claro que para el diccionario de la historia y la pol\u00edtica argentina \u00abla invent\u00f3 Per\u00f3n\u00bb, como postulan unos memes justicialistas que circulan. Faltaban dos meses para su muerte cuando el l\u00edder la pronunci\u00f3 en el balc\u00f3n de la Casa [&hellip;]<\/p>\n","protected":false},"author":1,"featured_media":15322,"comment_status":"","ping_status":"","sticky":false,"template":"","format":"standard","meta":{"_monsterinsights_skip_tracking":false,"_monsterinsights_sitenote_active":false,"_monsterinsights_sitenote_note":"","_monsterinsights_sitenote_category":0,"footnotes":""},"categories":[11],"tags":[],"class_list":["post-15321","post","type-post","status-publish","format-standard","has-post-thumbnail","hentry","category-actualidad"],"aioseo_notices":[],"amp_enabled":true,"_links":{"self":[{"href":"https:\/\/noticiasdeangostura.com.ar\/index.php?rest_route=\/wp\/v2\/posts\/15321","targetHints":{"allow":["GET"]}}],"collection":[{"href":"https:\/\/noticiasdeangostura.com.ar\/index.php?rest_route=\/wp\/v2\/posts"}],"about":[{"href":"https:\/\/noticiasdeangostura.com.ar\/index.php?rest_route=\/wp\/v2\/types\/post"}],"author":[{"embeddable":true,"href":"https:\/\/noticiasdeangostura.com.ar\/index.php?rest_route=\/wp\/v2\/users\/1"}],"replies":[{"embeddable":true,"href":"https:\/\/noticiasdeangostura.com.ar\/index.php?rest_route=%2Fwp%2Fv2%2Fcomments&post=15321"}],"version-history":[{"count":0,"href":"https:\/\/noticiasdeangostura.com.ar\/index.php?rest_route=\/wp\/v2\/posts\/15321\/revisions"}],"wp:featuredmedia":[{"embeddable":true,"href":"https:\/\/noticiasdeangostura.com.ar\/index.php?rest_route=\/wp\/v2\/media\/15322"}],"wp:attachment":[{"href":"https:\/\/noticiasdeangostura.com.ar\/index.php?rest_route=%2Fwp%2Fv2%2Fmedia&parent=15321"}],"wp:term":[{"taxonomy":"category","embeddable":true,"href":"https:\/\/noticiasdeangostura.com.ar\/index.php?rest_route=%2Fwp%2Fv2%2Fcategories&post=15321"},{"taxonomy":"post_tag","embeddable":true,"href":"https:\/\/noticiasdeangostura.com.ar\/index.php?rest_route=%2Fwp%2Fv2%2Ftags&post=15321"}],"curies":[{"name":"wp","href":"https:\/\/api.w.org\/{rel}","templated":true}]}}