{"id":15325,"date":"2026-05-01T09:40:47","date_gmt":"2026-05-01T12:40:47","guid":{"rendered":"https:\/\/noticiasdeangostura.com.ar\/?p=15325"},"modified":"2026-05-01T09:40:47","modified_gmt":"2026-05-01T12:40:47","slug":"el-domingo-sera-el-dia-de-neuquen-en-la-feria-internacional-del-libro-de-buenos-aires","status":"publish","type":"post","link":"https:\/\/noticiasdeangostura.com.ar\/?p=15325","title":{"rendered":"El domingo ser\u00e1 el D\u00eda de Neuqu\u00e9n en la Feria Internacional del Libro de Buenos Aires"},"content":{"rendered":"<p> <br \/>\n<br \/><\/p>\n<p>La jornada dedicada a la provincia incluir\u00e1 la presentaci\u00f3n de libros y distintas propuestas coordinadas desde la secretar\u00eda de Cultura.<\/p>\n<div>\n<p>El Gobierno de la Provincia, a trav\u00e9s del ministerio de Juventud, Deportes y Cultura, llevar\u00e1 adelante este domingo 3 de mayo el D\u00eda de Neuqu\u00e9n, una jornada hist\u00f3rica dentro de la 50\u00b0 Feria Internacional del Libro de Buenos Aires (FILBA 2026), que se desarrolla desde el 23 de abril hasta el 11 de mayo en el predio de La Rural.<\/p>\n<p>La presencia cultural neuquina se presenta bajo el lema regional \u00abPatagonia, Territorio Literario\u00bb, integrando un stand unificado del Ente Cultural Patagonia. Bajo una fuerte impronta federal, la jornada ser\u00e1 el escenario para la presentaci\u00f3n de obras emblem\u00e1ticas, el diagn\u00f3stico del sector editorial y un s\u00f3lido respaldo institucional a escritores de la provincia.<\/p>\n<p>La delegaci\u00f3n oficial neuquina contar\u00e1 con la presencia de la ministra de Juventud, Deportes y Cultura, <strong>Josefina Codermatz<\/strong>; la secretaria de Cultura, <strong>Mar\u00eda Jos\u00e9 Rodr\u00edguez<\/strong>; la subsecretaria de Cultura, <strong>Ana Bonet<\/strong>; junto a intendentes y directores de Cultura de diversas localidades neuquinas. Asimismo, participar\u00e1n senadores y diputados nacionales, reafirmando el car\u00e1cter prioritario que la gesti\u00f3n provincial otorga a las industrias culturales.<\/p>\n<p><strong>Agenda de actividades<\/strong><\/p>\n<p>El D\u00eda de Neuqu\u00e9n dar\u00e1 comienzo a las 17, con \u201cMir\u00e1 de d\u00f3nde venimos\u201d, una presentaci\u00f3n literaria que re\u00fane narrativas y testimonios a trav\u00e9s de autores, relatos y vivencias de personas mayores de Las Ovejas. La obra es impulsada por el municipio local.<\/p>\n<p>A las 19 ser\u00e1 el turno de la presentaci\u00f3n de \u201cEl brujo de las cordilleras\u201d, la obra de historia y ficci\u00f3n literaria de <strong>Manuel Jos\u00e9 Olascoaga<\/strong>. En este caso es una reedici\u00f3n del Fondo Editorial Neuquino (FEN) con la participaci\u00f3n de <strong>Alicia Frischnechtk<\/strong>, y es a la vez el \u00faltimo libro de la colecci\u00f3n patrimonial del FEN.\u00a0<\/p>\n<p>La actividad principal tendr\u00e1 lugar a las 20, en la Sala Horacio Gonz\u00e1lez del Pabell\u00f3n Ocre, donde se presentar\u00e1n y mencionar\u00e1n las diversas Ferias del Libro de la provincia, destacando el valor de cada encuentro local en el fortalecimiento de la identidad neuquina. Este encuentro culminar\u00e1 a las 21, con un cierre abierto al p\u00fablico, y con la presencia de escritores y autoridades.<\/p>\n<p><strong>Profesionalizaci\u00f3n y diagn\u00f3stico del sector<\/strong><\/p>\n<p>Durante la jornada, adem\u00e1s, se expondr\u00e1 un diagn\u00f3stico exhaustivo del sector editorial, abarcando tanto a las editoriales independientes como comerciales. Este relevamiento permite trazar pol\u00edticas p\u00fablicas precisas para un sector que se consolida como motor de desarrollo.<\/p>\n<p>En este marco, se destacar\u00e1 el impacto de los programas de fomento que han permitido la profesionalizaci\u00f3n del sector de escritores neuquinos, potenciando su mediaci\u00f3n y presencia en mercados nacionales, y se realizar\u00e1 una descripci\u00f3n del rol del Fondo Editorial Neuquino (FEN) como instituci\u00f3n clave para la edici\u00f3n y difusi\u00f3n del patrimonio literario provincial.<\/p>\n<p><strong>Presencia neuquina<\/strong><\/p>\n<p>La Provincia se encuentra presente desde la apertura del encuentro con una nutrida agenda de presentaciones de obras neuquinas de distintos g\u00e9neros: espiritualidad, historia, poes\u00eda, narrativa infantil, novela, entre otros. Adem\u00e1s, el stand cuenta con una fuerte presencia de escritores, sellos independientes y producciones regionales.<\/p>\n<p>A trav\u00e9s de estas acciones, el gobierno provincial contin\u00faa promoviendo el crecimiento de las industrias culturales como motor de desarrollo econ\u00f3mico, generaci\u00f3n de empleo y fortalecimiento de la identidad cultural neuquina.<\/p>\n<p>Con la participaci\u00f3n de 115 autores, 27 editoriales y m\u00e1s de 1.800 ejemplares de producci\u00f3n neuquina, la provincia se presenta en un stand conjunto del Ente Cultural Patagonia, permitiendo la circulaci\u00f3n de autores y editoriales de la provincia, ampliar el acceso a nuevos p\u00fablicos y consolidar la identidad regional bajo el concepto \u201cPatagonia, Territorio Literario\u201d.<\/p>\n<p>Desde la secretar\u00eda de Cultura destacaron el compromiso de la comunidad literaria y editorial, remarcando que esta participaci\u00f3n tambi\u00e9n da cumplimiento a la Ley N\u00ba3164\/18, que promueve la incorporaci\u00f3n y difusi\u00f3n de obras de autores locales en ferias de relevancia nacional e internacional.<\/p>\n<\/p><\/div>\n<p><script type=\"1e50541551011ee731ce846c-text\/javascript\">\n    window.addEventListener('load', () => {\n        if (typeof FB !== 'undefined' && FB.init) {\n            \/\/ La SDK de Facebook est\u00e1 inicializada\n        } else {\n            \/\/ La SDK de Facebook no est\u00e1 inicializada\n            var script = document.createElement('script');\n            script.async = true;\n            script.defer = true;\n            script.crossOrigin = 'anonymous';\n            script.src=\"https:\/\/connect.facebook.net\/es_LA\/sdk.js#xfbml=1&version=v17.0&appId=868452105110858&autoLogAppEvents=1\";\n            script.nonce=\"eBgX2sTe\";\n            document.head.appendChild(script);\n        }\n        \/* FIX YOUTUBE (fix width) *\/\n        var youtubeIframes = document.querySelectorAll('iframe[src*=\"youtube.com\/embed\"]');\n        youtubeIframes.forEach(function(iframe) {\n            var containerWidth = iframe.parentElement.clientWidth || iframe.parentElement.offsetWidth;\n            if(containerWidth && iframe.width > containerWidth){\n                iframe.width = containerWidth;\n                iframe.height = (containerWidth \/ 16) * 9; \/\/ Assuming a 16:9 aspect ratio\n            }\n        });\n    });\n<\/script><\/p>\n","protected":false},"excerpt":{"rendered":"<p>La jornada dedicada a la provincia incluir\u00e1 la presentaci\u00f3n de libros y distintas propuestas coordinadas desde la secretar\u00eda de Cultura. El Gobierno de la Provincia, a trav\u00e9s del ministerio de Juventud, Deportes y Cultura, llevar\u00e1 adelante este domingo 3 de mayo el D\u00eda de Neuqu\u00e9n, una jornada hist\u00f3rica dentro de la 50\u00b0 Feria Internacional del [&hellip;]<\/p>\n","protected":false},"author":1,"featured_media":15326,"comment_status":"","ping_status":"","sticky":false,"template":"","format":"standard","meta":{"_monsterinsights_skip_tracking":false,"_monsterinsights_sitenote_active":false,"_monsterinsights_sitenote_note":"","_monsterinsights_sitenote_category":0,"footnotes":""},"categories":[4],"tags":[414,413,29,770,374,550,771,758,21,383],"class_list":["post-15325","post","type-post","status-publish","format-standard","has-post-thumbnail","hentry","category-regionales","tag-aires","tag-buenos","tag-del","tag-dia","tag-domingo","tag-feria","tag-internacional","tag-libro","tag-neuquen","tag-sera"],"aioseo_notices":[],"amp_enabled":true,"_links":{"self":[{"href":"https:\/\/noticiasdeangostura.com.ar\/index.php?rest_route=\/wp\/v2\/posts\/15325","targetHints":{"allow":["GET"]}}],"collection":[{"href":"https:\/\/noticiasdeangostura.com.ar\/index.php?rest_route=\/wp\/v2\/posts"}],"about":[{"href":"https:\/\/noticiasdeangostura.com.ar\/index.php?rest_route=\/wp\/v2\/types\/post"}],"author":[{"embeddable":true,"href":"https:\/\/noticiasdeangostura.com.ar\/index.php?rest_route=\/wp\/v2\/users\/1"}],"replies":[{"embeddable":true,"href":"https:\/\/noticiasdeangostura.com.ar\/index.php?rest_route=%2Fwp%2Fv2%2Fcomments&post=15325"}],"version-history":[{"count":0,"href":"https:\/\/noticiasdeangostura.com.ar\/index.php?rest_route=\/wp\/v2\/posts\/15325\/revisions"}],"wp:featuredmedia":[{"embeddable":true,"href":"https:\/\/noticiasdeangostura.com.ar\/index.php?rest_route=\/wp\/v2\/media\/15326"}],"wp:attachment":[{"href":"https:\/\/noticiasdeangostura.com.ar\/index.php?rest_route=%2Fwp%2Fv2%2Fmedia&parent=15325"}],"wp:term":[{"taxonomy":"category","embeddable":true,"href":"https:\/\/noticiasdeangostura.com.ar\/index.php?rest_route=%2Fwp%2Fv2%2Fcategories&post=15325"},{"taxonomy":"post_tag","embeddable":true,"href":"https:\/\/noticiasdeangostura.com.ar\/index.php?rest_route=%2Fwp%2Fv2%2Ftags&post=15325"}],"curies":[{"name":"wp","href":"https:\/\/api.w.org\/{rel}","templated":true}]}}