{"id":15337,"date":"2026-05-01T11:42:37","date_gmt":"2026-05-01T14:42:37","guid":{"rendered":"https:\/\/noticiasdeangostura.com.ar\/?p=15337"},"modified":"2026-05-01T11:42:37","modified_gmt":"2026-05-01T14:42:37","slug":"los-vinos-patagonicos-como-protagonistas","status":"publish","type":"post","link":"https:\/\/noticiasdeangostura.com.ar\/?p=15337","title":{"rendered":"Los vinos patag\u00f3nicos como protagonistas"},"content":{"rendered":"<p> <br \/>\n<br \/><\/p>\n<p>Una globa especialmente acondicionada reunir\u00e1 a bodegas de Neuqu\u00e9n y R\u00edo Negro con degustaciones, maridajes y experiencias que destacan la identidad regional en la Fiesta Nacional del Chef Patag\u00f3nico.<\/p>\n<div>\n<p>En la 20\u00aa edici\u00f3n de la Fiesta Nacional del Chef Patag\u00f3nico, los vinos de la regi\u00f3n tendr\u00e1n un espacio destacado a trav\u00e9s de una globa especialmente dise\u00f1ada para ofrecer experiencias sensoriales \u00fanicas. Ubicada dentro del predio del evento en Villa Pehuenia-Moquehue, esta propuesta reunir\u00e1 a m\u00e1s de una docena de bodegas de Neuqu\u00e9n y R\u00edo Negro.<\/p>\n<p>El espacio, cerrado y calefaccionado, permitir\u00e1 al p\u00fablico recorrer la diversidad de la producci\u00f3n vitivin\u00edcola patag\u00f3nica, desde etiquetas consolidadas hasta proyectos emergentes. Entre las particularidades de esta edici\u00f3n, se destaca la incorporaci\u00f3n de nuevas bodegas, muchas de ellas de perfil artesanal, que se suman por primera vez al evento para mostrar la evoluci\u00f3n y expansi\u00f3n del mapa vitivin\u00edcola regional.<\/p>\n<p>La propuesta no se limitar\u00e1 a la degustaci\u00f3n, sino que tambi\u00e9n incorporar\u00e1 una experiencia de maridaje con quesos, integrando a productores locales y de Chile. Esta combinaci\u00f3n busca potenciar los sabores del territorio a partir del trabajo conjunto entre elaboradores, cocineros y especialistas, generando un espacio din\u00e1mico de intercambio con el p\u00fablico.<\/p>\n<p>Adem\u00e1s, la globa contar\u00e1 con una peque\u00f1a cocina donde se desarrollar\u00e1n intervenciones gastron\u00f3micas en vivo, sumando valor a la experiencia. La interacci\u00f3n directa con productores y chefs permitir\u00e1 conocer en profundidad los procesos, historias y particularidades de cada producto, fortaleciendo el v\u00ednculo entre productores y el p\u00fablico de la Fiesta.<\/p>\n<p>La iniciativa se integra a una agenda m\u00e1s amplia que incluye espect\u00e1culos en vivo, clases magistrales y espacios para toda la familia, en un entorno natural que potencia cada experiencia.<\/p>\n<\/p><\/div>\n<p><script type=\"867cce8f24f35fc12bebfa4c-text\/javascript\">\n    window.addEventListener('load', () => {\n        if (typeof FB !== 'undefined' && FB.init) {\n            \/\/ La SDK de Facebook est\u00e1 inicializada\n        } else {\n            \/\/ La SDK de Facebook no est\u00e1 inicializada\n            var script = document.createElement('script');\n            script.async = true;\n            script.defer = true;\n            script.crossOrigin = 'anonymous';\n            script.src=\"https:\/\/connect.facebook.net\/es_LA\/sdk.js#xfbml=1&version=v17.0&appId=868452105110858&autoLogAppEvents=1\";\n            script.nonce=\"eBgX2sTe\";\n            document.head.appendChild(script);\n        }\n        \/* FIX YOUTUBE (fix width) *\/\n        var youtubeIframes = document.querySelectorAll('iframe[src*=\"youtube.com\/embed\"]');\n        youtubeIframes.forEach(function(iframe) {\n            var containerWidth = iframe.parentElement.clientWidth || iframe.parentElement.offsetWidth;\n            if(containerWidth && iframe.width > containerWidth){\n                iframe.width = containerWidth;\n                iframe.height = (containerWidth \/ 16) * 9; \/\/ Assuming a 16:9 aspect ratio\n            }\n        });\n    });\n<\/script><\/p>\n","protected":false},"excerpt":{"rendered":"<p>Una globa especialmente acondicionada reunir\u00e1 a bodegas de Neuqu\u00e9n y R\u00edo Negro con degustaciones, maridajes y experiencias que destacan la identidad regional en la Fiesta Nacional del Chef Patag\u00f3nico. En la 20\u00aa edici\u00f3n de la Fiesta Nacional del Chef Patag\u00f3nico, los vinos de la regi\u00f3n tendr\u00e1n un espacio destacado a trav\u00e9s de una globa especialmente [&hellip;]<\/p>\n","protected":false},"author":1,"featured_media":15338,"comment_status":"","ping_status":"","sticky":false,"template":"","format":"standard","meta":{"_monsterinsights_skip_tracking":false,"_monsterinsights_sitenote_active":false,"_monsterinsights_sitenote_note":"","_monsterinsights_sitenote_category":0,"footnotes":""},"categories":[4],"tags":[266,16,2124,1821,2667],"class_list":["post-15337","post","type-post","status-publish","format-standard","has-post-thumbnail","hentry","category-regionales","tag-como","tag-los","tag-patagonicos","tag-protagonistas","tag-vinos"],"aioseo_notices":[],"amp_enabled":true,"_links":{"self":[{"href":"https:\/\/noticiasdeangostura.com.ar\/index.php?rest_route=\/wp\/v2\/posts\/15337","targetHints":{"allow":["GET"]}}],"collection":[{"href":"https:\/\/noticiasdeangostura.com.ar\/index.php?rest_route=\/wp\/v2\/posts"}],"about":[{"href":"https:\/\/noticiasdeangostura.com.ar\/index.php?rest_route=\/wp\/v2\/types\/post"}],"author":[{"embeddable":true,"href":"https:\/\/noticiasdeangostura.com.ar\/index.php?rest_route=\/wp\/v2\/users\/1"}],"replies":[{"embeddable":true,"href":"https:\/\/noticiasdeangostura.com.ar\/index.php?rest_route=%2Fwp%2Fv2%2Fcomments&post=15337"}],"version-history":[{"count":0,"href":"https:\/\/noticiasdeangostura.com.ar\/index.php?rest_route=\/wp\/v2\/posts\/15337\/revisions"}],"wp:featuredmedia":[{"embeddable":true,"href":"https:\/\/noticiasdeangostura.com.ar\/index.php?rest_route=\/wp\/v2\/media\/15338"}],"wp:attachment":[{"href":"https:\/\/noticiasdeangostura.com.ar\/index.php?rest_route=%2Fwp%2Fv2%2Fmedia&parent=15337"}],"wp:term":[{"taxonomy":"category","embeddable":true,"href":"https:\/\/noticiasdeangostura.com.ar\/index.php?rest_route=%2Fwp%2Fv2%2Fcategories&post=15337"},{"taxonomy":"post_tag","embeddable":true,"href":"https:\/\/noticiasdeangostura.com.ar\/index.php?rest_route=%2Fwp%2Fv2%2Ftags&post=15337"}],"curies":[{"name":"wp","href":"https:\/\/api.w.org\/{rel}","templated":true}]}}