{"id":15341,"date":"2026-05-01T11:54:41","date_gmt":"2026-05-01T14:54:41","guid":{"rendered":"https:\/\/noticiasdeangostura.com.ar\/?p=15341"},"modified":"2026-05-01T11:54:41","modified_gmt":"2026-05-01T14:54:41","slug":"inauguraron-un-nuevo-centro-de-salud-en-cutral-co","status":"publish","type":"post","link":"https:\/\/noticiasdeangostura.com.ar\/?p=15341","title":{"rendered":"Inauguraron un nuevo centro de salud en Cutral Co"},"content":{"rendered":"<p> <br \/>\n<br \/><\/p>\n<p>El espacio fue habilitado en el barrio Monte Hermoso con el objetivo de acercar la atenci\u00f3n m\u00e9dica a los vecinos de la comarca petrolera.<\/p>\n<div>\n<p>El gobernador de <span class=\"hover:entity-accent entity-underline inline cursor-pointer align-baseline\"><span class=\"whitespace-normal\">Neuqu\u00e9n<\/span><\/span>, <span class=\"hover:entity-accent entity-underline inline cursor-pointer align-baseline\"><span class=\"whitespace-normal\">Rolando Figueroa<\/span><\/span>, encabez\u00f3 la inauguraci\u00f3n de un nuevo centro de salud en el barrio Monte Hermoso de <span class=\"hover:entity-accent entity-underline inline cursor-pointer align-baseline\"><span class=\"whitespace-normal\">Cutral Co<\/span><\/span>, junto al intendente <span class=\"hover:entity-accent entity-underline inline cursor-pointer align-baseline\"><span class=\"whitespace-normal\">Ram\u00f3n Rioseco<\/span><\/span>.<\/p>\n<p>El nuevo espacio sanitario busca mejorar el acceso a la atenci\u00f3n m\u00e9dica en la comarca petrolera, acercando servicios esenciales a los vecinos y fortaleciendo la red de salud p\u00fablica en la regi\u00f3n.<\/p>\n<p class=\"noEditable noticia-relacionada\" data-id=\"333195\"><ampiframe src=\"https:\/\/www.noticiasnqn.com.ar\/api\/noticias\/333195\/relacionadas?amp=1\" layout=\"fixed-height\" sandbox=\"allow-top-navigation allow-top-navigation-by-user-activation allow-scripts \" height=\"100px\"> <b placeholder=\"\">Lee tambi\u00e9n: El Registro Civil M\u00f3vil recorrer\u00e1 localidades de Neuqu\u00e9n durante la primera quincena de mayo<\/b> <\/ampiframe><\/p>\n<p>Durante el acto, Figueroa destac\u00f3 la importancia del trabajo articulado con los municipios de <span class=\"hover:entity-accent entity-underline inline cursor-pointer align-baseline\"><span class=\"whitespace-normal\">Cutral Co<\/span><\/span> y <span class=\"hover:entity-accent entity-underline inline cursor-pointer align-baseline\"><span class=\"whitespace-normal\">Plaza Huincul<\/span><\/span> para avanzar en obras que impacten directamente en la calidad de vida de la poblaci\u00f3n.<\/p>\n<p>Seg\u00fan se\u00f1alaron, la iniciativa forma parte de una pol\u00edtica de fortalecimiento de la infraestructura sanitaria, con el objetivo de garantizar una atenci\u00f3n de calidad y m\u00e1s cercana para cada familia de la zona.<\/p>\n<\/p><\/div>\n","protected":false},"excerpt":{"rendered":"<p>El espacio fue habilitado en el barrio Monte Hermoso con el objetivo de acercar la atenci\u00f3n m\u00e9dica a los vecinos de la comarca petrolera. El gobernador de Neuqu\u00e9n, Rolando Figueroa, encabez\u00f3 la inauguraci\u00f3n de un nuevo centro de salud en el barrio Monte Hermoso de Cutral Co, junto al intendente Ram\u00f3n Rioseco. El nuevo espacio [&hellip;]<\/p>\n","protected":false},"author":1,"featured_media":15342,"comment_status":"","ping_status":"","sticky":false,"template":"","format":"standard","meta":{"_monsterinsights_skip_tracking":false,"_monsterinsights_sitenote_active":false,"_monsterinsights_sitenote_note":"","_monsterinsights_sitenote_category":0,"footnotes":""},"categories":[1],"tags":[],"class_list":["post-15341","post","type-post","status-publish","format-standard","has-post-thumbnail","hentry","category-ultimas-noticias"],"aioseo_notices":[],"amp_enabled":true,"_links":{"self":[{"href":"https:\/\/noticiasdeangostura.com.ar\/index.php?rest_route=\/wp\/v2\/posts\/15341","targetHints":{"allow":["GET"]}}],"collection":[{"href":"https:\/\/noticiasdeangostura.com.ar\/index.php?rest_route=\/wp\/v2\/posts"}],"about":[{"href":"https:\/\/noticiasdeangostura.com.ar\/index.php?rest_route=\/wp\/v2\/types\/post"}],"author":[{"embeddable":true,"href":"https:\/\/noticiasdeangostura.com.ar\/index.php?rest_route=\/wp\/v2\/users\/1"}],"replies":[{"embeddable":true,"href":"https:\/\/noticiasdeangostura.com.ar\/index.php?rest_route=%2Fwp%2Fv2%2Fcomments&post=15341"}],"version-history":[{"count":0,"href":"https:\/\/noticiasdeangostura.com.ar\/index.php?rest_route=\/wp\/v2\/posts\/15341\/revisions"}],"wp:featuredmedia":[{"embeddable":true,"href":"https:\/\/noticiasdeangostura.com.ar\/index.php?rest_route=\/wp\/v2\/media\/15342"}],"wp:attachment":[{"href":"https:\/\/noticiasdeangostura.com.ar\/index.php?rest_route=%2Fwp%2Fv2%2Fmedia&parent=15341"}],"wp:term":[{"taxonomy":"category","embeddable":true,"href":"https:\/\/noticiasdeangostura.com.ar\/index.php?rest_route=%2Fwp%2Fv2%2Fcategories&post=15341"},{"taxonomy":"post_tag","embeddable":true,"href":"https:\/\/noticiasdeangostura.com.ar\/index.php?rest_route=%2Fwp%2Fv2%2Ftags&post=15341"}],"curies":[{"name":"wp","href":"https:\/\/api.w.org\/{rel}","templated":true}]}}