{"id":15351,"date":"2026-05-01T13:43:58","date_gmt":"2026-05-01T16:43:58","guid":{"rendered":"https:\/\/noticiasdeangostura.com.ar\/?p=15351"},"modified":"2026-05-01T13:43:58","modified_gmt":"2026-05-01T16:43:58","slug":"inauguraron-el-nuevo-centro-de-salud-del-barrio-monte-hermoso","status":"publish","type":"post","link":"https:\/\/noticiasdeangostura.com.ar\/?p=15351","title":{"rendered":"Inauguraron el nuevo Centro de Salud del barrio Monte Hermoso"},"content":{"rendered":"<p> <br \/>\n<br \/><\/p>\n<p>Se trata de la ampliaci\u00f3n y remodelaci\u00f3n de una posta sanitaria, para dar respuesta al crecimiento del sector.<\/p>\n<div>\n<p>Este viernes qued\u00f3 inaugurado el centro de salud del barrio Monte Hermoso, en el sector sur de Cutral Co, se trata de una obra fundamental para dar respuesta al crecimiento de la zona. El gobernador <strong>Rolando Figueroa<\/strong> resalt\u00f3 el trabajo conjunto del Ejecutivo provincial con las comunas y asegur\u00f3 que<em> \u201cla buena administraci\u00f3n municipal que tiene tanto Cutral Co como Plaza Huincul, a nosotros nos permite poder planificar\u201d.<\/em><\/p>\n<p>En su declaraci\u00f3n, <strong>Rolando Figueroa<\/strong> destac\u00f3 que este esfuerzo compartido permite enfrentar mejor las necesidades de la comarca. El mandatario vincul\u00f3 la salud con otras mejoras estructurales del barrio, como la red de gas. Adem\u00e1s, adelant\u00f3 avances en el hospital local y el proyecto del centro oncol\u00f3gico de Cutral Co, con el objetivo de que los vecinos no tengan que viajar largas distancias para sus tratamientos.<\/p>\n<p>Por su parte, el intendente <strong>Ram\u00f3n Rioseco<\/strong> advirti\u00f3 que el crecimiento demogr\u00e1fico de Monte Hermoso hac\u00eda necesaria la transformaci\u00f3n del antiguo puesto sanitario en un centro de salud moderno y funcional. Rioseco hizo hincapi\u00e9 en la planificaci\u00f3n y el compromiso del Estado para acompa\u00f1ar a la comunidad, y se\u00f1al\u00f3 que el objetivo es que todos los vecinos tengan la atenci\u00f3n que necesitan.<\/p>\n<p>En cuanto a los detalles t\u00e9cnicos, los trabajos permitieron la ampliaci\u00f3n y el reacondicionamiento del viejo edificio del puesto sanitario del barrio, alcanzando una superficie total de 105,79 metros cuadrados. Las nuevas instalaciones cuentan con consultorios, sector de medicina general, vacunatorio, enfermer\u00eda y un gabinete de odontolog\u00eda. Esta mejora integral busca fortalecer la atenci\u00f3n primaria y brindar un espacio c\u00f3modo y adecuado para los vecinos y vecinas de la zona sur.<\/p>\n<p>Estuvieron presentes en el acto el ministro de salud de la provincia, <strong>Mart\u00edn Regueiro<\/strong>; el intendente de Plaza Huincul, <strong>Claudio Larraza<\/strong>; el jefe de zona sanitaria Quinta, <strong>Daniel Conti<\/strong>; el director del hospital, <strong>Gast\u00f3n Z\u00faniga<\/strong>; concejales, funcionarios provinciales y municipales, personal del centro de salud, instituciones y vecinos del barrio.<\/p>\n<\/p><\/div>\n<p><script type=\"877a27f8365c03af68756b73-text\/javascript\">\n    window.addEventListener('load', () => {\n        if (typeof FB !== 'undefined' && FB.init) {\n            \/\/ La SDK de Facebook est\u00e1 inicializada\n        } else {\n            \/\/ La SDK de Facebook no est\u00e1 inicializada\n            var script = document.createElement('script');\n            script.async = true;\n            script.defer = true;\n            script.crossOrigin = 'anonymous';\n            script.src=\"https:\/\/connect.facebook.net\/es_LA\/sdk.js#xfbml=1&version=v17.0&appId=868452105110858&autoLogAppEvents=1\";\n            script.nonce=\"eBgX2sTe\";\n            document.head.appendChild(script);\n        }\n        \/* FIX YOUTUBE (fix width) *\/\n        var youtubeIframes = document.querySelectorAll('iframe[src*=\"youtube.com\/embed\"]');\n        youtubeIframes.forEach(function(iframe) {\n            var containerWidth = iframe.parentElement.clientWidth || iframe.parentElement.offsetWidth;\n            if(containerWidth && iframe.width > containerWidth){\n                iframe.width = containerWidth;\n                iframe.height = (containerWidth \/ 16) * 9; \/\/ Assuming a 16:9 aspect ratio\n            }\n        });\n    });\n<\/script><\/p>\n","protected":false},"excerpt":{"rendered":"<p>Se trata de la ampliaci\u00f3n y remodelaci\u00f3n de una posta sanitaria, para dar respuesta al crecimiento del sector. Este viernes qued\u00f3 inaugurado el centro de salud del barrio Monte Hermoso, en el sector sur de Cutral Co, se trata de una obra fundamental para dar respuesta al crecimiento de la zona. El gobernador Rolando Figueroa [&hellip;]<\/p>\n","protected":false},"author":1,"featured_media":15352,"comment_status":"","ping_status":"","sticky":false,"template":"","format":"standard","meta":{"_monsterinsights_skip_tracking":false,"_monsterinsights_sitenote_active":false,"_monsterinsights_sitenote_note":"","_monsterinsights_sitenote_category":0,"footnotes":""},"categories":[4],"tags":[1066,533,29,2670,335,2669,617,131],"class_list":["post-15351","post","type-post","status-publish","format-standard","has-post-thumbnail","hentry","category-regionales","tag-barrio","tag-centro","tag-del","tag-hermoso","tag-inauguraron","tag-monte","tag-nuevo","tag-salud"],"aioseo_notices":[],"amp_enabled":true,"_links":{"self":[{"href":"https:\/\/noticiasdeangostura.com.ar\/index.php?rest_route=\/wp\/v2\/posts\/15351","targetHints":{"allow":["GET"]}}],"collection":[{"href":"https:\/\/noticiasdeangostura.com.ar\/index.php?rest_route=\/wp\/v2\/posts"}],"about":[{"href":"https:\/\/noticiasdeangostura.com.ar\/index.php?rest_route=\/wp\/v2\/types\/post"}],"author":[{"embeddable":true,"href":"https:\/\/noticiasdeangostura.com.ar\/index.php?rest_route=\/wp\/v2\/users\/1"}],"replies":[{"embeddable":true,"href":"https:\/\/noticiasdeangostura.com.ar\/index.php?rest_route=%2Fwp%2Fv2%2Fcomments&post=15351"}],"version-history":[{"count":0,"href":"https:\/\/noticiasdeangostura.com.ar\/index.php?rest_route=\/wp\/v2\/posts\/15351\/revisions"}],"wp:featuredmedia":[{"embeddable":true,"href":"https:\/\/noticiasdeangostura.com.ar\/index.php?rest_route=\/wp\/v2\/media\/15352"}],"wp:attachment":[{"href":"https:\/\/noticiasdeangostura.com.ar\/index.php?rest_route=%2Fwp%2Fv2%2Fmedia&parent=15351"}],"wp:term":[{"taxonomy":"category","embeddable":true,"href":"https:\/\/noticiasdeangostura.com.ar\/index.php?rest_route=%2Fwp%2Fv2%2Fcategories&post=15351"},{"taxonomy":"post_tag","embeddable":true,"href":"https:\/\/noticiasdeangostura.com.ar\/index.php?rest_route=%2Fwp%2Fv2%2Ftags&post=15351"}],"curies":[{"name":"wp","href":"https:\/\/api.w.org\/{rel}","templated":true}]}}