{"id":15355,"date":"2026-05-01T14:41:04","date_gmt":"2026-05-01T17:41:04","guid":{"rendered":"https:\/\/noticiasdeangostura.com.ar\/?p=15355"},"modified":"2026-05-01T14:41:04","modified_gmt":"2026-05-01T17:41:04","slug":"patria-grande-el-partido-de-grabois-definio-autoridades-en-rio-negro","status":"publish","type":"post","link":"https:\/\/noticiasdeangostura.com.ar\/?p=15355","title":{"rendered":"Patria Grande, el partido de Grabois, defini\u00f3 autoridades en R\u00edo Negro"},"content":{"rendered":"<p> <br \/>\n<\/p>\n<p>Patria Grande, el espacio pol\u00edtico referenciado a nivel nacional por Juan Grabois, defini\u00f3 sus nuevas autoridades en R\u00edo Negro durante un plenario realizado este viernes en Roca. La fuerza avanz\u00f3 con una lista \u00fanica luego de su proceso interno de reorganizaci\u00f3n partidaria para poder participar en las elecciones de 2027.<\/p>\n<p>La designaci\u00f3n de autoridades marca un nuevo paso para el partido, que en los \u00faltimos meses hab\u00eda iniciado el ordenamiento institucional con la mira puesta en consolidarse dentro del escenario pol\u00edtico provincial.<\/p>\n<p>Plenario de Patria Grande realizado en Roca. Foto: gentileza. <\/p>\n<p>En di\u00e1logo con Diario R\u00cdO NEGRO, Juan Manuel Sosa, referente de Patria Grande en la provincia explic\u00f3 que el pr\u00f3ximo paso \u00abes avanzar sobre la presidencia provincial, algo que vamos a terminar de resolver hacia la mitad de este a\u00f1o\u201d, adem\u00e1s agreg\u00f3 que \u00abqueremos empezar a construir las representaciones locales y regionales en la provincia para fortalecer la presencia territorial\u201d.<\/p>\n<p>Adem\u00e1s, se\u00f1al\u00f3 que la formalizaci\u00f3n interna le permitir\u00e1 al espacio crecer con mayor presencia institucional. \u201cConsolidar esta herramienta electoral nos permite posicionarnos de otra manera como organizaci\u00f3n, que viene creciendo a lo largo de la provincia y en varias localidades\u201d.<\/p>\n<p>Patria Grande, nueva conducci\u00f3n y proyecci\u00f3n pol\u00edtica en R\u00edo Negro<\/p>\n<p>La renovaci\u00f3n de autoridades se produce despu\u00e9s de semanas de trabajo interno destinadas a regularizar la estructura partidaria y fortalecer la presencia de Patria Grande en R\u00edo Negro.<\/p>\n<p>Como presidente fue elegido Alejandro Palmas, dirigente de San Carlos de Bariloche, una de las ciudades donde el espacio mostr\u00f3 mayor desarrollo electoral cuando Juan Grabois fue precandidato presidencial en 2023. En aquellas PASO, frente a Sergio Massa, obtuvo en Bariloche el mejor resultado del pa\u00eds, con el 13,2% de los votos.<\/p>\n<p>La vicepresidencia qued\u00f3 para Anah\u00ed Ben\u00edtez, referente de Cinco Saltos, mientras que la Secretar\u00eda General ser\u00e1 encabezada por Rosario Jim\u00e9nez, de Roca.<\/p>\n<p>La Tesorer\u00eda, en tanto, estar\u00e1 a cargo de Julieta Parente, dirigente de Viedma, lo que refleja una integraci\u00f3n con representaci\u00f3n territorial de distintos puntos de la provincia.<\/p>\n<p>Primeras elecciones de la fuerza de Grabois en R\u00edo Negro<\/p>\n<p>Sosa tambi\u00e9n destac\u00f3 la convocatoria lograda en el plenario provincial. \u201cEn este congreso estamos participando un poco m\u00e1s de 110 o 120 compa\u00f1eros de toda la provincia, de Bariloche, Cipolletti, Cinco Saltos, Regina, Roca, R\u00edo Colorado y Viedma\u201d.<\/p>\n<p>Agreg\u00f3 que incluso hubo representaci\u00f3n de otras localidades donde el espacio busca seguir creciendo. \u201cTambi\u00e9n hay representaciones de otras localidades como Jacobacci y Maquinchao, donde todav\u00eda no tenemos herramientas consolidadas pero se viene construyendo\u201d.<\/p>\n<p>Patria Grande tiene actualmente unos 2.800 afiliados y debe elegir 20 miembros titulares y 10 suplentes de la Coordinaci\u00f3n General; 7 titulares y 2 suplentes de la Mesa Ejecutiva; y 3 titulares junto a un suplente de la Junta de Disciplina.<\/p>\n<p>Sobre la proyecci\u00f3n pol\u00edtica del espacio, el dirigente se\u00f1al\u00f3 que buscar\u00e1n ampliar consensos dentro del peronismo y sectores afines. \u201cQueremos construir la mayor unidad posible, no solamente para frenar este modelo neoliberal, sino para generar una nueva alternativa\u201d.<\/p>\n<p>Tambi\u00e9n plante\u00f3 un horizonte productivo y social para la provincia. \u201cUna proyecci\u00f3n que ponga a la provincia de pie, con un aparato productivo que d\u00e9 trabajo, d\u00e9 comida y saque a la gente del hambre y de la miseria\u201d.<\/p>\n","protected":false},"excerpt":{"rendered":"<p>Patria Grande, el espacio pol\u00edtico referenciado a nivel nacional por Juan Grabois, defini\u00f3 sus nuevas autoridades en R\u00edo Negro durante un plenario realizado este viernes en Roca. La fuerza avanz\u00f3 con una lista \u00fanica luego de su proceso interno de reorganizaci\u00f3n partidaria para poder participar en las elecciones de 2027. La designaci\u00f3n de autoridades marca [&hellip;]<\/p>\n","protected":false},"author":1,"featured_media":15356,"comment_status":"","ping_status":"","sticky":false,"template":"","format":"standard","meta":{"_monsterinsights_skip_tracking":false,"_monsterinsights_sitenote_active":false,"_monsterinsights_sitenote_note":"","_monsterinsights_sitenote_category":0,"footnotes":""},"categories":[5],"tags":[],"class_list":["post-15355","post","type-post","status-publish","format-standard","has-post-thumbnail","hentry","category-politica"],"aioseo_notices":[],"amp_enabled":true,"_links":{"self":[{"href":"https:\/\/noticiasdeangostura.com.ar\/index.php?rest_route=\/wp\/v2\/posts\/15355","targetHints":{"allow":["GET"]}}],"collection":[{"href":"https:\/\/noticiasdeangostura.com.ar\/index.php?rest_route=\/wp\/v2\/posts"}],"about":[{"href":"https:\/\/noticiasdeangostura.com.ar\/index.php?rest_route=\/wp\/v2\/types\/post"}],"author":[{"embeddable":true,"href":"https:\/\/noticiasdeangostura.com.ar\/index.php?rest_route=\/wp\/v2\/users\/1"}],"replies":[{"embeddable":true,"href":"https:\/\/noticiasdeangostura.com.ar\/index.php?rest_route=%2Fwp%2Fv2%2Fcomments&post=15355"}],"version-history":[{"count":0,"href":"https:\/\/noticiasdeangostura.com.ar\/index.php?rest_route=\/wp\/v2\/posts\/15355\/revisions"}],"wp:featuredmedia":[{"embeddable":true,"href":"https:\/\/noticiasdeangostura.com.ar\/index.php?rest_route=\/wp\/v2\/media\/15356"}],"wp:attachment":[{"href":"https:\/\/noticiasdeangostura.com.ar\/index.php?rest_route=%2Fwp%2Fv2%2Fmedia&parent=15355"}],"wp:term":[{"taxonomy":"category","embeddable":true,"href":"https:\/\/noticiasdeangostura.com.ar\/index.php?rest_route=%2Fwp%2Fv2%2Fcategories&post=15355"},{"taxonomy":"post_tag","embeddable":true,"href":"https:\/\/noticiasdeangostura.com.ar\/index.php?rest_route=%2Fwp%2Fv2%2Ftags&post=15355"}],"curies":[{"name":"wp","href":"https:\/\/api.w.org\/{rel}","templated":true}]}}