{"id":15366,"date":"2026-05-01T15:47:45","date_gmt":"2026-05-01T18:47:45","guid":{"rendered":"https:\/\/noticiasdeangostura.com.ar\/?p=15366"},"modified":"2026-05-01T15:47:45","modified_gmt":"2026-05-01T18:47:45","slug":"figueroa-generamos-las-condiciones-para-que-los-inversores-miren-a-neuquen","status":"publish","type":"post","link":"https:\/\/noticiasdeangostura.com.ar\/?p=15366","title":{"rendered":"Figueroa: \u201cGeneramos las condiciones para que los inversores miren a Neuqu\u00e9n\u201d"},"content":{"rendered":"<p> <br \/>\n<br \/><\/p>\n<p>El gobernador mantuvo encuentros en Buenos Aires con los embajadores de Estados Unidos, Francia y Chile en la Argentina. Analizaron proyectos tur\u00edsticos, energ\u00e9ticos y de infraestructura.<\/p>\n<div>\n<p>El gobernador<strong> Rolando Figueroa <\/strong>mantuvo encuentros en la ciudad de Buenos Aires con los embajadores de Estados Unidos, Francia y Chile en la Argentina, como parte de una agenda orientada a profundizar la cooperaci\u00f3n, especialmente en materia energ\u00e9tica, de infraestructura, turismo e inversiones.<\/p>\n<p>En primera instancia, Figueroa se reuni\u00f3 este mi\u00e9rcoles con <strong>Peter Lamelas<\/strong>, embajador de los Estados Unidos en la Argentina. \u201c<em>Generamos las condiciones para que los inversores miren a Neuqu\u00e9n\u201d<\/em>, destac\u00f3 el gobernador tras el encuentro y asegur\u00f3 que<em> \u201cestos espacios nos permiten vincularnos, aprender y posicionar a Neuqu\u00e9n en la agenda global\u201d.<\/em><\/p>\n<p><em>\u201cEstamos preparados para competir con los mejores del mundo\u201d,<\/em> asever\u00f3 el mandatario neuquino y agreg\u00f3 que <em>\u201cavanzamos para concretar el GNL, optimizando toda la cadena de valor y generando las condiciones para exportar energ\u00eda\u201d. \u201cEs as\u00ed como seguimos dando pasos firmes para que este cambio se traduzca en m\u00e1s oportunidades para Neuqu\u00e9n\u201d,<\/em> recalc\u00f3.<\/p>\n<p><strong>Turismo sustentable\u00a0<\/strong><\/p>\n<p>Por otra parte, Figueroa se reuni\u00f3 este jueves con el embajador de Francia en la Argentina, <strong>Romain Nadal<\/strong>. Uno de los principales ejes del encuentro fue la intenci\u00f3n de desarrollar en la provincia un turismo sustentable de alto nivel.<\/p>\n<p>Entre otros aspectos, se trabaj\u00f3 sobre la posibilidad de replicar en el Norte de la provincia una iniciativa que incorporar\u00e1 ba\u00f1os secos en espacios naturales de alta concurrencia de Villa La Angostura y Villa Traful. Se trata de una experiencia piloto que forma parte de un proyecto de cooperaci\u00f3n con organismos franceses, orientado a promover pr\u00e1cticas vinculadas al turismo sustentable en destinos de monta\u00f1a.<\/p>\n<p>A nivel internacional, este tipo de infraestructura se utiliza en parques naturales, refugios de monta\u00f1a y senderos de alta circulaci\u00f3n, especialmente en regiones donde las condiciones geogr\u00e1ficas dificultan la instalaci\u00f3n de redes cloacales convencionales.<\/p>\n<p>El gobernador dijo que el embajador se mostr\u00f3<em> \u201cmuy interesado\u201d<\/em> en la oferta tur\u00edstica neuquina y explic\u00f3 que <em>\u201cse podr\u00eda avanzar en la jerarquizaci\u00f3n del esqu\u00ed\u201d<\/em>, en el desarrollo del \u201cglamping\u201d y del senderismo en distintos lugares de la provincia <em>\u201cpara que tome otro volumen\u201d<\/em>.\u00a0<\/p>\n<p>Figueroa inform\u00f3 que tambi\u00e9n se analizaron iniciativas relacionadas con el gas y el petr\u00f3leo y la necesidad de <em>\u201ctrabajar con el cuidado del medio ambiente\u201d. \u201cSe va a duplicar la producci\u00f3n en estos cinco a\u00f1os, entonces hay que actuar r\u00e1pido\u201d,<\/em> expres\u00f3.<\/p>\n<p><strong>Energ\u00eda, turismo y pasos internacionales<\/strong><\/p>\n<p>Finalmente, el gobernador se reuni\u00f3 tambi\u00e9n este jueves con el embajador de Chile en la Argentina, Gonzalo Uriarte Herrera, quien fue designado por el presidente chileno, Jos\u00e9 Antonio Kast, y asumi\u00f3 funciones el 1\u00b0 de abril. Durante la reuni\u00f3n, las partes avanzaron en una agenda com\u00fan de temas.<\/p>\n<p>Tras el encuentro, Figueroa explic\u00f3 que uno de los ejes del encuentro fue el energ\u00e9tico y expres\u00f3 que <em>\u201clo primordial es generar confianza y llenar los ductos para proveer de gas al vecino pa\u00eds\u201d. \u201cCambi\u00f3 el paradigma, debemos monetizar el recurso antes de la transformaci\u00f3n energ\u00e9tica\u201d,<\/em> afirm\u00f3.<\/p>\n<p>Figueroa tambi\u00e9n remarc\u00f3 la relevancia del turismo y de una visi\u00f3n integradora y se\u00f1al\u00f3 que<em> \u201ctenemos un destino en com\u00fan: la Norpatagonia\u201d<\/em>. Tambi\u00e9n destac\u00f3 los avances en materia de conectividad fronteriza e indic\u00f3: <em>\u201cEstamos fortaleciendo el trabajo en los pasos internacionales\u201d.<\/em><\/p>\n<p>Entre los proyectos en marcha, mencion\u00f3 el desarrollo del paso Pichach\u00e9n, donde se busca consolidar una aduana de doble cabecera del lado chileno. <em>\u201cEs una obra que ya est\u00e1 muy avanzada y debemos dar los pasos administrativos necesarios para que eso se concrete\u201d,<\/em> explic\u00f3. Asimismo, agreg\u00f3 que se trata de<em> \u201cun paso que se va a fortalecer con la llegada del asfalto\u201d.<\/em><\/p>\n<p>El gobernador tambi\u00e9n inform\u00f3 que desde el gobierno provincial se est\u00e1 pavimentando el paso internacional Mamuil Malal y que se generar\u00e1 un \u201ccorredor binacional\u201d a partir de obras de asfalto en la zona Norte de la provincia, que llegar\u00e1n hasta el paso Pichach\u00e9n. Explic\u00f3 que se est\u00e1 trabajando con R\u00edo Negro para llegar con el asfalto desde Catriel, en la vecina provincia, hasta Octavio Pico y que luego se continuar\u00e1 hasta Rinc\u00f3n de los Sauces y de all\u00ed a la ruta nacional 40.<em> \u201cAs\u00ed se consolida el bioce\u00e1nico de carga por Pino Hachado y el tur\u00edstico por Pichach\u00e9n\u201d, <\/em>dijo.<\/p>\n<p>El gobernador destac\u00f3 iniciativas conjuntas para fomentar el turismo. <em>\u201cEstamos generando circuitos tur\u00edsticos binacionales\u201d<\/em>, afirm\u00f3 y tambi\u00e9n remarc\u00f3 la relevancia que desde su gesti\u00f3n se le da a la iniciativa denominada<em> <\/em>\u201cCamino de la Fe\u201d, que puede ser un importante atractivo para visitantes de la Argentina y Chile y se proyecta como<em> \u201cun destino internacional\u201d.<\/em><\/p>\n<p>Por \u00faltimo, resalt\u00f3 la relevancia cultural y religiosa de la festividad de San Sebasti\u00e1n, que une a localidades de ambos pa\u00edses:<em> \u201cLa celebraci\u00f3n de San Sebasti\u00e1n hermana a dos ciudades, Las Ovejas en Neuqu\u00e9n y Yumbel en la regi\u00f3n del Biob\u00edo del lado de Chile\u201d<\/em>, concluy\u00f3.<\/p>\n<\/p><\/div>\n<p><script type=\"565bf402abc543a7c5d8e9c2-text\/javascript\">\n    window.addEventListener('load', () => {\n        if (typeof FB !== 'undefined' && FB.init) {\n            \/\/ La SDK de Facebook est\u00e1 inicializada\n        } else {\n            \/\/ La SDK de Facebook no est\u00e1 inicializada\n            var script = document.createElement('script');\n            script.async = true;\n            script.defer = true;\n            script.crossOrigin = 'anonymous';\n            script.src=\"https:\/\/connect.facebook.net\/es_LA\/sdk.js#xfbml=1&version=v17.0&appId=868452105110858&autoLogAppEvents=1\";\n            script.nonce=\"eBgX2sTe\";\n            document.head.appendChild(script);\n        }\n        \/* FIX YOUTUBE (fix width) *\/\n        var youtubeIframes = document.querySelectorAll('iframe[src*=\"youtube.com\/embed\"]');\n        youtubeIframes.forEach(function(iframe) {\n            var containerWidth = iframe.parentElement.clientWidth || iframe.parentElement.offsetWidth;\n            if(containerWidth && iframe.width > containerWidth){\n                iframe.width = containerWidth;\n                iframe.height = (containerWidth \/ 16) * 9; \/\/ Assuming a 16:9 aspect ratio\n            }\n        });\n    });\n<\/script><script type=\"565bf402abc543a7c5d8e9c2-text\/javascript\">\n        window.addEventListener('load', () => {\n            if (typeof FB !== 'undefined' && FB.init) {\n                \/\/ La SDK de Facebook est\u00e1 inicializada\n            } else {\n                \/\/ La SDK de Facebook no est\u00e1 inicializada\n                var script = document.createElement('script');\n                script.async = true;\n                script.defer = true;\n                script.crossOrigin = 'anonymous';\n                script.src=\"https:\/\/connect.facebook.net\/es_LA\/sdk.js#xfbml=1&version=v17.0&appId=868452105110858&autoLogAppEvents=1\";\n                script.nonce=\"eBgX2sTe\";\n                document.head.appendChild(script);\n            }\n        });\n<\/script><\/p>\n","protected":false},"excerpt":{"rendered":"<p>El gobernador mantuvo encuentros en Buenos Aires con los embajadores de Estados Unidos, Francia y Chile en la Argentina. Analizaron proyectos tur\u00edsticos, energ\u00e9ticos y de infraestructura. El gobernador Rolando Figueroa mantuvo encuentros en la ciudad de Buenos Aires con los embajadores de Estados Unidos, Francia y Chile en la Argentina, como parte de una agenda [&hellip;]<\/p>\n","protected":false},"author":1,"featured_media":15367,"comment_status":"","ping_status":"","sticky":false,"template":"","format":"standard","meta":{"_monsterinsights_skip_tracking":false,"_monsterinsights_sitenote_active":false,"_monsterinsights_sitenote_note":"","_monsterinsights_sitenote_category":0,"footnotes":""},"categories":[4],"tags":[2231,12,2671,804,129,16,2672,21,50],"class_list":["post-15366","post","type-post","status-publish","format-standard","has-post-thumbnail","hentry","category-regionales","tag-condiciones","tag-figueroa","tag-generamos","tag-inversores","tag-las","tag-los","tag-miren","tag-neuquen","tag-para"],"aioseo_notices":[],"amp_enabled":true,"_links":{"self":[{"href":"https:\/\/noticiasdeangostura.com.ar\/index.php?rest_route=\/wp\/v2\/posts\/15366","targetHints":{"allow":["GET"]}}],"collection":[{"href":"https:\/\/noticiasdeangostura.com.ar\/index.php?rest_route=\/wp\/v2\/posts"}],"about":[{"href":"https:\/\/noticiasdeangostura.com.ar\/index.php?rest_route=\/wp\/v2\/types\/post"}],"author":[{"embeddable":true,"href":"https:\/\/noticiasdeangostura.com.ar\/index.php?rest_route=\/wp\/v2\/users\/1"}],"replies":[{"embeddable":true,"href":"https:\/\/noticiasdeangostura.com.ar\/index.php?rest_route=%2Fwp%2Fv2%2Fcomments&post=15366"}],"version-history":[{"count":0,"href":"https:\/\/noticiasdeangostura.com.ar\/index.php?rest_route=\/wp\/v2\/posts\/15366\/revisions"}],"wp:featuredmedia":[{"embeddable":true,"href":"https:\/\/noticiasdeangostura.com.ar\/index.php?rest_route=\/wp\/v2\/media\/15367"}],"wp:attachment":[{"href":"https:\/\/noticiasdeangostura.com.ar\/index.php?rest_route=%2Fwp%2Fv2%2Fmedia&parent=15366"}],"wp:term":[{"taxonomy":"category","embeddable":true,"href":"https:\/\/noticiasdeangostura.com.ar\/index.php?rest_route=%2Fwp%2Fv2%2Fcategories&post=15366"},{"taxonomy":"post_tag","embeddable":true,"href":"https:\/\/noticiasdeangostura.com.ar\/index.php?rest_route=%2Fwp%2Fv2%2Ftags&post=15366"}],"curies":[{"name":"wp","href":"https:\/\/api.w.org\/{rel}","templated":true}]}}