{"id":15368,"date":"2026-05-01T16:18:00","date_gmt":"2026-05-01T19:18:00","guid":{"rendered":"https:\/\/noticiasdeangostura.com.ar\/?p=15368"},"modified":"2026-05-01T16:18:00","modified_gmt":"2026-05-01T19:18:00","slug":"entro-en-vigencia-el-acuerdo-mercosur-union-europea-preven-un-fuerte-impulso-exportador","status":"publish","type":"post","link":"https:\/\/noticiasdeangostura.com.ar\/?p=15368","title":{"rendered":"Entr\u00f3 en vigencia el acuerdo Mercosur\u2013Uni\u00f3n Europea: prev\u00e9n un fuerte impulso exportador"},"content":{"rendered":"<p> <br \/>\n<br \/><\/p>\n<p>El tratado comienza a aplicarse en su etapa comercial con una reducci\u00f3n arancelaria progresiva. Especialistas estiman que podr\u00eda aumentar significativamente las exportaciones argentinas hacia Europa, aunque a\u00fan restan definiciones legales para su implementaci\u00f3n plena.<\/p>\n<div>\n<p>El acuerdo de libre comercio entre el Mercosur y la Uni\u00f3n Europea comenz\u00f3 a regir este viernes en su fase comercial, marcando un hito en la integraci\u00f3n econ\u00f3mica entre ambos bloques. La medida abarca un mercado de m\u00e1s de 700 millones de personas y establece una reducci\u00f3n gradual de aranceles para m\u00e1s del 90% del intercambio bilateral.<\/p>\n<p class=\"noEditable noticia-relacionada\" data-id=\"333177\"><ampiframe src=\"https:\/\/www.noticiasnqn.com.ar\/api\/noticias\/333177\/relacionadas?amp=1\" layout=\"fixed-height\" sandbox=\"allow-top-navigation allow-top-navigation-by-user-activation allow-scripts \" height=\"100px\"> <b placeholder=\"\">Lee tambi\u00e9n: Tragedia en Rinc\u00f3n de los Sauces: muri\u00f3 una joven de 26 a\u00f1os tras un vuelco en Ruta 6<\/b> <\/ampiframe><\/p>\n<p>Seg\u00fan proyecciones privadas, el tratado tiene potencial para incrementar de forma considerable las exportaciones argentinas al bloque europeo en los pr\u00f3ximos a\u00f1os, impulsadas por mejores condiciones de acceso para productos agroindustriales e industriales.<\/p>\n<p>No obstante, el acuerdo a\u00fan no est\u00e1 plenamente vigente, ya que quedan pendientes instancias formales en algunos pa\u00edses europeos, donde contin\u00faan debates vinculados principalmente al sector agr\u00edcola. Mientras tanto, se avanza con la implementaci\u00f3n inicial centrada en el comercio.<\/p>\n<p class=\"noEditable noticia-relacionada\" data-id=\"333204\"><ampiframe src=\"https:\/\/www.noticiasnqn.com.ar\/api\/noticias\/333204\/relacionadas?amp=1\" layout=\"fixed-height\" sandbox=\"allow-top-navigation allow-top-navigation-by-user-activation allow-scripts \" height=\"100px\"> <b placeholder=\"\">Lee tambi\u00e9n: Evitaron que un joven se arrojara desde el puente del arroyo \u00d1ireco en Bariloche<\/b> <\/ampiframe><\/p>\n<p>Entre los puntos destacados, se incluyen cuotas preferenciales para productos como carne bovina, aviar y porcina, arroz, miel y etanol, adem\u00e1s de beneficios para exportaciones industriales, muchas de las cuales comenzar\u00e1n a ingresar con arancel cero.<\/p>\n<p>El cronograma de desgravaci\u00f3n no ser\u00e1 uniforme: algunos sectores tendr\u00e1n plazos de hasta 15 a\u00f1os para la eliminaci\u00f3n total de aranceles, como en el caso de la industria automotriz. En paralelo, el acuerdo tambi\u00e9n contempla futuras etapas vinculadas a cooperaci\u00f3n e institucionalidad, que se activar\u00e1n una vez completados los procesos legislativos pendientes.<\/p>\n<\/p><\/div>\n","protected":false},"excerpt":{"rendered":"<p>El tratado comienza a aplicarse en su etapa comercial con una reducci\u00f3n arancelaria progresiva. Especialistas estiman que podr\u00eda aumentar significativamente las exportaciones argentinas hacia Europa, aunque a\u00fan restan definiciones legales para su implementaci\u00f3n plena. El acuerdo de libre comercio entre el Mercosur y la Uni\u00f3n Europea comenz\u00f3 a regir este viernes en su fase comercial, [&hellip;]<\/p>\n","protected":false},"author":1,"featured_media":15369,"comment_status":"","ping_status":"","sticky":false,"template":"","format":"standard","meta":{"_monsterinsights_skip_tracking":false,"_monsterinsights_sitenote_active":false,"_monsterinsights_sitenote_note":"","_monsterinsights_sitenote_category":0,"footnotes":""},"categories":[1],"tags":[],"class_list":["post-15368","post","type-post","status-publish","format-standard","has-post-thumbnail","hentry","category-ultimas-noticias"],"aioseo_notices":[],"amp_enabled":true,"_links":{"self":[{"href":"https:\/\/noticiasdeangostura.com.ar\/index.php?rest_route=\/wp\/v2\/posts\/15368","targetHints":{"allow":["GET"]}}],"collection":[{"href":"https:\/\/noticiasdeangostura.com.ar\/index.php?rest_route=\/wp\/v2\/posts"}],"about":[{"href":"https:\/\/noticiasdeangostura.com.ar\/index.php?rest_route=\/wp\/v2\/types\/post"}],"author":[{"embeddable":true,"href":"https:\/\/noticiasdeangostura.com.ar\/index.php?rest_route=\/wp\/v2\/users\/1"}],"replies":[{"embeddable":true,"href":"https:\/\/noticiasdeangostura.com.ar\/index.php?rest_route=%2Fwp%2Fv2%2Fcomments&post=15368"}],"version-history":[{"count":0,"href":"https:\/\/noticiasdeangostura.com.ar\/index.php?rest_route=\/wp\/v2\/posts\/15368\/revisions"}],"wp:featuredmedia":[{"embeddable":true,"href":"https:\/\/noticiasdeangostura.com.ar\/index.php?rest_route=\/wp\/v2\/media\/15369"}],"wp:attachment":[{"href":"https:\/\/noticiasdeangostura.com.ar\/index.php?rest_route=%2Fwp%2Fv2%2Fmedia&parent=15368"}],"wp:term":[{"taxonomy":"category","embeddable":true,"href":"https:\/\/noticiasdeangostura.com.ar\/index.php?rest_route=%2Fwp%2Fv2%2Fcategories&post=15368"},{"taxonomy":"post_tag","embeddable":true,"href":"https:\/\/noticiasdeangostura.com.ar\/index.php?rest_route=%2Fwp%2Fv2%2Ftags&post=15368"}],"curies":[{"name":"wp","href":"https:\/\/api.w.org\/{rel}","templated":true}]}}