{"id":15374,"date":"2026-05-01T16:48:14","date_gmt":"2026-05-01T19:48:14","guid":{"rendered":"https:\/\/noticiasdeangostura.com.ar\/?p=15374"},"modified":"2026-05-01T16:48:14","modified_gmt":"2026-05-01T19:48:14","slug":"primero-de-mayo-temperaturas-primaverales-durante-el-dia-del-trabajador-y-frio-en-el-amba-para-el-fin-de-semana-largo","status":"publish","type":"post","link":"https:\/\/noticiasdeangostura.com.ar\/?p=15374","title":{"rendered":"Primero de mayo: temperaturas primaverales durante el d\u00eda del trabajador y fr\u00edo en el AMBA para el fin de semana largo"},"content":{"rendered":"<p> <br \/>\n<br \/><\/p>\n<p>\t\t\t\t\t\tEl feriado del primero de mayo en conmemoraci\u00f3n del D\u00eda del Trabajador, presentar\u00e1 este a\u00f1o condiciones clim\u00e1ticas at\u00edpicas en el AMBA: una jornada con temperaturas templadas, cielo parcialmente nublado y registros m\u00e1s cercanos a la primavera que al oto\u00f1o. No obstante, el alivio ser\u00e1 pasajero,  ya que el pron\u00f3stico anticipa un marcado descenso t\u00e9rmico para el fin de semana largo, con el ingreso de aire fr\u00edo que har\u00e1 caer la temperatura de forma significativa.     Este viernes, se presenta con m\u00ednimas moderadas y m\u00e1ximas que podr\u00edan superar los 22 grados, impulsadas por vientos del sector norte que favorecen el tiempo agradable en el \u00c1rea Metropolitana de Buenos Aires. Dichas condiciones descritas, invitan a actividades al aire libre y marcan una pausa en la tendencia oto\u00f1al que ven\u00eda predominando en los \u00faltimos d\u00edas.     \u00bfAbren los supermercados durante el feriado del viernes 1\u00b0 de mayo?<\/p>\n<p>        Esto no les gusta a los autoritarios<\/p>\n<p>                El ejercicio del periodismo profesional y cr\u00edtico es un pilar fundamental de la democracia. Por eso molesta a quienes creen ser los due\u00f1os de la verdad.<\/p>\n<p>    Desde el Servicio Meteorol\u00f3gico Nacional advirtieron que un frente fr\u00edo avanzar\u00e1 desde el sur del pa\u00eds y modificar\u00e1 las condiciones en la regi\u00f3n central, generando un \u201cbrusco descenso t\u00e9rmico\u201d y la posibilidad de precipitaciones. Conoc\u00e9 c\u00f3mo estar\u00e1 el tiempo.    El fin de semana largo producto del D\u00eda del Trabajador ofrecer\u00e1 un comienzo con cielo mayormente despejado y c\u00e1lido. Sin embargo, el cierre estar\u00e1 predominado por un escenario fr\u00edo que estar\u00e1 caracterizado por una transici\u00f3n brusca y variabilidad de la temperatura que obligar\u00e1 a desempolvar el abrigo en los primeros d\u00edas de mayo.        Caption        Finde semana largo: se esperan temperaturas invernales para el s\u00e1bado y el domingo en el AMBA    El ingreso de aire fr\u00edo se har\u00e1 sentir especialmente entre el s\u00e1bado y el domingo en el AMBA, donde las temperaturas m\u00ednimas podr\u00edan ubicarse por debajo de los 10 \u00b0C , mientras que las m\u00e1ximas apenas alcanzar\u00edan los 15 o 16 grados.     Clima en Ciudad de Buenos Aires: temperaturas agradables y cielo nublado para disfrutar el feriado    Este cambio estar\u00e1 acompa\u00f1ado por vientos del sector sur y sudeste, que reforzar\u00e1n la sensaci\u00f3n t\u00e9rmica m\u00e1s baja, especialmente en horas de la ma\u00f1ana y la noche.    Desde el Servicio Meteorol\u00f3gico Nacional indicaron que, si bien no se esperan fen\u00f3menos extremos, el contraste con el clima templado del feriado ser\u00e1 notorio. \u201cSe trata de un cambio de masa de aire t\u00edpico de la \u00e9poca, pero con un descenso t\u00e9rmico marcado en pocas horas\u201d, se\u00f1alaron fuentes del organismo.        Viernes primaveral en el AMBA        En este contexto, recomiendan a la poblaci\u00f3n estar atenta a las actualizaciones del pron\u00f3stico, especialmente quienes tengan planes al aire libre durante el fin de semana largo.    PM  <\/p>\n","protected":false},"excerpt":{"rendered":"<p>El feriado del primero de mayo en conmemoraci\u00f3n del D\u00eda del Trabajador, presentar\u00e1 este a\u00f1o condiciones clim\u00e1ticas at\u00edpicas en el AMBA: una jornada con temperaturas templadas, cielo parcialmente nublado y registros m\u00e1s cercanos a la primavera que al oto\u00f1o. No obstante, el alivio ser\u00e1 pasajero, ya que el pron\u00f3stico anticipa un marcado descenso t\u00e9rmico para [&hellip;]<\/p>\n","protected":false},"author":1,"featured_media":15375,"comment_status":"","ping_status":"","sticky":false,"template":"","format":"standard","meta":{"_monsterinsights_skip_tracking":false,"_monsterinsights_sitenote_active":false,"_monsterinsights_sitenote_note":"","_monsterinsights_sitenote_category":0,"footnotes":""},"categories":[11],"tags":[],"class_list":["post-15374","post","type-post","status-publish","format-standard","has-post-thumbnail","hentry","category-actualidad"],"aioseo_notices":[],"amp_enabled":true,"_links":{"self":[{"href":"https:\/\/noticiasdeangostura.com.ar\/index.php?rest_route=\/wp\/v2\/posts\/15374","targetHints":{"allow":["GET"]}}],"collection":[{"href":"https:\/\/noticiasdeangostura.com.ar\/index.php?rest_route=\/wp\/v2\/posts"}],"about":[{"href":"https:\/\/noticiasdeangostura.com.ar\/index.php?rest_route=\/wp\/v2\/types\/post"}],"author":[{"embeddable":true,"href":"https:\/\/noticiasdeangostura.com.ar\/index.php?rest_route=\/wp\/v2\/users\/1"}],"replies":[{"embeddable":true,"href":"https:\/\/noticiasdeangostura.com.ar\/index.php?rest_route=%2Fwp%2Fv2%2Fcomments&post=15374"}],"version-history":[{"count":0,"href":"https:\/\/noticiasdeangostura.com.ar\/index.php?rest_route=\/wp\/v2\/posts\/15374\/revisions"}],"wp:featuredmedia":[{"embeddable":true,"href":"https:\/\/noticiasdeangostura.com.ar\/index.php?rest_route=\/wp\/v2\/media\/15375"}],"wp:attachment":[{"href":"https:\/\/noticiasdeangostura.com.ar\/index.php?rest_route=%2Fwp%2Fv2%2Fmedia&parent=15374"}],"wp:term":[{"taxonomy":"category","embeddable":true,"href":"https:\/\/noticiasdeangostura.com.ar\/index.php?rest_route=%2Fwp%2Fv2%2Fcategories&post=15374"},{"taxonomy":"post_tag","embeddable":true,"href":"https:\/\/noticiasdeangostura.com.ar\/index.php?rest_route=%2Fwp%2Fv2%2Ftags&post=15374"}],"curies":[{"name":"wp","href":"https:\/\/api.w.org\/{rel}","templated":true}]}}