{"id":15378,"date":"2026-05-01T17:48:47","date_gmt":"2026-05-01T20:48:47","guid":{"rendered":"https:\/\/noticiasdeangostura.com.ar\/?p=15378"},"modified":"2026-05-01T17:48:47","modified_gmt":"2026-05-01T20:48:47","slug":"alumine-fue-sede-del-primer-consejo-regional-de-turismo-de-la-region-del-pehuen","status":"publish","type":"post","link":"https:\/\/noticiasdeangostura.com.ar\/?p=15378","title":{"rendered":"Alumin\u00e9 fue sede del primer Consejo Regional de Turismo de la Regi\u00f3n del Pehu\u00e9n"},"content":{"rendered":"<p> <br \/>\n<br \/><\/p>\n<p>Con amplia participaci\u00f3n de autoridades provinciales, intendentes y referentes del sector p\u00fablico y privado, el encuentro marc\u00f3 el inicio del trabajo articulado en el marco de la nueva Ley Provincial de Turismo, definiendo lineamientos y agenda para el desarrollo tur\u00edstico de 2026.<\/p>\n<div>\n<p>Se realiz\u00f3 en el Centro de Visitantes de Alumin\u00e9 la primera reuni\u00f3n del Consejo Regional de Turismo (CRT) para la Regi\u00f3n del Pehu\u00e9n, donde se expusieron los lineamientos del trabajo que desarrolla el ministerio de Turismo, Ambiente y Recursos Naturales a lo largo de 2026. Asimismo, el espacio fue propicio para el debate de pol\u00edticas, medidas t\u00e9cnicas, acciones y extensi\u00f3n de programas provinciales.<\/p>\n<p>Entre otras autoridades, participaron subsecretario de Turismo provincial, <strong>Sergio Sciacchitano<\/strong>; el intendente <strong>Diego Victoria<\/strong>; y referentes de turismo p\u00fablico y privado.<\/p>\n<p>De acuerdo a lo estipulado en la 17\u00b0 Asamblea del Consejo Provincial de Turismo el 8 de abril en el Centro de Convenciones y Exposiciones el Domuyo, se acord\u00f3 un calendario de Consejos Regionales de Turismo, con agenda, fechas y sedes que se ir\u00e1n definiendo en consenso con las localidades.<\/p>\n<p>La asamblea se desarroll\u00f3 en el marco de la implementaci\u00f3n de la nueva Ley Provincial de Turismo N\u00ba 3525, sancionada en noviembre de 2025, que incorpora nuevas herramientas de participaci\u00f3n y planificaci\u00f3n para el sector, entre ellas la creaci\u00f3n de Consejos Regionales de Turismo.<\/p>\n<p>Cabe mencionar que el primero de los consejos regionales se concret\u00f3 en San Patricio del\u00a0Cha\u00f1ar como parte de las regiones Vaca Muerta y Comarca. El pr\u00f3ximo CRT\u00a0de las regiones Confluencia y Del Limay ser\u00e1 el 11 de mayo en el Microcine del Museo Paleontol\u00f3gico Ernesto Bachmann de Villa El Choc\u00f3n.<\/p>\n<p>En el encuentro de turismo regional en Alumin\u00e9 estuvieron presentes los intendentes de Pehuenia-Moquehue, <strong>Arturo de Gregorio<\/strong>; los presidentes de las Comisiones de Fomento de Las Coloradas, <strong>Lucrecio Varela<\/strong>, y de Villa del Puente Pic\u00fan Leuf\u00fa, <strong>Ram\u00f3n Cuevas<\/strong> y la secretaria de Turismo local, <strong>Amalia Sapag<\/strong>.<\/p>\n<p>Acompa\u00f1\u00f3 adem\u00e1s el delegado regional de la Regi\u00f3n del Pehu\u00e9n, <strong>Rub\u00e9n Garc\u00eda<\/strong>, junto a responsables de Turismo de los municipios de Villa Pehuenia-Moquehue, Zapala, Las Lajas y Bajada del Agrio, representantes de la Corporaci\u00f3n Interestadual Pulmar\u00ed y de las c\u00e1maras empresariales de Alumin\u00e9 y Villa Pehuenia-Moquehue.<\/p>\n<p>\u00a0<\/p>\n<\/p><\/div>\n<p><script type=\"06cc9c61660a990ea860dfd3-text\/javascript\">\n    window.addEventListener('load', () => {\n        if (typeof FB !== 'undefined' && FB.init) {\n            \/\/ La SDK de Facebook est\u00e1 inicializada\n        } else {\n            \/\/ La SDK de Facebook no est\u00e1 inicializada\n            var script = document.createElement('script');\n            script.async = true;\n            script.defer = true;\n            script.crossOrigin = 'anonymous';\n            script.src=\"https:\/\/connect.facebook.net\/es_LA\/sdk.js#xfbml=1&version=v17.0&appId=868452105110858&autoLogAppEvents=1\";\n            script.nonce=\"eBgX2sTe\";\n            document.head.appendChild(script);\n        }\n        \/* FIX YOUTUBE (fix width) *\/\n        var youtubeIframes = document.querySelectorAll('iframe[src*=\"youtube.com\/embed\"]');\n        youtubeIframes.forEach(function(iframe) {\n            var containerWidth = iframe.parentElement.clientWidth || iframe.parentElement.offsetWidth;\n            if(containerWidth && iframe.width > containerWidth){\n                iframe.width = containerWidth;\n                iframe.height = (containerWidth \/ 16) * 9; \/\/ Assuming a 16:9 aspect ratio\n            }\n        });\n    });\n<\/script><\/p>\n","protected":false},"excerpt":{"rendered":"<p>Con amplia participaci\u00f3n de autoridades provinciales, intendentes y referentes del sector p\u00fablico y privado, el encuentro marc\u00f3 el inicio del trabajo articulado en el marco de la nueva Ley Provincial de Turismo, definiendo lineamientos y agenda para el desarrollo tur\u00edstico de 2026. Se realiz\u00f3 en el Centro de Visitantes de Alumin\u00e9 la primera reuni\u00f3n del [&hellip;]<\/p>\n","protected":false},"author":1,"featured_media":15379,"comment_status":"","ping_status":"","sticky":false,"template":"","format":"standard","meta":{"_monsterinsights_skip_tracking":false,"_monsterinsights_sitenote_active":false,"_monsterinsights_sitenote_note":"","_monsterinsights_sitenote_category":0,"footnotes":""},"categories":[4],"tags":[257,591,29,1021,1572,874,719,1080,603,509],"class_list":["post-15378","post","type-post","status-publish","format-standard","has-post-thumbnail","hentry","category-regionales","tag-alumine","tag-consejo","tag-del","tag-fue","tag-pehuen","tag-primer","tag-region","tag-regional","tag-sede","tag-turismo"],"aioseo_notices":[],"amp_enabled":true,"_links":{"self":[{"href":"https:\/\/noticiasdeangostura.com.ar\/index.php?rest_route=\/wp\/v2\/posts\/15378","targetHints":{"allow":["GET"]}}],"collection":[{"href":"https:\/\/noticiasdeangostura.com.ar\/index.php?rest_route=\/wp\/v2\/posts"}],"about":[{"href":"https:\/\/noticiasdeangostura.com.ar\/index.php?rest_route=\/wp\/v2\/types\/post"}],"author":[{"embeddable":true,"href":"https:\/\/noticiasdeangostura.com.ar\/index.php?rest_route=\/wp\/v2\/users\/1"}],"replies":[{"embeddable":true,"href":"https:\/\/noticiasdeangostura.com.ar\/index.php?rest_route=%2Fwp%2Fv2%2Fcomments&post=15378"}],"version-history":[{"count":0,"href":"https:\/\/noticiasdeangostura.com.ar\/index.php?rest_route=\/wp\/v2\/posts\/15378\/revisions"}],"wp:featuredmedia":[{"embeddable":true,"href":"https:\/\/noticiasdeangostura.com.ar\/index.php?rest_route=\/wp\/v2\/media\/15379"}],"wp:attachment":[{"href":"https:\/\/noticiasdeangostura.com.ar\/index.php?rest_route=%2Fwp%2Fv2%2Fmedia&parent=15378"}],"wp:term":[{"taxonomy":"category","embeddable":true,"href":"https:\/\/noticiasdeangostura.com.ar\/index.php?rest_route=%2Fwp%2Fv2%2Fcategories&post=15378"},{"taxonomy":"post_tag","embeddable":true,"href":"https:\/\/noticiasdeangostura.com.ar\/index.php?rest_route=%2Fwp%2Fv2%2Ftags&post=15378"}],"curies":[{"name":"wp","href":"https:\/\/api.w.org\/{rel}","templated":true}]}}