{"id":15381,"date":"2026-05-01T18:28:43","date_gmt":"2026-05-01T21:28:43","guid":{"rendered":"https:\/\/noticiasdeangostura.com.ar\/?p=15381"},"modified":"2026-05-01T18:28:43","modified_gmt":"2026-05-01T21:28:43","slug":"caputo-viajo-a-bariloche-participo-del-foro-llao-llao-y-se-reunio-con-la-reina-maxima","status":"publish","type":"post","link":"https:\/\/noticiasdeangostura.com.ar\/?p=15381","title":{"rendered":"Caputo viaj\u00f3 a Bariloche, particip\u00f3 del Foro Llao Llao y se reuni\u00f3 con la reina M\u00e1xima"},"content":{"rendered":"<p> <br \/>\n<br \/><\/p>\n<p>El ministro de Econom\u00eda, Luis Caputo, mantuvo un encuentro con M\u00e1xima de los Pa\u00edses Bajos durante su visita a Bariloche, donde tambi\u00e9n form\u00f3 parte del exclusivo foro empresario.<\/p>\n<div>\n<p>El ministro de Econom\u00eda, <span class=\"hover:entity-accent entity-underline inline cursor-pointer align-baseline\"><span class=\"whitespace-normal\">Luis Caputo<\/span><\/span>, viaj\u00f3 en las \u00faltimas horas a <span class=\"hover:entity-accent entity-underline inline cursor-pointer align-baseline\"><span class=\"whitespace-normal\">San Carlos de Bariloche<\/span><\/span> para participar del Foro Llao Llao y protagoniz\u00f3 una actividad fuera de agenda al reunirse con <span class=\"hover:entity-accent entity-underline inline cursor-pointer align-baseline\"><span class=\"whitespace-normal\">M\u00e1xima de los Pa\u00edses Bajos<\/span><\/span>.<\/p>\n<p class=\"noEditable noticia-relacionada\" data-id=\"333180\"><ampiframe src=\"https:\/\/www.noticiasnqn.com.ar\/api\/noticias\/333180\/relacionadas?amp=1\" layout=\"fixed-height\" sandbox=\"allow-top-navigation allow-top-navigation-by-user-activation allow-scripts \" height=\"100px\"> <b placeholder=\"\">Lee tambi\u00e9n: Ingresa un frente fr\u00edo con viento, lluvias y nevadas en la cordillera<\/b> <\/ampiframe><\/p>\n<p>El encuentro fue confirmado por fuentes oficiales y tambi\u00e9n por el propio funcionario, quien destac\u00f3 el intercambio con la monarca nacida en Argentina. \u201cUn placer charlar con la reina M\u00e1xima sobre econom\u00eda e inclusi\u00f3n financiera. Nunca deja de sorprenderme su nivel de conocimiento y su pasi\u00f3n por mejorar el bienestar de las personas\u201d, expres\u00f3 en sus redes sociales.<\/p>\n<p>La visita se dio en paralelo a su reciente exposici\u00f3n en ExpoEfi 2026, donde analiz\u00f3 la situaci\u00f3n econ\u00f3mica del pa\u00eds. All\u00ed, Caputo reconoci\u00f3 que el indicador de actividad de febrero mostr\u00f3 una ca\u00edda, aunque relativiz\u00f3 su impacto en el contexto general. \u201cEl dato dio mal, pero ven\u00edamos de n\u00fameros r\u00e9cord. Tenemos que saber de d\u00f3nde ven\u00edamos\u201d, se\u00f1al\u00f3 en referencia al Estimador Mensual de Actividad Econ\u00f3mica (EMAE).<\/p>\n<p>En ese marco, el ministro destac\u00f3 el desempe\u00f1o del sector externo y proyect\u00f3 un escenario favorable. Afirm\u00f3 que el pa\u00eds atraviesa un \u201cr\u00e9cord de exportaciones\u201d y un fuerte crecimiento del agro, al tiempo que anticip\u00f3 un importante aporte de los sectores energ\u00e9tico y minero en los pr\u00f3ximos a\u00f1os.<\/p>\n<p class=\"noEditable noticia-relacionada\" data-id=\"333195\"><ampiframe src=\"https:\/\/www.noticiasnqn.com.ar\/api\/noticias\/333195\/relacionadas?amp=1\" layout=\"fixed-height\" sandbox=\"allow-top-navigation allow-top-navigation-by-user-activation allow-scripts \" height=\"100px\"> <b placeholder=\"\">Lee tambi\u00e9n: El Registro Civil M\u00f3vil recorrer\u00e1 localidades de Neuqu\u00e9n durante la primera quincena de mayo<\/b> <\/ampiframe><\/p>\n<p>Respecto a la inflaci\u00f3n, vincul\u00f3 su evoluci\u00f3n con la pol\u00edtica monetaria y cambiaria, y asegur\u00f3 que tras el pico registrado en marzo se espera una desaceleraci\u00f3n en los pr\u00f3ximos meses.<\/p>\n<\/p><\/div>\n","protected":false},"excerpt":{"rendered":"<p>El ministro de Econom\u00eda, Luis Caputo, mantuvo un encuentro con M\u00e1xima de los Pa\u00edses Bajos durante su visita a Bariloche, donde tambi\u00e9n form\u00f3 parte del exclusivo foro empresario. El ministro de Econom\u00eda, Luis Caputo, viaj\u00f3 en las \u00faltimas horas a San Carlos de Bariloche para participar del Foro Llao Llao y protagoniz\u00f3 una actividad fuera [&hellip;]<\/p>\n","protected":false},"author":1,"featured_media":15382,"comment_status":"","ping_status":"","sticky":false,"template":"","format":"standard","meta":{"_monsterinsights_skip_tracking":false,"_monsterinsights_sitenote_active":false,"_monsterinsights_sitenote_note":"","_monsterinsights_sitenote_category":0,"footnotes":""},"categories":[1],"tags":[],"class_list":["post-15381","post","type-post","status-publish","format-standard","has-post-thumbnail","hentry","category-ultimas-noticias"],"aioseo_notices":[],"amp_enabled":true,"_links":{"self":[{"href":"https:\/\/noticiasdeangostura.com.ar\/index.php?rest_route=\/wp\/v2\/posts\/15381","targetHints":{"allow":["GET"]}}],"collection":[{"href":"https:\/\/noticiasdeangostura.com.ar\/index.php?rest_route=\/wp\/v2\/posts"}],"about":[{"href":"https:\/\/noticiasdeangostura.com.ar\/index.php?rest_route=\/wp\/v2\/types\/post"}],"author":[{"embeddable":true,"href":"https:\/\/noticiasdeangostura.com.ar\/index.php?rest_route=\/wp\/v2\/users\/1"}],"replies":[{"embeddable":true,"href":"https:\/\/noticiasdeangostura.com.ar\/index.php?rest_route=%2Fwp%2Fv2%2Fcomments&post=15381"}],"version-history":[{"count":0,"href":"https:\/\/noticiasdeangostura.com.ar\/index.php?rest_route=\/wp\/v2\/posts\/15381\/revisions"}],"wp:featuredmedia":[{"embeddable":true,"href":"https:\/\/noticiasdeangostura.com.ar\/index.php?rest_route=\/wp\/v2\/media\/15382"}],"wp:attachment":[{"href":"https:\/\/noticiasdeangostura.com.ar\/index.php?rest_route=%2Fwp%2Fv2%2Fmedia&parent=15381"}],"wp:term":[{"taxonomy":"category","embeddable":true,"href":"https:\/\/noticiasdeangostura.com.ar\/index.php?rest_route=%2Fwp%2Fv2%2Fcategories&post=15381"},{"taxonomy":"post_tag","embeddable":true,"href":"https:\/\/noticiasdeangostura.com.ar\/index.php?rest_route=%2Fwp%2Fv2%2Ftags&post=15381"}],"curies":[{"name":"wp","href":"https:\/\/api.w.org\/{rel}","templated":true}]}}