{"id":15387,"date":"2026-05-01T18:49:09","date_gmt":"2026-05-01T21:49:09","guid":{"rendered":"https:\/\/noticiasdeangostura.com.ar\/?p=15387"},"modified":"2026-05-01T18:49:09","modified_gmt":"2026-05-01T21:49:09","slug":"trump-redobla-su-presion-sobre-europa-subire-los-aranceles-al-25-y-escala-el-conflicto-con-la-ue","status":"publish","type":"post","link":"https:\/\/noticiasdeangostura.com.ar\/?p=15387","title":{"rendered":"Trump redobla su presi\u00f3n sobre Europa: \u201cSubir\u00e9 los aranceles al 25%\u201d y escala el conflicto con la UE"},"content":{"rendered":"<p> <br \/>\n<br \/><\/p>\n<p>\t\t\t\t\t\tEl presidente de Estados Unidos, Donald Trump, volvi\u00f3 a endurecer su postura frente a Europa y anunci\u00f3 que elevar\u00e1 al 25% los aranceles a autos y camiones provenientes de la Uni\u00f3n Europea. La medida profundiza la tensi\u00f3n comercial y se suma a una serie de cr\u00edticas recientes contra l\u00edderes del continente.    \u201cLa pr\u00f3xima semana aumentar\u00e9 los aranceles\u201d, afirm\u00f3 el mandatario en su red social, en la que justific\u00f3 la decisi\u00f3n al se\u00f1alar que el bloque europeo no cumple con acuerdos comerciales previos.    <\/p>\n<p>        Esto no les gusta a los autoritarios<\/p>\n<p>                El ejercicio del periodismo profesional y cr\u00edtico es un pilar fundamental de la democracia. Por eso molesta a quienes creen ser los due\u00f1os de la verdad.<\/p>\n<p>    Nuevas fricciones con l\u00edderes europeos    El anuncio llega en medio de un clima de creciente conflicto pol\u00edtico y diplom\u00e1tico. En los \u00faltimos d\u00edas, Trump apunt\u00f3 contra el canciller alem\u00e1n, Friedrich Merz, a quien calific\u00f3 de \u201cineficaz\u201d por sus cr\u00edticas a la pol\u00edtica exterior estadounidense.    Tambi\u00e9n cuestion\u00f3 al primer ministro brit\u00e1nico, Keir Starmer, y lanz\u00f3 advertencias comerciales hacia el Reino Unido. En paralelo, se tens\u00f3 la relaci\u00f3n con la primera ministra italiana, Giorgia Meloni, tras diferencias sobre el conflicto en Medio Oriente.        Las tensiones no se limitan al comercio. El gobierno estadounidense desliz\u00f3 la posibilidad de reducir la presencia militar en pa\u00edses aliados como Alemania, Italia y Espa\u00f1a, en el marco de desacuerdos dentro de la OTAN.    Seg\u00fan trascendi\u00f3, la Casa Blanca cuestiona el nivel de apoyo europeo en operaciones vinculadas a la guerra con Ir\u00e1n, lo que podr\u00eda derivar en cambios estrat\u00e9gicos en la regi\u00f3n.    Preocupaci\u00f3n en Europa    El endurecimiento del discurso gener\u00f3 inquietud entre diplom\u00e1ticos europeos, que siguen de cerca la evoluci\u00f3n del v\u00ednculo con Washington. Fuentes del bloque admitieron que el escenario es incierto y que los pa\u00edses se preparan para posibles medidas adicionales.    En ese contexto, algunos dirigentes optan por evitar respuestas inmediatas y buscan sostener el di\u00e1logo, mientras otros advierten que la escalada podr\u00eda afectar seriamente las relaciones transatl\u00e1nticas.    Le\u00f3n XIV nombr\u00f3 en Cincinnati a un obispo migrante y reaviv\u00f3 su choque con Trump    Las decisiones recientes se suman a una serie de medidas que ya hab\u00edan generado fricciones, como la pol\u00edtica arancelaria, recortes en apoyo internacional y disputas geopol\u00edticas.    El nuevo aumento de impuestos a productos europeos y las cr\u00edticas a aliados hist\u00f3ricos vuelven a poner en duda la estabilidad del v\u00ednculo entre Estados Unidos y Europa, en un contexto global marcado por conflictos y tensiones crecientes.    LB  <\/p>\n","protected":false},"excerpt":{"rendered":"<p>El presidente de Estados Unidos, Donald Trump, volvi\u00f3 a endurecer su postura frente a Europa y anunci\u00f3 que elevar\u00e1 al 25% los aranceles a autos y camiones provenientes de la Uni\u00f3n Europea. La medida profundiza la tensi\u00f3n comercial y se suma a una serie de cr\u00edticas recientes contra l\u00edderes del continente. \u201cLa pr\u00f3xima semana aumentar\u00e9 [&hellip;]<\/p>\n","protected":false},"author":1,"featured_media":15388,"comment_status":"","ping_status":"","sticky":false,"template":"","format":"standard","meta":{"_monsterinsights_skip_tracking":false,"_monsterinsights_sitenote_active":false,"_monsterinsights_sitenote_note":"","_monsterinsights_sitenote_category":0,"footnotes":""},"categories":[11],"tags":[],"class_list":["post-15387","post","type-post","status-publish","format-standard","has-post-thumbnail","hentry","category-actualidad"],"aioseo_notices":[],"amp_enabled":true,"_links":{"self":[{"href":"https:\/\/noticiasdeangostura.com.ar\/index.php?rest_route=\/wp\/v2\/posts\/15387","targetHints":{"allow":["GET"]}}],"collection":[{"href":"https:\/\/noticiasdeangostura.com.ar\/index.php?rest_route=\/wp\/v2\/posts"}],"about":[{"href":"https:\/\/noticiasdeangostura.com.ar\/index.php?rest_route=\/wp\/v2\/types\/post"}],"author":[{"embeddable":true,"href":"https:\/\/noticiasdeangostura.com.ar\/index.php?rest_route=\/wp\/v2\/users\/1"}],"replies":[{"embeddable":true,"href":"https:\/\/noticiasdeangostura.com.ar\/index.php?rest_route=%2Fwp%2Fv2%2Fcomments&post=15387"}],"version-history":[{"count":0,"href":"https:\/\/noticiasdeangostura.com.ar\/index.php?rest_route=\/wp\/v2\/posts\/15387\/revisions"}],"wp:featuredmedia":[{"embeddable":true,"href":"https:\/\/noticiasdeangostura.com.ar\/index.php?rest_route=\/wp\/v2\/media\/15388"}],"wp:attachment":[{"href":"https:\/\/noticiasdeangostura.com.ar\/index.php?rest_route=%2Fwp%2Fv2%2Fmedia&parent=15387"}],"wp:term":[{"taxonomy":"category","embeddable":true,"href":"https:\/\/noticiasdeangostura.com.ar\/index.php?rest_route=%2Fwp%2Fv2%2Fcategories&post=15387"},{"taxonomy":"post_tag","embeddable":true,"href":"https:\/\/noticiasdeangostura.com.ar\/index.php?rest_route=%2Fwp%2Fv2%2Ftags&post=15387"}],"curies":[{"name":"wp","href":"https:\/\/api.w.org\/{rel}","templated":true}]}}