{"id":15391,"date":"2026-05-01T19:50:01","date_gmt":"2026-05-01T22:50:01","guid":{"rendered":"https:\/\/noticiasdeangostura.com.ar\/?p=15391"},"modified":"2026-05-01T19:50:01","modified_gmt":"2026-05-01T22:50:01","slug":"avanzan-las-acciones-de-formacion-para-docentes-en-contenidos-transversales","status":"publish","type":"post","link":"https:\/\/noticiasdeangostura.com.ar\/?p=15391","title":{"rendered":"Avanzan las acciones de formaci\u00f3n para docentes en contenidos transversales"},"content":{"rendered":"<p> <br \/>\n<br \/><\/p>\n<p>La comunidad educativa del jard\u00edn N\u00b01 se capacit\u00f3 en tem\u00e1ticas de convivencias escolares, educaci\u00f3n ambiental y Educaci\u00f3n Sexual Integral. La acci\u00f3n es parte de la agenda de la cartera educativa para llegar a m\u00e1s educadores y equipos de gobierno escolar de toda la provincia.<\/p>\n<div>\n<p>La direcci\u00f3n de Contenidos Transversales del ministerio de Educaci\u00f3n organiz\u00f3 un taller de formaci\u00f3n y sensibilizaci\u00f3n para docentes del jard\u00edn N\u00b01 de la ciudad de Neuqu\u00e9n. El encuentro se dio este mes durante la \u00faltima jornada institucional -establecida por el calendario escolar situado- con estrategias pedag\u00f3gicas para el abordaje de tem\u00e1ticas de convivencias escolares, educaci\u00f3n ambiental y Educaci\u00f3n Sexual Integral (ESI).\u00a0<\/p>\n<p>La directora del \u00e1rea,<strong> Nadia Queipo<\/strong>, detall\u00f3 que la instancia formativa <em>\u201cforma parte de una labor articulada junto a la supervisi\u00f3n de la zona 2 -que funciona en la capital provincial- con el objetivo de potenciar en los contextos educativos la comunicaci\u00f3n como herramienta para mejorar las din\u00e1micas cotidianas\u201d.<\/em><\/p>\n<p>La propuesta cont\u00f3 con la participaci\u00f3n de 30 educadores de los turnos ma\u00f1ana y tarde, incluyendo al equipo directivo, duplas pedag\u00f3gicas y docentes de sala, educaci\u00f3n f\u00edsica y pl\u00e1stica.\u00a0<\/p>\n<p>Se trata de una acci\u00f3n que, a lo largo del ciclo lectivo, se replica en otras instituciones de los diferentes niveles para el fortalecimiento de v\u00ednculos pedag\u00f3gicos. <em>\u201cLlevamos a cabo formaciones respecto a la comunicaci\u00f3n hacia el interior de cada escuela; de igual manera trabajamos en ponderar y revalorizar la relaci\u00f3n que se establece con las familias\u201d,<\/em> puntualiz\u00f3 Queipo.\u00a0<\/p>\n<p>Los espacios formativos se dan tambi\u00e9n de manera h\u00edbrida -articulando encuentros virtuales con instancias presenciales- para fomentar la participaci\u00f3n de referentes en toda la provincia. Esta semana comenz\u00f3 online una experiencia en torno a la divulgaci\u00f3n de herramientas comunicacionales para el abordaje de situaciones conflictivas; los pr\u00f3ximos encuentros ser\u00e1n bajo modalidad presencial los d\u00edas 7 y 8 de mayo en el CPEM N\u00b057. Se inscribieron para participar m\u00e1s de 200 docentes de los niveles Inicial, Primario y Secundario de diferentes localidades de las regiones del Pehu\u00e9n y Lagos del Sur.\u00a0<\/p>\n<p>Mientras que, dentro de la agenda de junio, se proyecta un espacio de coformaci\u00f3n situada orientada a todos los equipos de gobierno escolar de jardines y escuelas infantiles del Distrito Regional III. El eje tem\u00e1tico est\u00e1 previsto en torno a la renovaci\u00f3n del pacto familia-escuela con la intenci\u00f3n de fortalecer la vinculaci\u00f3n al interior de las comunidades educativas.\u00a0<\/p>\n<p>En esa misma l\u00ednea de trabajo, desde Contenidos Transversales se gestionan intervenciones escolares en torno a la construcci\u00f3n de la autoridad pedag\u00f3gica y la mirada positiva del conflicto, m\u00e1s las tem\u00e1ticas que emergen de las demandas que manifiestan las comunidades educativas. Tambi\u00e9n se concretan ciclos de charlas de sensibilizaci\u00f3n sobre bullying y ciberbullying y las diferentes maneras de expresi\u00f3n de la violencia dentro de los contextos escolares.<\/p>\n<p>Las acciones son parte de una propuesta educativa, que desde el modelo neuquino y un Estado eficiente, fortalece herramientas situadas para mejorar la convivencia dentro de los establecimientos, el cuidado de nuestras comunidades desde la ESI y tambi\u00e9n, la mirada desde el cuidado del ambiente como recurso de las y los neuquinos.<\/p>\n<p>\u00a0<\/p>\n<\/p><\/div>\n<p><script type=\"c28465bc26a76bc34ddc9045-text\/javascript\">\n    window.addEventListener('load', () => {\n        if (typeof FB !== 'undefined' && FB.init) {\n            \/\/ La SDK de Facebook est\u00e1 inicializada\n        } else {\n            \/\/ La SDK de Facebook no est\u00e1 inicializada\n            var script = document.createElement('script');\n            script.async = true;\n            script.defer = true;\n            script.crossOrigin = 'anonymous';\n            script.src=\"https:\/\/connect.facebook.net\/es_LA\/sdk.js#xfbml=1&version=v17.0&appId=868452105110858&autoLogAppEvents=1\";\n            script.nonce=\"eBgX2sTe\";\n            document.head.appendChild(script);\n        }\n        \/* FIX YOUTUBE (fix width) *\/\n        var youtubeIframes = document.querySelectorAll('iframe[src*=\"youtube.com\/embed\"]');\n        youtubeIframes.forEach(function(iframe) {\n            var containerWidth = iframe.parentElement.clientWidth || iframe.parentElement.offsetWidth;\n            if(containerWidth && iframe.width > containerWidth){\n                iframe.width = containerWidth;\n                iframe.height = (containerWidth \/ 16) * 9; \/\/ Assuming a 16:9 aspect ratio\n            }\n        });\n    });\n<\/script><\/p>\n","protected":false},"excerpt":{"rendered":"<p>La comunidad educativa del jard\u00edn N\u00b01 se capacit\u00f3 en tem\u00e1ticas de convivencias escolares, educaci\u00f3n ambiental y Educaci\u00f3n Sexual Integral. La acci\u00f3n es parte de la agenda de la cartera educativa para llegar a m\u00e1s educadores y equipos de gobierno escolar de toda la provincia. La direcci\u00f3n de Contenidos Transversales del ministerio de Educaci\u00f3n organiz\u00f3 un [&hellip;]<\/p>\n","protected":false},"author":1,"featured_media":15392,"comment_status":"","ping_status":"","sticky":false,"template":"","format":"standard","meta":{"_monsterinsights_skip_tracking":false,"_monsterinsights_sitenote_active":false,"_monsterinsights_sitenote_note":"","_monsterinsights_sitenote_category":0,"footnotes":""},"categories":[4],"tags":[560,1340,2675,1069,1155,129,50,2676],"class_list":["post-15391","post","type-post","status-publish","format-standard","has-post-thumbnail","hentry","category-regionales","tag-acciones","tag-avanzan","tag-contenidos","tag-docentes","tag-formacion","tag-las","tag-para","tag-transversales"],"aioseo_notices":[],"amp_enabled":true,"_links":{"self":[{"href":"https:\/\/noticiasdeangostura.com.ar\/index.php?rest_route=\/wp\/v2\/posts\/15391","targetHints":{"allow":["GET"]}}],"collection":[{"href":"https:\/\/noticiasdeangostura.com.ar\/index.php?rest_route=\/wp\/v2\/posts"}],"about":[{"href":"https:\/\/noticiasdeangostura.com.ar\/index.php?rest_route=\/wp\/v2\/types\/post"}],"author":[{"embeddable":true,"href":"https:\/\/noticiasdeangostura.com.ar\/index.php?rest_route=\/wp\/v2\/users\/1"}],"replies":[{"embeddable":true,"href":"https:\/\/noticiasdeangostura.com.ar\/index.php?rest_route=%2Fwp%2Fv2%2Fcomments&post=15391"}],"version-history":[{"count":0,"href":"https:\/\/noticiasdeangostura.com.ar\/index.php?rest_route=\/wp\/v2\/posts\/15391\/revisions"}],"wp:featuredmedia":[{"embeddable":true,"href":"https:\/\/noticiasdeangostura.com.ar\/index.php?rest_route=\/wp\/v2\/media\/15392"}],"wp:attachment":[{"href":"https:\/\/noticiasdeangostura.com.ar\/index.php?rest_route=%2Fwp%2Fv2%2Fmedia&parent=15391"}],"wp:term":[{"taxonomy":"category","embeddable":true,"href":"https:\/\/noticiasdeangostura.com.ar\/index.php?rest_route=%2Fwp%2Fv2%2Fcategories&post=15391"},{"taxonomy":"post_tag","embeddable":true,"href":"https:\/\/noticiasdeangostura.com.ar\/index.php?rest_route=%2Fwp%2Fv2%2Ftags&post=15391"}],"curies":[{"name":"wp","href":"https:\/\/api.w.org\/{rel}","templated":true}]}}