{"id":15395,"date":"2026-05-01T20:44:05","date_gmt":"2026-05-01T23:44:05","guid":{"rendered":"https:\/\/noticiasdeangostura.com.ar\/?p=15395"},"modified":"2026-05-01T20:44:05","modified_gmt":"2026-05-01T23:44:05","slug":"netflix-anuncio-un-documental-sobre-gustavo-cerati-se-estrenara-en-2027","status":"publish","type":"post","link":"https:\/\/noticiasdeangostura.com.ar\/?p=15395","title":{"rendered":"Netflix anunci\u00f3 un documental sobre Gustavo Cerati: se estrenar\u00e1 en 2027"},"content":{"rendered":"<p> <br \/>\n<\/p>\n<p>La plataforma Netflix confirm\u00f3 la producci\u00f3n de un documental sobre la vida y obra de Gustavo Cerati, a casi 12 a\u00f1os de su muerte. El proyecto, que ya se encuentra en etapa de desarrollo, promete ofrecer un retrato \u00edntimo del artista y explorar aspectos poco conocidos de su historia personal.<\/p>\n<p>El film ser\u00e1 dirigido por Picky Talarico, quien trabaj\u00f3 junto a Cerati en varios videoclips, y contar\u00e1 con la participaci\u00f3n de Laura Cerati como productora asociada. Desde la plataforma adelantaron que el estreno est\u00e1 previsto para 2027.<\/p>\n<p>Gustavo Cerati en Netflix: un retrato \u00edntimo y material in\u00e9dito<\/p>\n<p>Seg\u00fan informaron, el documental buscar\u00e1 revelar las \u201czonas m\u00e1s silenciosas\u201d del m\u00fasico, con acceso exclusivo a archivos y registros nunca antes vistos. La propuesta apunta a mostrar no solo al artista consagrado, sino tambi\u00e9n al hombre detr\u00e1s de la figura p\u00fablica.<\/p>\n<p>Adem\u00e1s, incluir\u00e1 entrevistas con su c\u00edrculo m\u00e1s cercano, entre ellos sus compa\u00f1eros de Soda Stereo, Zeta Bosio y Charly Alberti.<\/p>\n<p>Como adelanto, Netflix difundi\u00f3 un primer teaser en el que se ve a un joven Cerati caminando en la oscuridad con una linterna, en una escena cargada de simbolismo.<\/p>\n<p>Un equipo con v\u00ednculo directo con Cerati<\/p>\n<p>La producci\u00f3n estar\u00e1 a cargo de Landia y contar\u00e1 tambi\u00e9n con Andy Fogwill como director creativo. Ambos trabajaron de cerca con el m\u00fasico a lo largo de su carrera, lo que aporta una mirada cercana y aut\u00e9ntica.<\/p>\n<p>Talarico dirigi\u00f3 videoclips como \u201cPaseo inmoral\u201d y \u201cEl mareo\u201d, mientras que Fogwill estuvo detr\u00e1s de piezas ic\u00f3nicas como \u201cCrimen\u201d, \u201cLago en el cielo\u201d y \u201cDeja Vu\u201d.<\/p>\n<p>La mirada de quienes lo conocieron<\/p>\n<p>\u201cEste documental nos da la posibilidad de contar la vida de un personaje \u00fanico, alguien que dej\u00f3 una huella profunda en millones de personas\u201d, expres\u00f3 Talarico, quien destac\u00f3 tambi\u00e9n la intenci\u00f3n de mostrar aspectos m\u00e1s \u00edntimos del artista.<\/p>\n<p>Por su parte, Laura Cerati se\u00f1al\u00f3: \u201cEs la vida de un hombre que contagi\u00f3 su pasi\u00f3n a trav\u00e9s de su m\u00fasica, alguien que supo construir un puente entre personas y culturas\u201d.<\/p>\n<p>A m\u00e1s de una d\u00e9cada de su fallecimiento, la figura de Gustavo Cerati contin\u00faa vigente. Nuevas generaciones descubren su m\u00fasica y reinterpretan su obra, consolid\u00e1ndolo como uno de los artistas m\u00e1s influyentes del rock en espa\u00f1ol.<\/p>\n<p>Con este documental, Netflix buscar\u00e1 acercar su historia a p\u00fablicos de todo el mundo, en una producci\u00f3n que promete ser tan emotiva como reveladora.<\/p>\n","protected":false},"excerpt":{"rendered":"<p>La plataforma Netflix confirm\u00f3 la producci\u00f3n de un documental sobre la vida y obra de Gustavo Cerati, a casi 12 a\u00f1os de su muerte. El proyecto, que ya se encuentra en etapa de desarrollo, promete ofrecer un retrato \u00edntimo del artista y explorar aspectos poco conocidos de su historia personal. El film ser\u00e1 dirigido por [&hellip;]<\/p>\n","protected":false},"author":1,"featured_media":15396,"comment_status":"","ping_status":"","sticky":false,"template":"","format":"standard","meta":{"_monsterinsights_skip_tracking":false,"_monsterinsights_sitenote_active":false,"_monsterinsights_sitenote_note":"","_monsterinsights_sitenote_category":0,"footnotes":""},"categories":[5],"tags":[],"class_list":["post-15395","post","type-post","status-publish","format-standard","has-post-thumbnail","hentry","category-politica"],"aioseo_notices":[],"amp_enabled":true,"_links":{"self":[{"href":"https:\/\/noticiasdeangostura.com.ar\/index.php?rest_route=\/wp\/v2\/posts\/15395","targetHints":{"allow":["GET"]}}],"collection":[{"href":"https:\/\/noticiasdeangostura.com.ar\/index.php?rest_route=\/wp\/v2\/posts"}],"about":[{"href":"https:\/\/noticiasdeangostura.com.ar\/index.php?rest_route=\/wp\/v2\/types\/post"}],"author":[{"embeddable":true,"href":"https:\/\/noticiasdeangostura.com.ar\/index.php?rest_route=\/wp\/v2\/users\/1"}],"replies":[{"embeddable":true,"href":"https:\/\/noticiasdeangostura.com.ar\/index.php?rest_route=%2Fwp%2Fv2%2Fcomments&post=15395"}],"version-history":[{"count":0,"href":"https:\/\/noticiasdeangostura.com.ar\/index.php?rest_route=\/wp\/v2\/posts\/15395\/revisions"}],"wp:featuredmedia":[{"embeddable":true,"href":"https:\/\/noticiasdeangostura.com.ar\/index.php?rest_route=\/wp\/v2\/media\/15396"}],"wp:attachment":[{"href":"https:\/\/noticiasdeangostura.com.ar\/index.php?rest_route=%2Fwp%2Fv2%2Fmedia&parent=15395"}],"wp:term":[{"taxonomy":"category","embeddable":true,"href":"https:\/\/noticiasdeangostura.com.ar\/index.php?rest_route=%2Fwp%2Fv2%2Fcategories&post=15395"},{"taxonomy":"post_tag","embeddable":true,"href":"https:\/\/noticiasdeangostura.com.ar\/index.php?rest_route=%2Fwp%2Fv2%2Ftags&post=15395"}],"curies":[{"name":"wp","href":"https:\/\/api.w.org\/{rel}","templated":true}]}}