{"id":15397,"date":"2026-05-01T20:45:14","date_gmt":"2026-05-01T23:45:14","guid":{"rendered":"https:\/\/noticiasdeangostura.com.ar\/?p=15397"},"modified":"2026-05-01T20:45:14","modified_gmt":"2026-05-01T23:45:14","slug":"malena-resa-designo-a-sus-funcionarios-clave-y-marco-sus-prioridades","status":"publish","type":"post","link":"https:\/\/noticiasdeangostura.com.ar\/?p=15397","title":{"rendered":"Malena Resa design\u00f3 a sus funcionarios clave y marc\u00f3 sus prioridades"},"content":{"rendered":"<p> <br \/>\n<br \/><\/p>\n<p>La nueva gesti\u00f3n busca ordenar y transparentar el municipio en un contexto complejo.<\/p>\n<p>Malena Resa junto a Sergio Mart\u00ednez en la Secretar\u00eda de Desarrollo Social, Hugo Tapia Servicios P\u00fablicos y Luis Calleja secretario de Gobierno, Ciudadan\u00eda y Cultura.<\/p>\n<div>\n<p>La <a href=\"https:\/\/www.alertadigital.ar\/noticias\/2026\/04\/30\/163410-malena-resa-asumio-como-intendenta-interina-de-plottier-tras-la-renuncia-de-luis-bertolini\" target=\"_blank\" rel=\"noopener\"><strong>intendenta interina de <span class=\"hover:entity-accent entity-underline inline cursor-pointer align-baseline\"><span class=\"whitespace-normal\">Plottier<\/span><\/span>, <span class=\"hover:entity-accent entity-underline inline cursor-pointer align-baseline\"><span class=\"whitespace-normal\">Malena Resa<\/span><\/span>,<\/strong><\/a> defini\u00f3 el equipo de funcionarios que la acompa\u00f1ar\u00e1 durante su gesti\u00f3n tras asumir el cargo en reemplazo de <a href=\"https:\/\/www.alertadigital.ar\/noticias\/2026\/04\/30\/163365-ltimo-momento-renuncio-luis-bertolini-como-intendente-de-plottier\" target=\"_blank\" rel=\"noopener\"><strong><span class=\"hover:entity-accent entity-underline inline cursor-pointer align-baseline\"><span class=\"whitespace-normal\">Luis Bertolini<\/span><\/span>.<\/strong><\/a> La jefa comunal tom\u00f3 juramento a tres referentes que ocupar\u00e1n \u00e1reas estrat\u00e9gicas del municipio.<\/p>\n<p>A trav\u00e9s de sus redes sociales, Resa asegur\u00f3 que su principal objetivo ser\u00e1<strong> \u201cordenar, transparentar y reconstruir\u201d <\/strong>la administraci\u00f3n municipal. Adem\u00e1s, remarc\u00f3 que el contexto actual exige decisiones firmes, una gesti\u00f3n clara y un trabajo sostenido para recuperar el funcionamiento institucional.<\/p>\n<blockquote class=\"instagram-media\" style=\"background: #FFF; border: 0; border-radius: 3px; box-shadow: 0 0 1px 0 rgba(0,0,0,0.5),0 1px 10px 0 rgba(0,0,0,0.15); margin: 1px; max-width: 540px; min-width: 326px; padding: 0; width: calc(100% - 2px);\" data-instgrm-captioned=\"\" data-instgrm-permalink=\"https:\/\/www.instagram.com\/p\/DXztrtKD-mQ\/?utm_source=ig_embed&#038;utm_campaign=loading\" data-instgrm-version=\"14\"\/>\n<h2>Cambios en el gabinete tras la salida de Bertolini<\/h2>\n<p>En esta nueva etapa, la intendenta estar\u00e1 acompa\u00f1ada por<strong> Sergio Mart\u00ednez en la Secretar\u00eda de Desarrollo Social<\/strong>, <strong>Hugo Tapia<\/strong> al frente de <strong>Servicios P\u00fablicos <\/strong>y<strong> Luis Calleja<\/strong> como <strong>secretario de Gobierno, Ciudadan\u00eda y Cultura<\/strong>. Estas designaciones apuntan a garantizar el funcionamiento de \u00e1reas clave en medio de un escenario pol\u00edtico complejo.<\/p>\n<p><strong>Resa <\/strong>ejercer\u00e1 el cargo hasta el pr\u00f3ximo proceso electoral previsto para <strong>2027<\/strong>, tal como lo establece la <strong>Carta Org\u00e1nica local.<\/strong> En ese marco, su gesti\u00f3n estar\u00e1 enfocada en estabilizar el municipio y asegurar la continuidad de los servicios b\u00e1sicos para la comunidad.<\/p>\n<p>La salida de <strong>Bertolini <\/strong>se dio en medio de una investigaci\u00f3n judicial por presuntas negociaciones incompatibles con la funci\u00f3n p\u00fablica. Si bien la justicia formul\u00f3 cargos en su contra,<strong> la jueza de Garant\u00edas <span class=\"hover:entity-accent entity-underline inline cursor-pointer align-baseline\"><span class=\"whitespace-normal\">Carina \u00c1lvarez<\/span><\/span> <\/strong>rechaz\u00f3 el pedido de prisi\u00f3n domiciliaria al considerar que pod\u00eda afectar la legitimidad otorgada por el voto.<\/p>\n<\/p><\/div>\n<p><script async src=\"\/\/www.instagram.com\/embed.js\"><\/script><\/p>\n","protected":false},"excerpt":{"rendered":"<p>La nueva gesti\u00f3n busca ordenar y transparentar el municipio en un contexto complejo. Malena Resa junto a Sergio Mart\u00ednez en la Secretar\u00eda de Desarrollo Social, Hugo Tapia Servicios P\u00fablicos y Luis Calleja secretario de Gobierno, Ciudadan\u00eda y Cultura. La intendenta interina de Plottier, Malena Resa, defini\u00f3 el equipo de funcionarios que la acompa\u00f1ar\u00e1 durante su [&hellip;]<\/p>\n","protected":false},"author":1,"featured_media":15398,"comment_status":"","ping_status":"","sticky":false,"template":"","format":"standard","meta":{"_monsterinsights_skip_tracking":false,"_monsterinsights_sitenote_active":false,"_monsterinsights_sitenote_note":"","_monsterinsights_sitenote_category":0,"footnotes":""},"categories":[1],"tags":[],"class_list":["post-15397","post","type-post","status-publish","format-standard","has-post-thumbnail","hentry","category-ultimas-noticias"],"aioseo_notices":[],"amp_enabled":true,"_links":{"self":[{"href":"https:\/\/noticiasdeangostura.com.ar\/index.php?rest_route=\/wp\/v2\/posts\/15397","targetHints":{"allow":["GET"]}}],"collection":[{"href":"https:\/\/noticiasdeangostura.com.ar\/index.php?rest_route=\/wp\/v2\/posts"}],"about":[{"href":"https:\/\/noticiasdeangostura.com.ar\/index.php?rest_route=\/wp\/v2\/types\/post"}],"author":[{"embeddable":true,"href":"https:\/\/noticiasdeangostura.com.ar\/index.php?rest_route=\/wp\/v2\/users\/1"}],"replies":[{"embeddable":true,"href":"https:\/\/noticiasdeangostura.com.ar\/index.php?rest_route=%2Fwp%2Fv2%2Fcomments&post=15397"}],"version-history":[{"count":0,"href":"https:\/\/noticiasdeangostura.com.ar\/index.php?rest_route=\/wp\/v2\/posts\/15397\/revisions"}],"wp:featuredmedia":[{"embeddable":true,"href":"https:\/\/noticiasdeangostura.com.ar\/index.php?rest_route=\/wp\/v2\/media\/15398"}],"wp:attachment":[{"href":"https:\/\/noticiasdeangostura.com.ar\/index.php?rest_route=%2Fwp%2Fv2%2Fmedia&parent=15397"}],"wp:term":[{"taxonomy":"category","embeddable":true,"href":"https:\/\/noticiasdeangostura.com.ar\/index.php?rest_route=%2Fwp%2Fv2%2Fcategories&post=15397"},{"taxonomy":"post_tag","embeddable":true,"href":"https:\/\/noticiasdeangostura.com.ar\/index.php?rest_route=%2Fwp%2Fv2%2Ftags&post=15397"}],"curies":[{"name":"wp","href":"https:\/\/api.w.org\/{rel}","templated":true}]}}