{"id":15407,"date":"2026-05-01T22:44:48","date_gmt":"2026-05-02T01:44:48","guid":{"rendered":"https:\/\/noticiasdeangostura.com.ar\/?p=15407"},"modified":"2026-05-01T22:44:48","modified_gmt":"2026-05-02T01:44:48","slug":"con-el-acuerdo-mercosur-ue-en-marcha-milei-se-reunio-con-el-embajador-argentino-en-francia","status":"publish","type":"post","link":"https:\/\/noticiasdeangostura.com.ar\/?p=15407","title":{"rendered":"Con el acuerdo Mercosur-UE en marcha, Milei se reuni\u00f3 con el embajador argentino en Francia"},"content":{"rendered":"<p> <br \/>\n<\/p>\n<p>El presidente Javier Milei mantuvo una reuni\u00f3n con el embajador argentino en Francia, Ian Sielecki, en una jornada clave marcada por la entrada en vigencia provisional del Acuerdo Mercosur-Uni\u00f3n Europea.<\/p>\n<p>El encuentro se dio en paralelo a la activaci\u00f3n del entendimiento entre el Mercosur y la Uni\u00f3n Europea, que comienza a regir desde este 1\u00b0 de mayo con beneficios concretos para exportaciones argentinas.<\/p>\n<p>Exportaciones con arancel cero<\/p>\n<p>El acuerdo habilita desde ahora el ingreso con arancel 0% \u2014dentro de cupos espec\u00edficos\u2014 para productos clave del agro. Entre ellos se destacan 1.000.000 de toneladas de ma\u00edz y sorgo, 45.000 toneladas de miel, 15.000 toneladas de ajo y la liberalizaci\u00f3n total para productos pesqueros.<\/p>\n<p>Seg\u00fan estimaciones oficiales, esta nueva etapa podr\u00eda impulsar un aumento del 76% en las exportaciones durante los pr\u00f3ximos cinco a\u00f1os.<\/p>\n<p>Diplomacia y negociaciones en paralelo<\/p>\n<p>Como parte de la agenda internacional, Milei particip\u00f3 adem\u00e1s de una videoconferencia con l\u00edderes globales, entre ellos Ursula von der Leyen y Ant\u00f3nio Costa, junto a mandatarios del Mercosur.<\/p>\n<p>En ese marco, se avanz\u00f3 en la hoja de ruta para la reducci\u00f3n progresiva del 92% de los aranceles que la UE aplica a importaciones del bloque sudamericano, un proceso que se extender\u00e1 hasta por 15 a\u00f1os e incluir\u00e1 la baja de barreras no arancelarias.<\/p>\n<p>Nuevos acuerdos en negociaci\u00f3n<\/p>\n<p>La jornada tambi\u00e9n incluy\u00f3 un contacto con Mark Carney para acelerar un posible tratado de libre comercio entre el Mercosur y Canad\u00e1. En esa conversaci\u00f3n, se destacaron sectores estrat\u00e9gicos como la energ\u00eda, la miner\u00eda y los minerales cr\u00edticos.<\/p>\n<p>Pese al optimismo oficial, el Gobierno sigue de cerca las resistencias dentro de Europa, especialmente en Francia, donde sectores productivos mantienen reparos sobre el impacto del acuerdo. En ese contexto, la reuni\u00f3n con Sielecki se interpreta como un paso clave para consolidar la implementaci\u00f3n.<\/p>\n<p>Con este escenario, la Casa Rosada apuesta a que la entrada en vigor del acuerdo marque un punto de inflexi\u00f3n en la inserci\u00f3n internacional de la Argentina.<\/p>\n<p>Con informaci\u00f3n de N.A<\/p>\n","protected":false},"excerpt":{"rendered":"<p>El presidente Javier Milei mantuvo una reuni\u00f3n con el embajador argentino en Francia, Ian Sielecki, en una jornada clave marcada por la entrada en vigencia provisional del Acuerdo Mercosur-Uni\u00f3n Europea. El encuentro se dio en paralelo a la activaci\u00f3n del entendimiento entre el Mercosur y la Uni\u00f3n Europea, que comienza a regir desde este 1\u00b0 [&hellip;]<\/p>\n","protected":false},"author":1,"featured_media":15408,"comment_status":"","ping_status":"","sticky":false,"template":"","format":"standard","meta":{"_monsterinsights_skip_tracking":false,"_monsterinsights_sitenote_active":false,"_monsterinsights_sitenote_note":"","_monsterinsights_sitenote_category":0,"footnotes":""},"categories":[5],"tags":[],"class_list":["post-15407","post","type-post","status-publish","format-standard","has-post-thumbnail","hentry","category-politica"],"aioseo_notices":[],"amp_enabled":true,"_links":{"self":[{"href":"https:\/\/noticiasdeangostura.com.ar\/index.php?rest_route=\/wp\/v2\/posts\/15407","targetHints":{"allow":["GET"]}}],"collection":[{"href":"https:\/\/noticiasdeangostura.com.ar\/index.php?rest_route=\/wp\/v2\/posts"}],"about":[{"href":"https:\/\/noticiasdeangostura.com.ar\/index.php?rest_route=\/wp\/v2\/types\/post"}],"author":[{"embeddable":true,"href":"https:\/\/noticiasdeangostura.com.ar\/index.php?rest_route=\/wp\/v2\/users\/1"}],"replies":[{"embeddable":true,"href":"https:\/\/noticiasdeangostura.com.ar\/index.php?rest_route=%2Fwp%2Fv2%2Fcomments&post=15407"}],"version-history":[{"count":0,"href":"https:\/\/noticiasdeangostura.com.ar\/index.php?rest_route=\/wp\/v2\/posts\/15407\/revisions"}],"wp:featuredmedia":[{"embeddable":true,"href":"https:\/\/noticiasdeangostura.com.ar\/index.php?rest_route=\/wp\/v2\/media\/15408"}],"wp:attachment":[{"href":"https:\/\/noticiasdeangostura.com.ar\/index.php?rest_route=%2Fwp%2Fv2%2Fmedia&parent=15407"}],"wp:term":[{"taxonomy":"category","embeddable":true,"href":"https:\/\/noticiasdeangostura.com.ar\/index.php?rest_route=%2Fwp%2Fv2%2Fcategories&post=15407"},{"taxonomy":"post_tag","embeddable":true,"href":"https:\/\/noticiasdeangostura.com.ar\/index.php?rest_route=%2Fwp%2Fv2%2Ftags&post=15407"}],"curies":[{"name":"wp","href":"https:\/\/api.w.org\/{rel}","templated":true}]}}