{"id":15411,"date":"2026-05-01T22:51:22","date_gmt":"2026-05-02T01:51:22","guid":{"rendered":"https:\/\/noticiasdeangostura.com.ar\/?p=15411"},"modified":"2026-05-01T22:51:22","modified_gmt":"2026-05-02T01:51:22","slug":"junin-de-los-andes-sumara-73-nuevas-cuadras-de-asfalto","status":"publish","type":"post","link":"https:\/\/noticiasdeangostura.com.ar\/?p=15411","title":{"rendered":"Jun\u00edn de los Andes sumar\u00e1 73 nuevas cuadras de asfalto"},"content":{"rendered":"<p> <br \/>\n<br \/><\/p>\n<p>Con una inversi\u00f3n superior a los 6.600 millones de pesos, el plan impulsado por la provincia y el municipio busca mejorar la conectividad urbana y casi duplicar la cantidad de calles pavimentadas en la localidad.<\/p>\n<div>\n<p>Jun\u00edn de los Andes se prepara para dar un paso clave en materia de infraestructura urbana con la ejecuci\u00f3n de 73 nuevas cuadras de pavimento, en el marco de una inversi\u00f3n que supera los 6.600 millones de pesos.<\/p>\n<p>La obra, impulsada por el gobierno de la provincia del Neuqu\u00e9n junto al municipio local, representa el plan de pavimentaci\u00f3n m\u00e1s importante en la historia de la localidad y permitir\u00e1 casi duplicar la cantidad de calles asfaltadas.<\/p>\n<p>Actualmente, la ciudad cuenta con unas 800 calles en su ejido urbano, de las cuales solo 110 est\u00e1n pavimentadas. Con este nuevo proyecto, se avanzar\u00e1 significativamente en mejorar la conectividad, la transitabilidad y la calidad de vida de los vecinos.<\/p>\n<p class=\"noEditable noticia-relacionada\" data-id=\"333267\"><ampiframe src=\"https:\/\/www.noticiasnqn.com.ar\/api\/noticias\/333267\/relacionadas?amp=1\" layout=\"fixed-height\" sandbox=\"allow-top-navigation allow-top-navigation-by-user-activation allow-scripts \" height=\"100px\"> <b placeholder=\"\">Lee tambi\u00e9n: Hallaron a un hombre tras una denuncia por presunta desaparici\u00f3n<\/b> <\/ampiframe><\/p>\n<p>El gobernador <span class=\"hover:entity-accent entity-underline inline cursor-pointer align-baseline\"><span class=\"whitespace-normal\">Rolando Figueroa<\/span><\/span> destac\u00f3 que la iniciativa busca saldar una deuda hist\u00f3rica en infraestructura. \u201cJun\u00edn de los Andes estaba muy atrasado en este aspecto. Esta pavimentaci\u00f3n es una reivindicaci\u00f3n para la localidad m\u00e1s antigua de la provincia\u201d, afirm\u00f3.<\/p>\n<p>Adem\u00e1s, remarc\u00f3 el impacto directo en la vida cotidiana, especialmente en sectores donde circula el transporte p\u00fablico y donde se concentran instituciones educativas y espacios comunitarios.<\/p>\n<p>Por su parte, la ministra de Infraestructura, <span class=\"hover:entity-accent entity-underline inline cursor-pointer align-baseline\"><span class=\"whitespace-normal\">Tanya Bertoldi<\/span><\/span>, explic\u00f3 que la obra forma parte de un plan integral destinado a fortalecer el desarrollo de las localidades mediante inversiones concretas.<\/p>\n<p>En tanto, el intendente <span class=\"hover:entity-accent entity-underline inline cursor-pointer align-baseline\"><span class=\"whitespace-normal\">Luis Madue\u00f1o<\/span><\/span> subray\u00f3 la magnitud del proyecto: \u201cEs la obra de pavimento m\u00e1s importante en la historia de Jun\u00edn de los Andes. Estamos igualando en ejecuci\u00f3n todo lo que se hizo en d\u00e9cadas\u201d.<\/p>\n<p>El plan contempla la pavimentaci\u00f3n de arterias estrat\u00e9gicas como Laura Vicu\u00f1a, Patagonia, Formosa, Mariano Moreno, Pedro Illera y Catamarca, entre otras, lo que permitir\u00e1 mejorar el acceso a servicios y optimizar la circulaci\u00f3n en distintos barrios.<\/p>\n<p>La ejecuci\u00f3n forma parte de una serie de convenios firmados recientemente por el gobierno provincial, que comenzar\u00e1n a activarse en los pr\u00f3ximos 30 d\u00edas en diferentes puntos del territorio neuquino.<\/p>\n<\/p><\/div>\n","protected":false},"excerpt":{"rendered":"<p>Con una inversi\u00f3n superior a los 6.600 millones de pesos, el plan impulsado por la provincia y el municipio busca mejorar la conectividad urbana y casi duplicar la cantidad de calles pavimentadas en la localidad. Jun\u00edn de los Andes se prepara para dar un paso clave en materia de infraestructura urbana con la ejecuci\u00f3n de [&hellip;]<\/p>\n","protected":false},"author":1,"featured_media":15412,"comment_status":"","ping_status":"","sticky":false,"template":"","format":"standard","meta":{"_monsterinsights_skip_tracking":false,"_monsterinsights_sitenote_active":false,"_monsterinsights_sitenote_note":"","_monsterinsights_sitenote_category":0,"footnotes":""},"categories":[1],"tags":[],"class_list":["post-15411","post","type-post","status-publish","format-standard","has-post-thumbnail","hentry","category-ultimas-noticias"],"aioseo_notices":[],"amp_enabled":true,"_links":{"self":[{"href":"https:\/\/noticiasdeangostura.com.ar\/index.php?rest_route=\/wp\/v2\/posts\/15411","targetHints":{"allow":["GET"]}}],"collection":[{"href":"https:\/\/noticiasdeangostura.com.ar\/index.php?rest_route=\/wp\/v2\/posts"}],"about":[{"href":"https:\/\/noticiasdeangostura.com.ar\/index.php?rest_route=\/wp\/v2\/types\/post"}],"author":[{"embeddable":true,"href":"https:\/\/noticiasdeangostura.com.ar\/index.php?rest_route=\/wp\/v2\/users\/1"}],"replies":[{"embeddable":true,"href":"https:\/\/noticiasdeangostura.com.ar\/index.php?rest_route=%2Fwp%2Fv2%2Fcomments&post=15411"}],"version-history":[{"count":0,"href":"https:\/\/noticiasdeangostura.com.ar\/index.php?rest_route=\/wp\/v2\/posts\/15411\/revisions"}],"wp:featuredmedia":[{"embeddable":true,"href":"https:\/\/noticiasdeangostura.com.ar\/index.php?rest_route=\/wp\/v2\/media\/15412"}],"wp:attachment":[{"href":"https:\/\/noticiasdeangostura.com.ar\/index.php?rest_route=%2Fwp%2Fv2%2Fmedia&parent=15411"}],"wp:term":[{"taxonomy":"category","embeddable":true,"href":"https:\/\/noticiasdeangostura.com.ar\/index.php?rest_route=%2Fwp%2Fv2%2Fcategories&post=15411"},{"taxonomy":"post_tag","embeddable":true,"href":"https:\/\/noticiasdeangostura.com.ar\/index.php?rest_route=%2Fwp%2Fv2%2Ftags&post=15411"}],"curies":[{"name":"wp","href":"https:\/\/api.w.org\/{rel}","templated":true}]}}