{"id":15419,"date":"2026-05-01T23:52:05","date_gmt":"2026-05-02T02:52:05","guid":{"rendered":"https:\/\/noticiasdeangostura.com.ar\/?p=15419"},"modified":"2026-05-01T23:52:05","modified_gmt":"2026-05-02T02:52:05","slug":"cerca-de-la-escuela-sumo-su-edicion-para-escuelas-primarias-en-ciudad-deportiva","status":"publish","type":"post","link":"https:\/\/noticiasdeangostura.com.ar\/?p=15419","title":{"rendered":"\u201cCerca de la Escuela\u201d sum\u00f3 su edici\u00f3n para escuelas primarias\u00a0en Ciudad Deportiva"},"content":{"rendered":"<p> <br \/>\n<br \/><\/p>\n<p>Unos 90 estudiantes de 7\u00b0 grado participaron de una jornada con m\u00faltiples disciplinas deportivas, en una propuesta que promueve la iniciaci\u00f3n y el acceso al deporte escolar.<\/p>\n<div>\n<p>El programa \u201cCerca de la Escuela\u201d, a cargo del ministerio de Juventud, Deportes y Cultura a trav\u00e9s de la secretar\u00eda de Deportes, contin\u00faa consolid\u00e1ndose como una pol\u00edtica de promoci\u00f3n deportiva y educativa en el territorio neuquino. En esta nueva oportunidad, desarroll\u00f3 su segundo encuentro con una edici\u00f3n destinada al nivel primario.<\/p>\n<p>La jornada se llev\u00f3 a cabo en las instalaciones de la Ciudad Deportiva, con la participaci\u00f3n de escuelas previamente inscriptas. En total, cerca de 90 estudiantes\u00a0de 7\u00b0 grado formaron parte de la propuesta.<\/p>\n<p>La iniciativa tuvo como objetivo dar a conocer los distintos espacios deportivos disponibles y fomentar el acercamiento de las y los estudiantes a la pr\u00e1ctica del deporte escolar, generando experiencias significativas en un entorno de aprendizaje y recreaci\u00f3n.<\/p>\n<p>La secretaria de Deportes,\u00a0<strong>Mar\u00eda Fernanda Villone<\/strong>, destac\u00f3 la importancia de este tipo de propuestas: \u201c<em>Con \u2018Cerca de la Escuela\u2019 buscamos que las y los estudiantes tengan su primer acercamiento a distintas disciplinas en un entorno cuidado y formativo\u00bb.<\/em><\/p>\n<p>La funcionaria a\u00f1adi\u00f3 que\u00a0<em>\u00abestos espacios no solo promueven el deporte, sino tambi\u00e9n valores como el compa\u00f1erismo, la inclusi\u00f3n y el trabajo en equipo, que son fundamentales para su desarrollo\u201d.<\/em><\/p>\n<p>Las actividades comenzaron con juegos de iniciaci\u00f3n y entrada en calor, para luego dar paso a un circuito organizado en cinco estaciones deportivas. All\u00ed, los estudiantes pudieron experimentar distintas disciplinas como beach handball, b\u00e1dminton, b\u00e1squetbol y atletismo, promoviendo el desarrollo de habilidades motrices y el trabajo en equipo.<\/p>\n<p>En el caso de la estaci\u00f3n de pesca con mosca, se realiz\u00f3 una instancia pr\u00e1ctica de atado de moscas. Esta propuesta permiti\u00f3 a los participantes conocer aspectos t\u00e9cnicos de la disciplina y mantener el inter\u00e9s por la actividad.<\/p>\n<p>La jornada se desarroll\u00f3 en un excelente clima de convivencia, cumpliendo con las expectativas en t\u00e9rminos de motivaci\u00f3n, participaci\u00f3n y acercamiento al deporte.<\/p>\n<p>\u201cCerca de la Escuela\u201d es una iniciativa que busca generar espacios de encuentro y formaci\u00f3n para estudiantes de distintos niveles, fortaleciendo el v\u00ednculo con el deporte como herramienta de integraci\u00f3n, aprendizaje y desarrollo personal. El programa contempla la participaci\u00f3n de escuelas de car\u00e1cter p\u00fablico y privado.<\/p>\n<\/p><\/div>\n<p><script type=\"3c8db05fc6e25f06e10da9cf-text\/javascript\">\n    window.addEventListener('load', () => {\n        if (typeof FB !== 'undefined' && FB.init) {\n            \/\/ La SDK de Facebook est\u00e1 inicializada\n        } else {\n            \/\/ La SDK de Facebook no est\u00e1 inicializada\n            var script = document.createElement('script');\n            script.async = true;\n            script.defer = true;\n            script.crossOrigin = 'anonymous';\n            script.src=\"https:\/\/connect.facebook.net\/es_LA\/sdk.js#xfbml=1&version=v17.0&appId=868452105110858&autoLogAppEvents=1\";\n            script.nonce=\"eBgX2sTe\";\n            document.head.appendChild(script);\n        }\n        \/* FIX YOUTUBE (fix width) *\/\n        var youtubeIframes = document.querySelectorAll('iframe[src*=\"youtube.com\/embed\"]');\n        youtubeIframes.forEach(function(iframe) {\n            var containerWidth = iframe.parentElement.clientWidth || iframe.parentElement.offsetWidth;\n            if(containerWidth && iframe.width > containerWidth){\n                iframe.width = containerWidth;\n                iframe.height = (containerWidth \/ 16) * 9; \/\/ Assuming a 16:9 aspect ratio\n            }\n        });\n    });\n<\/script><\/p>\n","protected":false},"excerpt":{"rendered":"<p>Unos 90 estudiantes de 7\u00b0 grado participaron de una jornada con m\u00faltiples disciplinas deportivas, en una propuesta que promueve la iniciaci\u00f3n y el acceso al deporte escolar. El programa \u201cCerca de la Escuela\u201d, a cargo del ministerio de Juventud, Deportes y Cultura a trav\u00e9s de la secretar\u00eda de Deportes, contin\u00faa consolid\u00e1ndose como una pol\u00edtica de [&hellip;]<\/p>\n","protected":false},"author":1,"featured_media":15420,"comment_status":"","ping_status":"","sticky":false,"template":"","format":"standard","meta":{"_monsterinsights_skip_tracking":false,"_monsterinsights_sitenote_active":false,"_monsterinsights_sitenote_note":"","_monsterinsights_sitenote_category":0,"footnotes":""},"categories":[4],"tags":[862,566,2160,529,659,496,50,2678,208],"class_list":["post-15419","post","type-post","status-publish","format-standard","has-post-thumbnail","hentry","category-regionales","tag-cerca","tag-ciudad","tag-deportiva","tag-edicion","tag-escuela","tag-escuelas","tag-para","tag-primariasen","tag-sumo"],"aioseo_notices":[],"amp_enabled":true,"_links":{"self":[{"href":"https:\/\/noticiasdeangostura.com.ar\/index.php?rest_route=\/wp\/v2\/posts\/15419","targetHints":{"allow":["GET"]}}],"collection":[{"href":"https:\/\/noticiasdeangostura.com.ar\/index.php?rest_route=\/wp\/v2\/posts"}],"about":[{"href":"https:\/\/noticiasdeangostura.com.ar\/index.php?rest_route=\/wp\/v2\/types\/post"}],"author":[{"embeddable":true,"href":"https:\/\/noticiasdeangostura.com.ar\/index.php?rest_route=\/wp\/v2\/users\/1"}],"replies":[{"embeddable":true,"href":"https:\/\/noticiasdeangostura.com.ar\/index.php?rest_route=%2Fwp%2Fv2%2Fcomments&post=15419"}],"version-history":[{"count":0,"href":"https:\/\/noticiasdeangostura.com.ar\/index.php?rest_route=\/wp\/v2\/posts\/15419\/revisions"}],"wp:featuredmedia":[{"embeddable":true,"href":"https:\/\/noticiasdeangostura.com.ar\/index.php?rest_route=\/wp\/v2\/media\/15420"}],"wp:attachment":[{"href":"https:\/\/noticiasdeangostura.com.ar\/index.php?rest_route=%2Fwp%2Fv2%2Fmedia&parent=15419"}],"wp:term":[{"taxonomy":"category","embeddable":true,"href":"https:\/\/noticiasdeangostura.com.ar\/index.php?rest_route=%2Fwp%2Fv2%2Fcategories&post=15419"},{"taxonomy":"post_tag","embeddable":true,"href":"https:\/\/noticiasdeangostura.com.ar\/index.php?rest_route=%2Fwp%2Fv2%2Ftags&post=15419"}],"curies":[{"name":"wp","href":"https:\/\/api.w.org\/{rel}","templated":true}]}}