{"id":15425,"date":"2026-05-02T00:55:33","date_gmt":"2026-05-02T03:55:33","guid":{"rendered":"https:\/\/noticiasdeangostura.com.ar\/?p=15425"},"modified":"2026-05-02T00:55:33","modified_gmt":"2026-05-02T03:55:33","slug":"podrian-rebajarle-hasta-veinte-anos-de-prision-a-bolsonaro","status":"publish","type":"post","link":"https:\/\/noticiasdeangostura.com.ar\/?p=15425","title":{"rendered":"Podr\u00edan rebajarle hasta veinte a\u00f1os de prisi\u00f3n a Bolsonaro"},"content":{"rendered":"<p> <br \/>\n<br \/><\/p>\n<p>\t\t\t\t\t\tEl Congreso brasile\u00f1o dio luz verde este jueves para reducir la pena de prisi\u00f3n por golpismo al exmandatario Jair Bolsonaro, en una segunda derrota parlamentaria en menos de 24 horas para el presidente Luiz In\u00e1cio Lula da Silva.    Por 318 contra 144 votos en Diputados y 49 contra 24 en Senadores, los legisladores anularon un veto del gobierno a una ley que altera la forma de calcular tiempos de c\u00e1rcel, en beneficio de Bolsonaro y otros condenados por el intento de golpe de Estado en enero de 2023.    A menos de seis meses de las elecciones en las que el presidente prev\u00e9 buscar la reelecci\u00f3n, los congresistas de la oposici\u00f3n celebraron la victoria saltando y coreando la palabra \u201clibertad\u201d. Tambi\u00e9n cantaron el nombre del precandidato presidencial Fl\u00e1vio Bolsonaro, hijo mayor de Jair Bolsonaro. <\/p>\n<p>        Esto no les gusta a los autoritarios<\/p>\n<p>                El ejercicio del periodismo profesional y cr\u00edtico es un pilar fundamental de la democracia. Por eso molesta a quienes creen ser los due\u00f1os de la verdad.<\/p>\n<p>    Al rechazar el veto de Lula, el Parlamento habilit\u00f3 una norma que impacta directamente en su condena de 27 a\u00f1os y 3 meses, dictada por el Supremo Tribunal Federal en septiembre de 2025.      Aunque el n\u00famero exacto depender\u00e1 del pedido de la defensa y de los vericuetos del sistema judicial, los analistas y expertos legales estiman que al expresidente podr\u00edan rebajarle hasta veinte a\u00f1os de prisi\u00f3n.    La nueva ley impide la \u201cacumulaci\u00f3n de penas\u201d por delitos de naturaleza similar (como los cometidos contra el Estado democr\u00e1tico de derecho). En lugar de sumar cada cargo, la legislaci\u00f3n establece que solo debe prevalecer la pena del delito m\u00e1s grave.      Bajo la normativa anterior, Bolsonaro, de 71 a\u00f1os, deb\u00eda cumplir una parte considerable de su condena en r\u00e9gimen cerrado. Con el nuevo marco, se estima que podr\u00eda obtener el r\u00e9gimen semiabierto, permiti\u00e9ndole salir durante el d\u00eda o estar en libertad condicional con tobillera, en un plazo de 2 a 4 a\u00f1os.     Cabe recordar que el expresidente ya se encuentra bajo arresto domiciliario desde finales de 2025 por razones de salud.    El gobierno y el Partido de los Trabajadores (PT) ya anunciaron que recurrir\u00e1n ante el Supremo Tribunal Federal, argumentando que la ley es inconstitucional al interferir con sentencias de cr\u00edmenes contra la democracia ya juzgados. Esto abre una nueva crisis institucional y un conflicto de poderes entre el Congreso (dominado por la derecha y el centro) y el Poder Judicial.    Golpe a Lula. La votaci\u00f3n en contra en el Congreso representa otro rev\u00e9s importante para Lula, quien est\u00e1 haciendo campa\u00f1a para un cuarto mandato, despu\u00e9s de que el Senado rechazara el mi\u00e9rcoles a su candidato para juez de la Corte Suprema, Jorge Messias.    Fue la primera vez en d\u00e9cadas que el candidato del presidente para un puesto en el tribunal supremo fue rechazado, lo que subraya las profundas divisiones en Brasil a cinco meses de las elecciones presidenciales.    Tambi\u00e9n marc\u00f3 claramente el impulso del Flavio Bolsonaro, quien, como heredero pol\u00edtico de su padre, est\u00e1 empatado en las encuestas con Lula, de 80 a\u00f1os.    Para el sector aliado de Bolsonaro, esta reducci\u00f3n es vista como un \u201cprimer paso\u201d. El objetivo final del Partido Liberal (PL) en el Congreso es impulsar una amnist\u00eda total que no solo elimine la pena de prisi\u00f3n, sino que tambi\u00e9n revierta su inhabilitaci\u00f3n pol\u00edtica (actualmente vigente hasta 2030), permiti\u00e9ndole competir en futuras elecciones.    <\/p>\n","protected":false},"excerpt":{"rendered":"<p>El Congreso brasile\u00f1o dio luz verde este jueves para reducir la pena de prisi\u00f3n por golpismo al exmandatario Jair Bolsonaro, en una segunda derrota parlamentaria en menos de 24 horas para el presidente Luiz In\u00e1cio Lula da Silva. Por 318 contra 144 votos en Diputados y 49 contra 24 en Senadores, los legisladores anularon un [&hellip;]<\/p>\n","protected":false},"author":1,"featured_media":15426,"comment_status":"","ping_status":"","sticky":false,"template":"","format":"standard","meta":{"_monsterinsights_skip_tracking":false,"_monsterinsights_sitenote_active":false,"_monsterinsights_sitenote_note":"","_monsterinsights_sitenote_category":0,"footnotes":""},"categories":[11],"tags":[],"class_list":["post-15425","post","type-post","status-publish","format-standard","has-post-thumbnail","hentry","category-actualidad"],"aioseo_notices":[],"amp_enabled":true,"_links":{"self":[{"href":"https:\/\/noticiasdeangostura.com.ar\/index.php?rest_route=\/wp\/v2\/posts\/15425","targetHints":{"allow":["GET"]}}],"collection":[{"href":"https:\/\/noticiasdeangostura.com.ar\/index.php?rest_route=\/wp\/v2\/posts"}],"about":[{"href":"https:\/\/noticiasdeangostura.com.ar\/index.php?rest_route=\/wp\/v2\/types\/post"}],"author":[{"embeddable":true,"href":"https:\/\/noticiasdeangostura.com.ar\/index.php?rest_route=\/wp\/v2\/users\/1"}],"replies":[{"embeddable":true,"href":"https:\/\/noticiasdeangostura.com.ar\/index.php?rest_route=%2Fwp%2Fv2%2Fcomments&post=15425"}],"version-history":[{"count":0,"href":"https:\/\/noticiasdeangostura.com.ar\/index.php?rest_route=\/wp\/v2\/posts\/15425\/revisions"}],"wp:featuredmedia":[{"embeddable":true,"href":"https:\/\/noticiasdeangostura.com.ar\/index.php?rest_route=\/wp\/v2\/media\/15426"}],"wp:attachment":[{"href":"https:\/\/noticiasdeangostura.com.ar\/index.php?rest_route=%2Fwp%2Fv2%2Fmedia&parent=15425"}],"wp:term":[{"taxonomy":"category","embeddable":true,"href":"https:\/\/noticiasdeangostura.com.ar\/index.php?rest_route=%2Fwp%2Fv2%2Fcategories&post=15425"},{"taxonomy":"post_tag","embeddable":true,"href":"https:\/\/noticiasdeangostura.com.ar\/index.php?rest_route=%2Fwp%2Fv2%2Ftags&post=15425"}],"curies":[{"name":"wp","href":"https:\/\/api.w.org\/{rel}","templated":true}]}}