{"id":15437,"date":"2026-05-02T02:53:00","date_gmt":"2026-05-02T05:53:00","guid":{"rendered":"https:\/\/noticiasdeangostura.com.ar\/?p=15437"},"modified":"2026-05-02T02:53:00","modified_gmt":"2026-05-02T05:53:00","slug":"violento-homicidio-en-neuquen-buscan-al-autor-de-un-ataque-fatal-con-arma-blanca","status":"publish","type":"post","link":"https:\/\/noticiasdeangostura.com.ar\/?p=15437","title":{"rendered":"Violento homicidio en Neuqu\u00e9n: buscan al autor de un ataque fatal con arma blanca"},"content":{"rendered":"<p> <br \/>\n<\/p>\n<p>Un hombre fue asesinado de una pu\u00f1alada en el pecho tras una discusi\u00f3n en barrio Islas Malvinas.<\/p>\n<div>\n<p>Un violento<a href=\"https:\/\/www.alertadigital.ar\/policiales\" target=\"_blank\" rel=\"noopener\"> hecho de inseguridad <\/a>gener\u00f3 conmoci\u00f3n en el <strong>barrio <span class=\"hover:entity-accent entity-underline inline cursor-pointer align-baseline\"><span class=\"whitespace-normal\">Islas Malvinas<\/span><\/span><\/strong>, donde un hombre de aproximadamente<strong> 30 a\u00f1os<\/strong><a href=\"https:\/\/www.alertadigital.ar\/noticias\/2026\/04\/30\/163395-homicidio-en-loncopue-un-jurado-declaro-culpable-por-unanimidad-al-acusado\" target=\"_blank\" rel=\"noopener\"> fue asesinado<\/a> durante la madrugada de este viernes. El episodio ocurri\u00f3 en la v\u00eda p\u00fablica, en la intersecci\u00f3n de las calles <strong>Ant\u00e1rtida Argentina y Facundo Quiroga<\/strong>, en circunstancias que a\u00fan son materia de investigaci\u00f3n.<\/p>\n<p>De acuerdo a las primeras informaciones, el ataque se habr\u00eda producido en medio de una discusi\u00f3n entre la v\u00edctima y otro hombre. En ese contexto, el agresor habr\u00eda utilizado un arma blanca para herirlo en el pecho, provoc\u00e1ndole una lesi\u00f3n de extrema gravedad que deriv\u00f3 en su fallecimiento.<\/p>\n<p><\/p>\n<h2>Intervenci\u00f3n policial y avance de la investigaci\u00f3n<\/h2>\n<p>Efectivos de la<strong> Comisar\u00eda Tercera<\/strong> detectaron la situaci\u00f3n mientras realizaban un patrullaje preventivo por la zona. Al llegar, encontraron al hombre tendido en la vereda y a\u00fan consciente, por lo que solicitaron de inmediato la asistencia del <strong><span class=\"hover:entity-accent entity-underline inline cursor-pointer align-baseline\"><span class=\"whitespace-normal\">Sistema Integrado de Emergencias de Neuqu\u00e9n (SIEN)<\/span><\/span>.<\/strong><\/p>\n<p>Seg\u00fan relataron testigos, la v\u00edctima hab\u00eda sido atacada con un <strong>arma blanca en el t\u00f3rax<\/strong>. Sin embargo, cuando arrib\u00f3 el personal m\u00e9dico, se constat\u00f3 que ya <strong>no presentaba signos vitales.<\/strong> La causa es investigada por el <strong>fiscal <span class=\"hover:entity-accent entity-underline inline cursor-pointer align-baseline\"><span class=\"whitespace-normal\">Andr\u00e9s Azar<\/span><\/span><\/strong>, quien orden\u00f3 la autopsia correspondiente y dispuso diversas medidas para esclarecer el hecho e identificar al agresor.<\/p>\n<\/p><\/div>\n","protected":false},"excerpt":{"rendered":"<p>Un hombre fue asesinado de una pu\u00f1alada en el pecho tras una discusi\u00f3n en barrio Islas Malvinas. Un violento hecho de inseguridad gener\u00f3 conmoci\u00f3n en el barrio Islas Malvinas, donde un hombre de aproximadamente 30 a\u00f1os fue asesinado durante la madrugada de este viernes. El episodio ocurri\u00f3 en la v\u00eda p\u00fablica, en la intersecci\u00f3n de [&hellip;]<\/p>\n","protected":false},"author":1,"featured_media":15438,"comment_status":"","ping_status":"","sticky":false,"template":"","format":"standard","meta":{"_monsterinsights_skip_tracking":false,"_monsterinsights_sitenote_active":false,"_monsterinsights_sitenote_note":"","_monsterinsights_sitenote_category":0,"footnotes":""},"categories":[1],"tags":[],"class_list":["post-15437","post","type-post","status-publish","format-standard","has-post-thumbnail","hentry","category-ultimas-noticias"],"aioseo_notices":[],"amp_enabled":true,"_links":{"self":[{"href":"https:\/\/noticiasdeangostura.com.ar\/index.php?rest_route=\/wp\/v2\/posts\/15437","targetHints":{"allow":["GET"]}}],"collection":[{"href":"https:\/\/noticiasdeangostura.com.ar\/index.php?rest_route=\/wp\/v2\/posts"}],"about":[{"href":"https:\/\/noticiasdeangostura.com.ar\/index.php?rest_route=\/wp\/v2\/types\/post"}],"author":[{"embeddable":true,"href":"https:\/\/noticiasdeangostura.com.ar\/index.php?rest_route=\/wp\/v2\/users\/1"}],"replies":[{"embeddable":true,"href":"https:\/\/noticiasdeangostura.com.ar\/index.php?rest_route=%2Fwp%2Fv2%2Fcomments&post=15437"}],"version-history":[{"count":0,"href":"https:\/\/noticiasdeangostura.com.ar\/index.php?rest_route=\/wp\/v2\/posts\/15437\/revisions"}],"wp:featuredmedia":[{"embeddable":true,"href":"https:\/\/noticiasdeangostura.com.ar\/index.php?rest_route=\/wp\/v2\/media\/15438"}],"wp:attachment":[{"href":"https:\/\/noticiasdeangostura.com.ar\/index.php?rest_route=%2Fwp%2Fv2%2Fmedia&parent=15437"}],"wp:term":[{"taxonomy":"category","embeddable":true,"href":"https:\/\/noticiasdeangostura.com.ar\/index.php?rest_route=%2Fwp%2Fv2%2Fcategories&post=15437"},{"taxonomy":"post_tag","embeddable":true,"href":"https:\/\/noticiasdeangostura.com.ar\/index.php?rest_route=%2Fwp%2Fv2%2Ftags&post=15437"}],"curies":[{"name":"wp","href":"https:\/\/api.w.org\/{rel}","templated":true}]}}