{"id":15445,"date":"2026-05-02T03:53:46","date_gmt":"2026-05-02T06:53:46","guid":{"rendered":"https:\/\/noticiasdeangostura.com.ar\/?p=15445"},"modified":"2026-05-02T03:53:46","modified_gmt":"2026-05-02T06:53:46","slug":"estudiantes-de-costa-del-malleo-conocieron-el-alto-neuquen","status":"publish","type":"post","link":"https:\/\/noticiasdeangostura.com.ar\/?p=15445","title":{"rendered":"Estudiantes de Costa del Malleo conocieron el Alto Neuqu\u00e9n"},"content":{"rendered":"<p> <br \/>\n<br \/><\/p>\n<p>El CPEM 86 comenz\u00f3 el a\u00f1o pasado un proyecto de vinculaci\u00f3n de contenidos pedag\u00f3gicos con paisajes y recursos del norte neuquino. La iniciativa articula teor\u00eda con experiencias pr\u00e1cticas para el plan de J\u00f3venes y Adultos que cursa el turno vespertino.<\/p>\n<div>\n<p>Con la intenci\u00f3n de descubrir los escenarios naturales, pr\u00e1cticas culturales y econ\u00f3micas de la regi\u00f3n del Alto Neuqu\u00e9n, diez estudiantes del CPEM 86 de Costa del Malleo recorrieron este mes Las Ovejas, Huinganco, Varvarco y Bella Vista. El proyecto institucional \u2018Entrelazando latitudes\u2019 articula conocimientos interdisciplinares de Geograf\u00eda, Econom\u00eda y T\u00e9cnicas de la Comunicaci\u00f3n; al tiempo que mejora la convivencia escolar y potencia las habilidades interpersonales entre pares y con el equipo docente.<\/p>\n<p>El docente <strong>Mart\u00edn Laurino<\/strong> explic\u00f3 que elabor\u00f3 el proyecto el a\u00f1o pasado especialmente para el plan de J\u00f3venes y Adultos porque <em>\u201ces importante sumar actividades fuera del aula y para que puedan salir a conocer otros lugares\u201d<\/em>. Dijo que algunos de los estudiantes<em> \u201cno hab\u00edan salido nunca de Jun\u00edn de los Andes<\/em>\u201d. En la escuela secundaria con per\u00edodo septiembre-mayo la condensaci\u00f3n de los saberes adquiridos a lo largo del ciclo lectivo se refleja en el recorrido por paisajes, rutas, recursos naturales, tur\u00edsticos y econ\u00f3micos del norte neuquino.<\/p>\n<p>Durante la salida, las excursiones fueron presentadas dentro de los ejes territorio, ambiente y cuencas hidrogr\u00e1ficas, y su vinculaci\u00f3n tanto con las actividades econ\u00f3micas como con la interculturalidad profundamente arraigada en los modos de vida a lo largo de la provincia. Algunas de las experiencias incluyeron el reconocimiento de recursos h\u00eddricos neuquinos, con un trekking a la cascada de Chaquira -en Las Ovejas- y recorrido a trav\u00e9s de las lagunas Epu Lauquen y las Piedras Meonas.<\/p>\n<p>Adem\u00e1s, descubrieron las singularidades de la formaci\u00f3n geogr\u00e1fica Los Tachos dentro del \u00c1rea Natural Protegida Domuyo; el \u00fanico lugar del pa\u00eds en el que hay g\u00e9iseres que liberan columnas de agua con temperaturas superiores a los 60\u00b0C. All\u00ed aprendieron nociones de geolog\u00eda, fen\u00f3menos geot\u00e9rmicos y las singularidades del entorno volc\u00e1nico.<\/p>\n<p>En cuanto a las experiencias de econom\u00eda familiar, las y los estudiantes observaron el recorrido trashumante durante el regreso de los puestos de veranada de familias crianceras arreando su ganado. Tambi\u00e9n visitaron el emprendimiento de acuicultura de Bella Vista \u2018Truchas de manantial\u2019, que valoriza los procesos y escenarios naturales para el desarrollo de un emprendimiento sustentable ambiental y financieramente.<\/p>\n<p>Por otro lado, Laurino detall\u00f3 que otro aspecto trascendental dentro del proyecto fue el alojamiento de la comitiva en las hoster\u00edas neuquinas de Varvarco durante la primera edici\u00f3n en 2025 y de Las Ovejas este mes. <em>\u201cA una de las chicas cuando entr\u00f3 a la hoster\u00eda se le ca\u00edan las l\u00e1grimas y me dec\u00eda \u2018Profe, nunca vine a un lugar as\u00ed\u2019. Con eso ya est\u00e1, eso es el viaje m\u00e1s all\u00e1 de lo que se pueda decir con palabras\u201d<\/em>, remarc\u00f3.<\/p>\n<p>Enfatiz\u00f3 en que sus estudiantes experimentaron las atenciones y servicios de primera calidad que ofrecen los alojamientos provinciales, garantizando una promoci\u00f3n tur\u00edstica que <em>\u201cmuchos de ellos no experimentar\u00edan de otra manera\u201d.<\/em>\u00a0<\/p>\n<p>M\u00e1s adelante, el docente adelant\u00f3 que <em>\u201cvamos a intentar que se vuelva a hacer el a\u00f1o que viene y seguir conociendo todo el norte, aprovechando las hoster\u00edas que est\u00e1n disponibles\u201d<\/em>. Explic\u00f3 tambi\u00e9n que tomaron en consideraci\u00f3n la \u00e9poca para viajar, en funci\u00f3n de los per\u00edodos en los que merma el flujo de turistas y crece la disponibilidad en los alojamientos.<\/p>\n<\/p><\/div>\n<p><script type=\"9195d6048cc59ba05f7e12f2-text\/javascript\">\n    window.addEventListener('load', () => {\n        if (typeof FB !== 'undefined' && FB.init) {\n            \/\/ La SDK de Facebook est\u00e1 inicializada\n        } else {\n            \/\/ La SDK de Facebook no est\u00e1 inicializada\n            var script = document.createElement('script');\n            script.async = true;\n            script.defer = true;\n            script.crossOrigin = 'anonymous';\n            script.src=\"https:\/\/connect.facebook.net\/es_LA\/sdk.js#xfbml=1&version=v17.0&appId=868452105110858&autoLogAppEvents=1\";\n            script.nonce=\"eBgX2sTe\";\n            document.head.appendChild(script);\n        }\n        \/* FIX YOUTUBE (fix width) *\/\n        var youtubeIframes = document.querySelectorAll('iframe[src*=\"youtube.com\/embed\"]');\n        youtubeIframes.forEach(function(iframe) {\n            var containerWidth = iframe.parentElement.clientWidth || iframe.parentElement.offsetWidth;\n            if(containerWidth && iframe.width > containerWidth){\n                iframe.width = containerWidth;\n                iframe.height = (containerWidth \/ 16) * 9; \/\/ Assuming a 16:9 aspect ratio\n            }\n        });\n    });\n<\/script><\/p>\n","protected":false},"excerpt":{"rendered":"<p>El CPEM 86 comenz\u00f3 el a\u00f1o pasado un proyecto de vinculaci\u00f3n de contenidos pedag\u00f3gicos con paisajes y recursos del norte neuquino. La iniciativa articula teor\u00eda con experiencias pr\u00e1cticas para el plan de J\u00f3venes y Adultos que cursa el turno vespertino. Con la intenci\u00f3n de descubrir los escenarios naturales, pr\u00e1cticas culturales y econ\u00f3micas de la regi\u00f3n [&hellip;]<\/p>\n","protected":false},"author":1,"featured_media":15446,"comment_status":"","ping_status":"","sticky":false,"template":"","format":"standard","meta":{"_monsterinsights_skip_tracking":false,"_monsterinsights_sitenote_active":false,"_monsterinsights_sitenote_note":"","_monsterinsights_sitenote_category":0,"footnotes":""},"categories":[4],"tags":[104,2682,2680,29,486,2681,21],"class_list":["post-15445","post","type-post","status-publish","format-standard","has-post-thumbnail","hentry","category-regionales","tag-alto","tag-conocieron","tag-costa","tag-del","tag-estudiantes","tag-malleo","tag-neuquen"],"aioseo_notices":[],"amp_enabled":true,"_links":{"self":[{"href":"https:\/\/noticiasdeangostura.com.ar\/index.php?rest_route=\/wp\/v2\/posts\/15445","targetHints":{"allow":["GET"]}}],"collection":[{"href":"https:\/\/noticiasdeangostura.com.ar\/index.php?rest_route=\/wp\/v2\/posts"}],"about":[{"href":"https:\/\/noticiasdeangostura.com.ar\/index.php?rest_route=\/wp\/v2\/types\/post"}],"author":[{"embeddable":true,"href":"https:\/\/noticiasdeangostura.com.ar\/index.php?rest_route=\/wp\/v2\/users\/1"}],"replies":[{"embeddable":true,"href":"https:\/\/noticiasdeangostura.com.ar\/index.php?rest_route=%2Fwp%2Fv2%2Fcomments&post=15445"}],"version-history":[{"count":0,"href":"https:\/\/noticiasdeangostura.com.ar\/index.php?rest_route=\/wp\/v2\/posts\/15445\/revisions"}],"wp:featuredmedia":[{"embeddable":true,"href":"https:\/\/noticiasdeangostura.com.ar\/index.php?rest_route=\/wp\/v2\/media\/15446"}],"wp:attachment":[{"href":"https:\/\/noticiasdeangostura.com.ar\/index.php?rest_route=%2Fwp%2Fv2%2Fmedia&parent=15445"}],"wp:term":[{"taxonomy":"category","embeddable":true,"href":"https:\/\/noticiasdeangostura.com.ar\/index.php?rest_route=%2Fwp%2Fv2%2Fcategories&post=15445"},{"taxonomy":"post_tag","embeddable":true,"href":"https:\/\/noticiasdeangostura.com.ar\/index.php?rest_route=%2Fwp%2Fv2%2Ftags&post=15445"}],"curies":[{"name":"wp","href":"https:\/\/api.w.org\/{rel}","templated":true}]}}