{"id":15457,"date":"2026-05-02T05:55:23","date_gmt":"2026-05-02T08:55:23","guid":{"rendered":"https:\/\/noticiasdeangostura.com.ar\/?p=15457"},"modified":"2026-05-02T05:55:23","modified_gmt":"2026-05-02T08:55:23","slug":"podio-neuquino-en-los-juegos-suramericanos-de-la-juventud","status":"publish","type":"post","link":"https:\/\/noticiasdeangostura.com.ar\/?p=15457","title":{"rendered":"Podio neuquino en los Juegos Suramericanos de la Juventud"},"content":{"rendered":"<p> <br \/>\n<br \/><\/p>\n<p>La neuquina Amparo Ar\u00e9valo integr\u00f3 la selecci\u00f3n argentina de b\u00e1squet 3&#215;3 que obtuvo la medalla de bronce. Tambi\u00e9n se destacaron M\u00e1ximo Rettig y Francesco Cappi en b\u00e1dminton; Santiago Corso y Adriano Mazzanti en taekwondo y Marianella Salom\u00f3n en ciclismo.<\/p>\n<div>\n<p>La neuquina<strong>\u00a0Amparo Ar\u00e9valo<\/strong>\u00a0volvi\u00f3 a poner a la provincia en lo m\u00e1s alto del deporte internacional, al obtener la medalla de bronce junto a la Selecci\u00f3n Argentina femenina de b\u00e1squet 3&#215;3, en los 4\u00b0 Juegos Suramericanos de la Juventud, disputados en Panam\u00e1.<\/p>\n<p>La jugadora de 17 a\u00f1os fue una de las seis representantes neuquinas en la competencia. Inici\u00f3 su carrera a los 4 a\u00f1os en el Club P\u00e9rfora de Plaza Huincul y actualmente se desempe\u00f1a en el Club Bigu\u00e1 de la ciudad de Neuqu\u00e9n.\u00a0<em>\u201cTodav\u00eda no termino de caer por lo que conseguimos\u201d,<\/em>\u00a0expres\u00f3 Amparo tras su regreso, reflejando la emoci\u00f3n por el logro alcanzado.<\/p>\n<p>El equipo argentino tuvo un s\u00f3lido recorrido: en la fase de grupos venci\u00f3 al local Panam\u00e1 por 11-7 y cay\u00f3 ante Brasil por 17-8. En cuartos de final super\u00f3 a Bolivia por 9-7 para meterse en semifinales, donde perdi\u00f3 frente a Chile \u2014que luego se consagr\u00f3 campe\u00f3n\u2014. En el partido por el tercer puesto, el conjunto nacional logr\u00f3 la revancha ante Brasil y se impuso por 16-11 para quedarse con el bronce.<\/p>\n<p><em>\u201cHabernos podido tomar revancha de la derrota en la fase de grupos con Brasil fue muy lindo\u201d,\u00a0<\/em>destac\u00f3 la neuquina, quien adem\u00e1s resumi\u00f3 la experiencia:\u00a0<em>\u201cTodo lo que vivimos fue una locura, una emoci\u00f3n muy grande y un sue\u00f1o cumplido\u201d<\/em>.<\/p>\n<p>En su historia personal, el logro adquiere a\u00fan mayor dimensi\u00f3n:<em>\u00a0\u201cYa estar en el podio es un mont\u00f3n. Hace dos a\u00f1os me estaba operando de escoliosis y no sab\u00eda si iba a poder volver a jugar al b\u00e1squet como lo hac\u00eda antes. As\u00ed que vivir todo esto para m\u00ed es incre\u00edble\u201d,\u00a0<\/em>cont\u00f3.<\/p>\n<p>Adem\u00e1s del b\u00e1squet, Neuqu\u00e9n tuvo destacadas actuaciones en otras disciplinas. En b\u00e1dminton, la dupla conformada por\u00a0<strong>M\u00e1ximo Rettig<\/strong>\u00a0y<strong>\u00a0Francesco Cappi<\/strong>\u00a0alcanz\u00f3 los cuartos de final en dobles, instancia a la que tambi\u00e9n lleg\u00f3 Rettig en la modalidad individual.<\/p>\n<p>Ambos integran el programa provincial de Asistencia al Mediano y Alto Rendimiento Deportivo, una pol\u00edtica de acompa\u00f1amiento a deportistas destacados que tambi\u00e9n fue valorada por los protagonistas.\u00a0<em>\u201cEstos apoyos nos ayudan para solventar los viajes para competir en los torneos internacionales\u201d,\u00a0<\/em>se\u00f1al\u00f3 Rettig.<\/p>\n<p><em>\u201cEs que cuando participas en cert\u00e1menes como fueron los Juegos Suramericanos te das cuenta cu\u00e1nto vale tener roce internacional ya que te permite manejar los nervios, la t\u00e9cnica, el juego f\u00edsico y mental que se necesita dentro de la cancha\u201d<\/em>, agreg\u00f3.<\/p>\n<p>En la misma l\u00ednea, remarc\u00f3:\u00a0<em>\u201cContar con este tipo de apoyo te da ganas de seguir porque son las cosas que uno necesita siempre. El acompa\u00f1amiento que los deportistas recibimos motiva para mejorar f\u00edsica y mentalmente porque de esa manera sentimos que al final el esfuerzo vale la pena\u201d.<\/em><\/p>\n<p>Por su parte,\u00a0<strong>Francesco Cappi<\/strong>, oriundo de Villa La Angostura, sostuvo:<em>\u00a0\u201cEs un aporte necesario y muy importante para todos los que tenemos que salir a competir\u201d.<\/em><\/p>\n<p>En taekwondo, tambi\u00e9n hubo presencia neuquina con los representantes de Plottier,\u00a0<strong>Santiago Corso,<\/strong>\u00a0en la modalidad poomsae, y\u00a0<strong>Adriano Mazzanti\u00a0<\/strong>en la categor\u00eda hasta 63 kilogramos. Ambos lograron posicionarse entre los ocho mejores de sus respectivas categor\u00edas.<\/p>\n<p><em>\u201cQue se nos reconozca este sacrificio es un aporte importante en lo emocional y tal vez un incentivo para los chicos que quieren hacer un poco m\u00e1s para llegar al alto rendimiento\u201d,\u00a0<\/em>expres\u00f3 Mazzanti.<\/p>\n<p>Por su parte, Santiago Corso se refiri\u00f3 al aporte de las becas deportivas destacando que\u00a0<em>\u201ceste apoyo nos va a servir mucho. En mi caso porque los taekwondistas tenemos que ir todos los meses a las concentraciones que realizamos en Buenos Aires\u201d.<\/em><\/p>\n<p>La participaci\u00f3n neuquina se complet\u00f3 con la ciclista\u00a0<strong>Marianella Salom\u00f3n<\/strong>, quien finaliz\u00f3 en el puesto 11\u00b0 tanto en la prueba contrarreloj como en la de pelot\u00f3n. A pesar de sufrir una ca\u00edda, logr\u00f3 completar la competencia, demostrando un gran esp\u00edritu deportivo.\u00a0Antes de viajar, la deportista recibi\u00f3 una bicicleta de alta competencia por parte del Ministerio de Juventud, Deportes y Cultura, en el marco del acompa\u00f1amiento a atletas provinciales.<\/p>\n<p><em>\u201cEstoy feliz por haber corrido estos Juegos Suramericanos que fue una competencia de otro nivel con un gran nivel de organizaci\u00f3n. Siempre es un orgullo correr para la Selecci\u00f3n Argentina. En mi caso tanto en pat\u00edn como ahora en ciclismo, es un orgullo tratar de dejar todo por el pa\u00eds\u201d,<\/em>\u00a0concluy\u00f3.<\/p>\n<p><strong>Acompa\u00f1amiento a deportistas de alto y mediano rendimiento<\/strong><\/p>\n<p>El gobernador\u00a0<strong>Rolando Figueroa<\/strong>\u00a0entreg\u00f3 este lunes becas a deportistas neuquinos y destac\u00f3 que los programas de Asistencia al Mediano y Alto Rendimiento Deportivo y de becas educativas Gregorio \u00c1lvarez deben transformarse en <em>\u201cpol\u00edticas de Estado\u201d<\/em> que trasciendan <em>\u201clas gestiones y los per\u00edodos pol\u00edticos\u201d.<\/em><\/p>\n<p>En tanto que, la ministra de Juventud, Deportes y Cultura,\u00a0<strong>Josefina Codermatz<\/strong>\u00a0sostuvo que\u00a0\u201c<em>el deporte en Neuqu\u00e9n no es solo competir, tambi\u00e9n son valores, disciplina, constancia y esfuerzo\u201d, y consider\u00f3 que \u201cmuchas veces el talento no es lo \u00fanico que deben tener para poder competir y representarnos a nivel nacional e internacional, sino que se necesita un acompa\u00f1amiento t\u00e9cnico, de sus familias, y una decisi\u00f3n de gobierno clara, que es acompa\u00f1ar a los deportistas\u201d.<\/em><\/p>\n<\/p><\/div>\n<p><script type=\"5a2496e92eb8baaeb6a3c927-text\/javascript\">\n    window.addEventListener('load', () => {\n        if (typeof FB !== 'undefined' && FB.init) {\n            \/\/ La SDK de Facebook est\u00e1 inicializada\n        } else {\n            \/\/ La SDK de Facebook no est\u00e1 inicializada\n            var script = document.createElement('script');\n            script.async = true;\n            script.defer = true;\n            script.crossOrigin = 'anonymous';\n            script.src=\"https:\/\/connect.facebook.net\/es_LA\/sdk.js#xfbml=1&version=v17.0&appId=868452105110858&autoLogAppEvents=1\";\n            script.nonce=\"eBgX2sTe\";\n            document.head.appendChild(script);\n        }\n        \/* FIX YOUTUBE (fix width) *\/\n        var youtubeIframes = document.querySelectorAll('iframe[src*=\"youtube.com\/embed\"]');\n        youtubeIframes.forEach(function(iframe) {\n            var containerWidth = iframe.parentElement.clientWidth || iframe.parentElement.offsetWidth;\n            if(containerWidth && iframe.width > containerWidth){\n                iframe.width = containerWidth;\n                iframe.height = (containerWidth \/ 16) * 9; \/\/ Assuming a 16:9 aspect ratio\n            }\n        });\n    });\n<\/script><\/p>\n","protected":false},"excerpt":{"rendered":"<p>La neuquina Amparo Ar\u00e9valo integr\u00f3 la selecci\u00f3n argentina de b\u00e1squet 3&#215;3 que obtuvo la medalla de bronce. Tambi\u00e9n se destacaron M\u00e1ximo Rettig y Francesco Cappi en b\u00e1dminton; Santiago Corso y Adriano Mazzanti en taekwondo y Marianella Salom\u00f3n en ciclismo. La neuquina\u00a0Amparo Ar\u00e9valo\u00a0volvi\u00f3 a poner a la provincia en lo m\u00e1s alto del deporte internacional, al [&hellip;]<\/p>\n","protected":false},"author":1,"featured_media":15458,"comment_status":"","ping_status":"","sticky":false,"template":"","format":"standard","meta":{"_monsterinsights_skip_tracking":false,"_monsterinsights_sitenote_active":false,"_monsterinsights_sitenote_note":"","_monsterinsights_sitenote_category":0,"footnotes":""},"categories":[4],"tags":[2123,2450,16,23,2370,2683],"class_list":["post-15457","post","type-post","status-publish","format-standard","has-post-thumbnail","hentry","category-regionales","tag-juegos","tag-juventud","tag-los","tag-neuquino","tag-podio","tag-suramericanos"],"aioseo_notices":[],"amp_enabled":true,"_links":{"self":[{"href":"https:\/\/noticiasdeangostura.com.ar\/index.php?rest_route=\/wp\/v2\/posts\/15457","targetHints":{"allow":["GET"]}}],"collection":[{"href":"https:\/\/noticiasdeangostura.com.ar\/index.php?rest_route=\/wp\/v2\/posts"}],"about":[{"href":"https:\/\/noticiasdeangostura.com.ar\/index.php?rest_route=\/wp\/v2\/types\/post"}],"author":[{"embeddable":true,"href":"https:\/\/noticiasdeangostura.com.ar\/index.php?rest_route=\/wp\/v2\/users\/1"}],"replies":[{"embeddable":true,"href":"https:\/\/noticiasdeangostura.com.ar\/index.php?rest_route=%2Fwp%2Fv2%2Fcomments&post=15457"}],"version-history":[{"count":0,"href":"https:\/\/noticiasdeangostura.com.ar\/index.php?rest_route=\/wp\/v2\/posts\/15457\/revisions"}],"wp:featuredmedia":[{"embeddable":true,"href":"https:\/\/noticiasdeangostura.com.ar\/index.php?rest_route=\/wp\/v2\/media\/15458"}],"wp:attachment":[{"href":"https:\/\/noticiasdeangostura.com.ar\/index.php?rest_route=%2Fwp%2Fv2%2Fmedia&parent=15457"}],"wp:term":[{"taxonomy":"category","embeddable":true,"href":"https:\/\/noticiasdeangostura.com.ar\/index.php?rest_route=%2Fwp%2Fv2%2Fcategories&post=15457"},{"taxonomy":"post_tag","embeddable":true,"href":"https:\/\/noticiasdeangostura.com.ar\/index.php?rest_route=%2Fwp%2Fv2%2Ftags&post=15457"}],"curies":[{"name":"wp","href":"https:\/\/api.w.org\/{rel}","templated":true}]}}